{"id":192260,"date":"2025-12-17T16:51:12","date_gmt":"2025-12-17T16:51:12","guid":{"rendered":"https:\/\/www.europesays.com\/pt\/192260\/"},"modified":"2025-12-17T16:51:12","modified_gmt":"2025-12-17T16:51:12","slug":"esta-familia-e-espantosa-vizinhos-chocados-com-assassinato-do-fisico-nuno-loureiro-a-porta-de-casa","status":"publish","type":"post","link":"https:\/\/www.europesays.com\/pt\/192260\/","title":{"rendered":"&#8220;Esta fam\u00edlia \u00e9 espantosa&#8221;. Vizinhos chocados com assassinato do f\u00edsico Nuno Loureiro \u00e0 porta de casa"},"content":{"rendered":"<p>\t                Portugu\u00eas foi morto a tiro na sua resid\u00eancia em Brookline, nos arredores de Boston<\/p>\n<p data-end=\"413\" data-start=\"69\">A <a href=\"https:\/\/cnnportugal.iol.pt\/fisico-portugues\/morte\/foi-baleado-varias-vezes-em-casa-fisico-portugues-morto-a-tiro-em-boston-ele-era-brilhante\/20251216\/6941a064d34e3caad84c7552\" target=\"_blank\" rel=\"nofollow noopener\">morte violenta de Nuno Loureiro<\/a>, f\u00edsico portugu\u00eas e diretor de um laborat\u00f3rio no Instituto de Tecnologia de Massachusetts (MIT), est\u00e1 a causar choque numa zona residencial habitualmente tranquila, nos arredores de Boston, Estados Unidos.<\/p>\n<p data-end=\"413\" data-start=\"69\">Em declara\u00e7\u00f5es \u00e0 imprensa norte-americana, vizinhos relatam ter ouvido v\u00e1rios disparos na noite de segunda-feira, mas nunca pensaram tratar-se de um homic\u00eddio.<\/p>\n<p data-end=\"413\" data-start=\"69\">A vizinha de cima da fam\u00edlia Loureiro contou ao <a href=\"https:\/\/www.bostonglobe.com\/2025\/12\/16\/metro\/brookline-shooting-gibbs-street\/\" target=\"_blank\" rel=\"nofollow noopener\">Boston Globe<\/a> que estava a acender uma vela na menorah quando ouviu v\u00e1rios tiros. Assim que abriu a porta, viu Nuno Loureiro ca\u00eddo na entrada do pr\u00e9dio e ligou imediatamente para o 911 (equivalente ao 112 portugu\u00eas).<\/p>\n<p data-end=\"413\" data-start=\"69\">&#8220;Agora n\u00e3o consigo dormir.\u00a0Esta fam\u00edlia \u00e9 espantosa. N\u00e3o consigo imaginar algu\u00e9m que o quisesse matar. Devo ter medo agora?&#8221;, perguntou Louise Cohen, acrescentando que a fam\u00edlia a ajudava a levar as compras pelas escadas uma vez que j\u00e1 usa bengala.<\/p>\n<p data-end=\"413\" data-start=\"69\">J\u00e1 uma aluna da Universidade de Boston, que vive perto do pr\u00e9dio do portugu\u00eas, contou que ouviu os tiros cerca das 20:30 quando estava na resid\u00eancia.<\/p>\n<p>\u201cNunca tinha ouvido nada t\u00e3o alto, por isso pensei que fossem tiros. O que \u00e9 que se est\u00e1 a passar no mundo?&#8221;, disse Liv Schachner, de 22 anos.<\/p>\n<p data-end=\"413\" data-start=\"69\">Os moradores descrevem um clima de consterna\u00e7\u00e3o e medo, sublinhando que se trata de uma comunidade pacata onde crimes violentos s\u00e3o raros. V\u00e1rios vizinhos recordam Nuno Loureiro como uma pessoa af\u00e1vel, muito pr\u00f3xima da comunidade.<\/p>\n<p data-end=\"413\" data-start=\"69\">\u201cPrimeiro pensei que fosse algu\u00e9m no nosso apartamento a pontapear uma porta ou algo do g\u00e9nero, por isso telefonei aos vizinhos e eles disseram que n\u00e3o, que pensavam que eram tiros\u201d, descreveu um vizinho que n\u00e3o quis ser identificado <a href=\"https:\/\/www.cbsnews.com\/boston\/news\/nuno-loureiro-brookline-shooting\/?intcid=CNM-00-10abd1h\" target=\"_blank\" rel=\"nofollow noopener\">\u00e0 CBS News<\/a>.<\/p>\n<p data-end=\"413\" data-start=\"69\">Anne Greenwald, outra vizinha de Nuno Loureiro e que vive no bairro h\u00e1 40 anos, contou ao mesmo jornal que quer ela quer o marido ouviram barulhos que pareciam tiros e lamentou a morte do portugu\u00eas.<\/p>\n<p data-end=\"413\" data-start=\"69\">\u201cEle tinha uma fam\u00edlia jovem, que andava na escola aqui. \u00c9 horr\u00edvel, muito assustador&#8221;, lamentou.<\/p>\n<p>A morte do professor portugu\u00eas causou forte impacto no MIT. Em maio do ano passado, Nuno Loureiro tinha sido nomeado diretor do Centro de Ci\u00eancia de Plasma e Fus\u00e3o da institui\u00e7\u00e3o, descrito no site oficial como \u201cum dos maiores laborat\u00f3rios do MIT\u201d, com mais de 250 investigadores, estudantes e funcion\u00e1rios a tempo inteiro distribu\u00eddos por sete edif\u00edcios.<\/p>\n<p>De acordo com informa\u00e7\u00e3o publicada pela pr\u00f3pria institui\u00e7\u00e3o, o antigo aluno do Instituto Superior T\u00e9cnico (IST) era reconhecido pelas suas investiga\u00e7\u00f5es sobre o funcionamento do plasma, \u201cparticularmente a turbul\u00eancia e a f\u00edsica que sustenta as erup\u00e7\u00f5es solares e outros fen\u00f3menos astron\u00f3micos\u201d. Dedicava-se tamb\u00e9m ao estudo da forma de aproveitar a energia de fus\u00e3o limpa como resposta \u00e0s altera\u00e7\u00f5es clim\u00e1ticas.<\/p>\n<p>Ligado \u00e0 prestigiada universidade de Cambridge desde 2016, o portugu\u00eas tinha expressado publicamente a admira\u00e7\u00e3o pelo MIT numa entrevista concedida em 2017. \u201cProfissionalmente, estou completamente impressionado com o que \u00e9 o MIT\u201d, afirmou na altura. \u201cN\u00f3s lemos sobre o MIT e conversamos com as pessoas sobre o MIT, mas antes de viv\u00ea-lo n\u00e3o se entende completamente o tipo de lugar que \u00e9.\u201d<\/p>\n<p>Num comunicado enviado \u00e0 imprensa, um porta-voz do MIT manifestou pesar pela morte do docente. \u201cOs nossos mais profundos sentimentos est\u00e3o com a sua fam\u00edlia, alunos, colegas e todos aqueles que est\u00e3o de luto\u201d, referiu, acrescentando que est\u00e3o a ser promovidas a\u00e7\u00f5es e conversas internas para apoiar a comunidade acad\u00e9mica afetada pela perda.<\/p>\n<p>Segundo a\u00a0<a href=\"https:\/\/www.cbsnews.com\/boston\/news\/nuno-loureiro-brookline-shooting\/\" target=\"_blank\" rel=\"nofollow noopener\">CBS News,<\/a>\u00a0as circunst\u00e2ncias da morte do professor portugu\u00eas continuam por esclarecer, enquanto a investiga\u00e7\u00e3o prossegue nos Estados Unidos.<\/p>\n","protected":false},"excerpt":{"rendered":"Portugu\u00eas foi morto a tiro na sua resid\u00eancia em Brookline, nos arredores de Boston A morte violenta de&hellip;\n","protected":false},"author":2,"featured_media":191728,"comment_status":"","ping_status":"","sticky":false,"template":"","format":"standard","meta":{"footnotes":""},"categories":[8],"tags":[609,611,27,28,607,608,604,610,539,15,16,1687,14,603,25,26,570,21,22,606,5884,3019,12,13,19,20,38572,602,32,23,24,33,58,605,17,18,29,30,31],"class_list":{"0":"post-192260","1":"post","2":"type-post","3":"status-publish","4":"format-standard","5":"has-post-thumbnail","7":"category-principais-noticias","8":"tag-alerta","9":"tag-ao-minuto","10":"tag-breaking-news","11":"tag-breakingnews","12":"tag-cnn","13":"tag-cnn-portugal","14":"tag-crime","15":"tag-direto","16":"tag-educacao","17":"tag-featured-news","18":"tag-featurednews","19":"tag-fisico","20":"tag-headlines","21":"tag-justica","22":"tag-latest-news","23":"tag-latestnews","24":"tag-live","25":"tag-main-news","26":"tag-mainnews","27":"tag-meteorologia","28":"tag-mit","29":"tag-mortos","30":"tag-news","31":"tag-noticias","32":"tag-noticias-principais","33":"tag-noticiasprincipais","34":"tag-nuno-loureiro","35":"tag-pais","36":"tag-portugal","37":"tag-principais-noticias","38":"tag-principaisnoticias","39":"tag-pt","40":"tag-sociedade","41":"tag-tempo","42":"tag-top-stories","43":"tag-topstories","44":"tag-ultimas","45":"tag-ultimas-noticias","46":"tag-ultimasnoticias"},"share_on_mastodon":{"url":"","error":"Validation failed: Text character limit of 500 exceeded"},"_links":{"self":[{"href":"https:\/\/www.europesays.com\/pt\/wp-json\/wp\/v2\/posts\/192260","targetHints":{"allow":["GET"]}}],"collection":[{"href":"https:\/\/www.europesays.com\/pt\/wp-json\/wp\/v2\/posts"}],"about":[{"href":"https:\/\/www.europesays.com\/pt\/wp-json\/wp\/v2\/types\/post"}],"author":[{"embeddable":true,"href":"https:\/\/www.europesays.com\/pt\/wp-json\/wp\/v2\/users\/2"}],"replies":[{"embeddable":true,"href":"https:\/\/www.europesays.com\/pt\/wp-json\/wp\/v2\/comments?post=192260"}],"version-history":[{"count":0,"href":"https:\/\/www.europesays.com\/pt\/wp-json\/wp\/v2\/posts\/192260\/revisions"}],"wp:featuredmedia":[{"embeddable":true,"href":"https:\/\/www.europesays.com\/pt\/wp-json\/wp\/v2\/media\/191728"}],"wp:attachment":[{"href":"https:\/\/www.europesays.com\/pt\/wp-json\/wp\/v2\/media?parent=192260"}],"wp:term":[{"taxonomy":"category","embeddable":true,"href":"https:\/\/www.europesays.com\/pt\/wp-json\/wp\/v2\/categories?post=192260"},{"taxonomy":"post_tag","embeddable":true,"href":"https:\/\/www.europesays.com\/pt\/wp-json\/wp\/v2\/tags?post=192260"}],"curies":[{"name":"wp","href":"https:\/\/api.w.org\/{rel}","templated":true}]}}