{"id":192270,"date":"2025-12-17T17:02:10","date_gmt":"2025-12-17T17:02:10","guid":{"rendered":"https:\/\/www.europesays.com\/pt\/192270\/"},"modified":"2025-12-17T17:02:10","modified_gmt":"2025-12-17T17:02:10","slug":"duque-de-marlborough-acusado-de-estrangulamento-observador","status":"publish","type":"post","link":"https:\/\/www.europesays.com\/pt\/192270\/","title":{"rendered":"Duque de Marlborough acusado de estrangulamento \u2013 Observador"},"content":{"rendered":"<p>S\u00e3o v\u00e1rios os tratamentos poss\u00edveis para o aristocrata que acaba de ser acusado de estrangulamento intencional, <a href=\"https:\/\/www.telegraph.co.uk\/news\/2025\/12\/17\/duke-of-marlborough-charged-with-intentional-strangulation\/\" rel=\"nofollow noopener\" target=\"_blank\">avan\u00e7a o The\u00a0Telegraph<\/a>, e que foi convocado para comparecer no tribunal dos magistrados de Oxford na quinta-feira, ap\u00f3s a sua deten\u00e7\u00e3o em 13 de maio do ano passado.\u00a0Charles James Spencer-Churchill, Jamie Blandford,\u00a0Jamie Marlborough ou 12.\u00ba duque de\u00a0Marlborough.<\/p>\n<p>Nascido em 24 de novembro de 1955, \u00e9 o filho mais velho vivo do 11.\u00ba Duque de Marlborough e da sua primeira mulher, Susan Mary Hornby. Na qualidade de membro da fam\u00edlia Spencer, tem um v\u00ednculo com o antigo\u00a0Primeiro-Ministro Sir Winston Churchill (seu primo em terceiro grau) e com Diana, Princesa de Gales. Charles descende tamb\u00e9m da\u00a0proeminente fam\u00edlia americana Vanderbilt \u2014 a sua bisav\u00f3 era\u00a0Consuelo Vanderbilt, cuja hist\u00f3ria \u00e9 descrita na s\u00e9rie \u201cGilded Age\u201d,quando a socialite se tornou exemplo dos vantajosos casamentos sem amor, unindo-se ent\u00e3o ao 9.\u00ba\u00a0Duque de Marlborough. Aos 70 anos, Spencer-Churchill\u00a0 enfrente tr\u00eas acusa\u00e7\u00f5es de\u00a0estrangulamento intencional n\u00e3o fatal que ter\u00e3o ocorrido em\u00a0Woodstock, Oxfordshire, contra a mesma pessoa. Os casos, segundo a pol\u00edcia de Thames Valley, citada por aquele jornal brit\u00e2nico, registaram-se entre novembro de 2022 e maio de 2024.<\/p>\n<p>Com um passado de adi\u00e7\u00f5es, conhecido pela juventude de playboy, deteve o t\u00edtulo de Marqu\u00eas\u00a0de Blandford at\u00e9 herdar o atual t\u00edtulo.\u00a0Em 1994, o pai (que morreria 10 anos depois) interp\u00f4s uma a\u00e7\u00e3o judicial para garantir que o filho ficaria impedido de assumir controlo da propriedade que est\u00e1 no cora\u00e7\u00e3o da hist\u00f3ria familiar. Ber\u00e7o de Winston Churchill, em Woodstock, o\u00a0<strong>Pal\u00e1cio Blenheim<\/strong>\u00a0\u00e9 a antiga morada do cl\u00e3, somando 300 anos de hist\u00f3ria. Contudo, desde o s\u00e9culo XVIII que a fam\u00edlia n\u00e3o tem papel na gest\u00e3o da resid\u00eancia e propriedade, entregues \u00e0\u00a0Blenheim Palace Heritage Foundation.\u00a0\u201cA Funda\u00e7\u00e3o do Patrim\u00f3nio do Pal\u00e1cio de Blenheim est\u00e1 ciente de que foram instaurados processos judiciais contra o Duque de Marlborough\u201d, comentou um porta-voz da funda\u00e7\u00e3o.\u00a0\u201cA funda\u00e7\u00e3o rejeita comentar as acusa\u00e7\u00f5es, que se referem \u00e0 conduta pessoal do duque e \u00e0 vida privada, e que est\u00e3o sujeitas a processos criminais em curso. A funda\u00e7\u00e3o n\u00e3o pertence ou \u00e9 gerida pelo Duque de Marlborough, mas por entidades independentes geridas por conselhos de administra\u00e7\u00e3o.\u201d<\/p>\n<p>Oriundo de uma das fam\u00edlias aristocr\u00e1ticas mais conhecidas em solo brit\u00e2nico, o cadastro de\u00a0Jamie vai al\u00e9m do caso mais recente, o que lhe valeu um t\u00edtulo para juntar aos restantes: o de \u201covelha negra\u201d.\u00a0Em 1995, passou um m\u00eas na pris\u00e3o por falsificar receitas. Em setembro de 2007, foi condenado a seis meses de pris\u00e3o por duas acusa\u00e7\u00f5es de condu\u00e7\u00e3o perigosa e uma de dano criminoso ap\u00f3s um ataque de \u201craiva na estrada\u201d no carro de outro motorista. Foi ainda proibido de conduzir durante tr\u00eas anos e meio.\u00a0Em junho de 2009, apareceu no document\u00e1rio da BBC\u00a0\u201cFamous, Rich and Homeless\u201d, no qual famosos eram filmados a passar tr\u00eas noites ao ar livre com nada para dormir al\u00e9m de um saco cama. Spencer-Churchill chegou a confessar que na primeira noite ele dormiu no estacionamento de um hotel cinco estrelas.\u00a0Em 2013, foi acusado por um taxista sikh de atacar o motorista com linguagem racista.<\/p>\n<p>Em 2021, sete anos depois de ter conseguido o ducado de Marlborough, lutou com sucesso para a elei\u00e7\u00e3o para o Woodstock Town Council.\u00a0Em 2022, Spencer-Churchill foi levado a tribunal pela Porsche Financial Services por \u201crecusar-se a pagar o saldo pendente de 64.472,70 libras sobre o modelo Cayenne E-hybrid Turbo S que comprou em julho de 2018.\u201d As \u00faltimas acusa\u00e7\u00f5es surgem em v\u00e9speras de ser presente a tribunal acusado de excesso de velocidade.<\/p>\n<p>O t\u00edtulo de Duque de Marlborough\u00a0\u00e9 uma distin\u00e7\u00e3o inglesa\u00a0criada pela rainha Ana em 1702 para John Churchill, o famoso l\u00edder militar, que lhe confiou ainda o Pal\u00e1cio de Blenheim, destino \u00fanico como monumento nacional e lar familiar.<\/p>\n","protected":false},"excerpt":{"rendered":"S\u00e3o v\u00e1rios os tratamentos poss\u00edveis para o aristocrata que acaba de ser acusado de estrangulamento intencional, avan\u00e7a o&hellip;\n","protected":false},"author":2,"featured_media":192271,"comment_status":"","ping_status":"","sticky":false,"template":"","format":"standard","meta":{"footnotes":""},"categories":[85],"tags":[6516,211,114,115,186,32,33],"class_list":{"0":"post-192270","1":"post","2":"type-post","3":"status-publish","4":"format-standard","5":"has-post-thumbnail","7":"category-entretenimento","8":"tag-casas-reais","9":"tag-celebridades","10":"tag-entertainment","11":"tag-entretenimento","12":"tag-lifestyle","13":"tag-portugal","14":"tag-pt"},"share_on_mastodon":{"url":"https:\/\/pubeurope.com\/@pt\/115735989184651732","error":""},"_links":{"self":[{"href":"https:\/\/www.europesays.com\/pt\/wp-json\/wp\/v2\/posts\/192270","targetHints":{"allow":["GET"]}}],"collection":[{"href":"https:\/\/www.europesays.com\/pt\/wp-json\/wp\/v2\/posts"}],"about":[{"href":"https:\/\/www.europesays.com\/pt\/wp-json\/wp\/v2\/types\/post"}],"author":[{"embeddable":true,"href":"https:\/\/www.europesays.com\/pt\/wp-json\/wp\/v2\/users\/2"}],"replies":[{"embeddable":true,"href":"https:\/\/www.europesays.com\/pt\/wp-json\/wp\/v2\/comments?post=192270"}],"version-history":[{"count":0,"href":"https:\/\/www.europesays.com\/pt\/wp-json\/wp\/v2\/posts\/192270\/revisions"}],"wp:featuredmedia":[{"embeddable":true,"href":"https:\/\/www.europesays.com\/pt\/wp-json\/wp\/v2\/media\/192271"}],"wp:attachment":[{"href":"https:\/\/www.europesays.com\/pt\/wp-json\/wp\/v2\/media?parent=192270"}],"wp:term":[{"taxonomy":"category","embeddable":true,"href":"https:\/\/www.europesays.com\/pt\/wp-json\/wp\/v2\/categories?post=192270"},{"taxonomy":"post_tag","embeddable":true,"href":"https:\/\/www.europesays.com\/pt\/wp-json\/wp\/v2\/tags?post=192270"}],"curies":[{"name":"wp","href":"https:\/\/api.w.org\/{rel}","templated":true}]}}