{"id":192276,"date":"2025-12-17T17:11:13","date_gmt":"2025-12-17T17:11:13","guid":{"rendered":"https:\/\/www.europesays.com\/pt\/192276\/"},"modified":"2025-12-17T17:11:13","modified_gmt":"2025-12-17T17:11:13","slug":"lei-da-nacionalidade-portugal-passara-a-integrar-grupo-de-paises-mais-restritivos-da-europa-e-arrisca-ter-bebes-apatridas-diario-de-noticias","status":"publish","type":"post","link":"https:\/\/www.europesays.com\/pt\/192276\/","title":{"rendered":"Lei da Nacionalidade. Portugal passar\u00e1 a integrar grupo de pa\u00edses mais restritivos da Europa e arrisca ter beb\u00e9s ap\u00e1tridas &#8211; Di\u00e1rio de Not\u00edcias"},"content":{"rendered":"<ol>\n<li><a href=\"https:\/\/news.google.com\/rss\/articles\/CBMi3gFBVV95cUxOQWsydHJOcFM5N0JEa05lcnVuVm1CSEhENk80RkhoUm45dldNTEZXeUY4VGE5dFhvOHkzODRlaGIzNkxmd0JSWlFTclJfRW9PRk9McG51dnVyMTRPQzdvLTRCeDI4aXpZbWh4aXFCYXFiU3h0NzBfS3dRY1RqbzBCeHJsZTZfSFlvZDdQN3RSQjJBdDVxd0t2SVQ0dWVlZ2JPeEV5aHZjWnlBMGJhRWZTVTFIYmFDVWV6dzkyMUZzcVQxNVlFVlRaenotaUtIWUNVRWoyN2lrUjE3c2dTQVE?oc=5\" target=\"_blank\" rel=\"nofollow noopener\">Lei da Nacionalidade. Portugal passar\u00e1 a integrar grupo de pa\u00edses mais restritivos da Europa e arrisca ter beb\u00e9s ap\u00e1tridas<\/a>&nbsp;&nbsp;Di\u00e1rio de Not\u00edcias<\/li>\n<li><a href=\"https:\/\/news.google.com\/rss\/articles\/CBMiwAFBVV95cUxOdmh1UmQ3S05BWTZuZndEa0hJZ3dqYXNrc2lhSzEwN2FpLTB0a0FSSDBraUo0Ul9RNmNXb05pZjJQeG11SFd6N3RKWUFYbzRpWExfN3hTLUF4TXZhamJNUTA3VnZ4RWRyN0w2bzJSSmdKbDdmYWtUY01QMC1yZEd6R2JET0otamtPMUdFTHloTlJnNlNBd2NCVUQ0aWxsa0d0bjVyY0VPZ0FpME93ZmdyVHY1X1VfaWdxT0lPdFZ3cUk?oc=5\" target=\"_blank\" rel=\"nofollow noopener\">Justi\u00e7a de Portugal manda Parlamento rever lei de nacionalidade por desafio \u00e0 Constitui\u00e7\u00e3o<\/a>&nbsp;&nbsp;VEJA<\/li>\n<li><a href=\"https:\/\/news.google.com\/rss\/articles\/CBMisAFBVV95cUxQR1hlX1hxbXg1bGtzTDdIamlHY015Zl9jQTg0V01oQTU0VDBqWVB4RVNIT05qUDlzd08ycWMwWDU4LW5iRWZzN0pyODBpQ0lXRWZJV1Vjdm9pckh5OF9iRXlTR0hsa1NUU0RjUDVKZnlBU1FkcXZwY2h4Q1NCU1FOeWRLcndVQnB1NmY0dVA2M25oR25XNGZjcTladFVDV3NBaU5BTUtXR3FzeVNGUkwtTw?oc=5\" target=\"_blank\" rel=\"nofollow noopener\">Tribunal Constitucional de Portugal veta parte de lei anti-imigra\u00e7\u00e3o<\/a>&nbsp;&nbsp;Migalhas<\/li>\n<li><a href=\"https:\/\/news.google.com\/rss\/articles\/CBMi6AFBVV95cUxPVFhkdmd1bWFCTDBqZUtIUEQ4RDdLNXEzYTBrLWFPbTZxTk1zUVN2anJpbGk2Z1lHcjNWc3dsMGgySC1VRVVTYzFjMWZYSlloZS1qcEZ4d3lrMkI0aFAzOTdNWGRTcm80bmYtLUxlTmwyZ1poT3FEVzdBczBCbXktVjNLS3dOWVJBR0RzU2djU3FHdm1sLVdtMnRUaC1aakctUm00aWtjLUw3WGtaTDU0bkUyN2tDWnhMQ1BwTE5xNTNia3NlamZEVnBYSmxQZ0ZRcHJYRE50OXBuX0kwTEhYUlJMUVpCTnc30gH3AUFVX3lxTFBvaW40VEJyN19ibkgzZkE2TnlvVmYxdXFfdU9NU0ZtNkFfSHV2cWF1VjJWWTZnOXRyVWJLTkU0SjF1TXZTX3hxSDBLUFMzYXdaQkxXZ2VGdlVmVWFDc2lLdHplcmZyaUh4MG1NRVJXZzZIZ25oWDg4dHpPaXNEQVJEMkNkVzlKb2JqRVdERlBWcWpxRVBvTG9CRWtxeTVsTHBfT0hGTHVtaGhiaXlobVFIaTJNV1ZxU3ctZEtxSlFUMHJoWXBuSEpOSHl2cGpReTd1M1I1b0g1ZzFaS0ExTnU0VXpHMXhlNXpCTkJLNTRtTDZCVk5UZVU?oc=5\" target=\"_blank\" rel=\"nofollow noopener\">O que muda para os brasileiros ap\u00f3s vetos \u00e0 lei de cidadania portuguesa? Entenda<\/a>&nbsp;&nbsp;CBN<\/li>\n<li><a href=\"https:\/\/news.google.com\/rss\/articles\/CBMiugFBVV95cUxQanlZY1Nud0dxUUhRSGNVNGptZjVFVDNtSmVTUVlMTFJKZHNTSm95U28xTUUtc2R4Z0llaVlwMFN3eGVSY3JGRkZVRnQ5dFpxUmxFMVIzc21qeUt5eGNHM24tODdxenNNdWpXU1dQSjc2Y1lackd3RUVOZ0FqVDI5Sm5hcHk3enl5eGdCSzZoakhtT1FLc3NKeE40ZWs4UVdMQzRDY0Nqdzd1MUhBcF9mTV9NVGN6TTFDRGfSAb8BQVVfeXFMUGJ1cXJucl9IbzV1NVNTSVVjRnFqTjQxamxXWHNnYlFBdVptdXVBM2NFdkVxaGl4SENCbHNIeTJFMFZUZXVSU0dfVnRqaGU4OWpLQXp1UW5qMnZ4QktOY0xuNkNLeG5SbUlrWHIxLVE0dm9ySkZlOHpaMmtwQi1faVlmbWVVRWFHdFFlQjBHUU9PcENGa3h5YTZRTFNqUDdIU01LZTBRd2gyX2lOeTJPamd5X3ZrVUtGTi1VaGJKVTQ?oc=5\" target=\"_blank\" rel=\"nofollow noopener\">Justi\u00e7a de Portugal manda Parlamento reescrever lei de nacionalidade que afeta brasileiros<\/a>&nbsp;&nbsp;Folha de S.Paulo<\/li>\n<\/ol>\n","protected":false},"excerpt":{"rendered":"Lei da Nacionalidade. Portugal passar\u00e1 a integrar grupo de pa\u00edses mais restritivos da Europa e arrisca ter beb\u00e9s&hellip;\n","protected":false},"author":2,"featured_media":192277,"comment_status":"","ping_status":"","sticky":false,"template":"","format":"standard","meta":{"footnotes":""},"categories":[10],"tags":[27,28,838,306,15,16,38640,14,1865,25,26,1765,21,22,15581,12,13,19,20,32,23,24,33,17,18,298,29,30,31],"class_list":{"0":"post-192276","1":"post","2":"type-post","3":"status-publish","4":"format-standard","5":"has-post-thumbnail","7":"category-portugal","8":"tag-breaking-news","9":"tag-breakingnews","10":"tag-criancas","11":"tag-edicao-impressa","12":"tag-featured-news","13":"tag-featurednews","14":"tag-governo-ad","15":"tag-headlines","16":"tag-imigrantes","17":"tag-latest-news","18":"tag-latestnews","19":"tag-lei-da-nacionalidade","20":"tag-main-news","21":"tag-mainnews","22":"tag-nacionalidade-portuguesa","23":"tag-news","24":"tag-noticias","25":"tag-noticias-principais","26":"tag-noticiasprincipais","27":"tag-portugal","28":"tag-principais-noticias","29":"tag-principaisnoticias","30":"tag-pt","31":"tag-top-stories","32":"tag-topstories","33":"tag-tribunal-constitucional","34":"tag-ultimas","35":"tag-ultimas-noticias","36":"tag-ultimasnoticias"},"share_on_mastodon":{"url":"","error":"Validation failed: Text character limit of 500 exceeded"},"_links":{"self":[{"href":"https:\/\/www.europesays.com\/pt\/wp-json\/wp\/v2\/posts\/192276","targetHints":{"allow":["GET"]}}],"collection":[{"href":"https:\/\/www.europesays.com\/pt\/wp-json\/wp\/v2\/posts"}],"about":[{"href":"https:\/\/www.europesays.com\/pt\/wp-json\/wp\/v2\/types\/post"}],"author":[{"embeddable":true,"href":"https:\/\/www.europesays.com\/pt\/wp-json\/wp\/v2\/users\/2"}],"replies":[{"embeddable":true,"href":"https:\/\/www.europesays.com\/pt\/wp-json\/wp\/v2\/comments?post=192276"}],"version-history":[{"count":0,"href":"https:\/\/www.europesays.com\/pt\/wp-json\/wp\/v2\/posts\/192276\/revisions"}],"wp:featuredmedia":[{"embeddable":true,"href":"https:\/\/www.europesays.com\/pt\/wp-json\/wp\/v2\/media\/192277"}],"wp:attachment":[{"href":"https:\/\/www.europesays.com\/pt\/wp-json\/wp\/v2\/media?parent=192276"}],"wp:term":[{"taxonomy":"category","embeddable":true,"href":"https:\/\/www.europesays.com\/pt\/wp-json\/wp\/v2\/categories?post=192276"},{"taxonomy":"post_tag","embeddable":true,"href":"https:\/\/www.europesays.com\/pt\/wp-json\/wp\/v2\/tags?post=192276"}],"curies":[{"name":"wp","href":"https:\/\/api.w.org\/{rel}","templated":true}]}}