{"id":192278,"date":"2025-12-17T17:12:14","date_gmt":"2025-12-17T17:12:14","guid":{"rendered":"https:\/\/www.europesays.com\/pt\/192278\/"},"modified":"2025-12-17T17:12:14","modified_gmt":"2025-12-17T17:12:14","slug":"putin-promete-tomar-as-terras-historicas-russas-na-ucrania-guerra-na-ucrania","status":"publish","type":"post","link":"https:\/\/www.europesays.com\/pt\/192278\/","title":{"rendered":"Putin promete tomar as \u201cterras hist\u00f3ricas\u201d russas na Ucr\u00e2nia | Guerra na Ucr\u00e2nia"},"content":{"rendered":"<p>O Presidente russo, Vladimir Putin, acusou a Europa de \u201chisteria\u201d por considerar que a R\u00fassia se est\u00e1 a preparar para lan\u00e7ar uma guerra no continente. Se as <a href=\"https:\/\/www.publico.pt\/2025\/12\/17\/mundo\/noticia\/arte-negociar-trump-tarda-funcionar-ucrania-2158315\" target=\"_blank\" rel=\"nofollow noopener\">negocia\u00e7\u00f5es de paz<\/a> em curso falharem, Moscovo ir\u00e1 tomar os territ\u00f3rios que ambiciona \u00e0 for\u00e7a, garantiu.<\/p>\n<p>Numa reuni\u00e3o com respons\u00e1veis do Minist\u00e9rio da Defesa russo esta quarta-feira, Putin voltou a desqualificar os receios europeus de que Moscovo esteja a preparar um ataque contra membros da NATO nos pr\u00f3ximos anos. \u201cNo Ocidente, fala-se na prepara\u00e7\u00e3o para uma grande guerra, e o n\u00edvel de histeria est\u00e1 a aumentar\u201d, afirmou o Presidente russo, que garantiu serem \u201cmentira\u201d as acusa\u00e7\u00f5es feitas pelos europeus.<\/p>\n<p>Os avisos para a amea\u00e7a representada pela R\u00fassia t\u00eam sido refor\u00e7ados ao longo dos \u00faltimos tempos, sobretudo depois do in\u00edcio da invas\u00e3o da Ucr\u00e2nia, em 2022. O mais recente aconteceu na semana passada, quando o secret\u00e1rio-geral da NATO, <a href=\"https:\/\/www.publico.pt\/2025\/12\/11\/mundo\/noticia\/mark-rutte-proximo-alvo-russia-ja-perigo-putin-ditador-disposto-sacrificar-cidadaos-2157748\" target=\"_blank\" rel=\"nofollow noopener\">Mark Rutte<\/a>, avisou que a Europa ser\u00e1 \u201co pr\u00f3ximo alvo\u201d de Moscovo e que um conflito de escala mundial poder\u00e1 deflagrar durante os pr\u00f3ximos cinco anos.<\/p>\n<p>        &#13;<\/p>\n<p>&#13;<br \/>\n                &#13;\n            <\/p>\n<p>&#13;<\/p>\n<p>Recentemente, Putin tinha dito que a R\u00fassia n\u00e3o procura uma guerra com a NATO, mas disse que o pa\u00eds est\u00e1 preparado para essa eventualidade.<\/p>\n<p>Putin insistiu que o Kremlin est\u00e1 dispon\u00edvel para negociar a paz na Ucr\u00e2nia, e disse procurar \u201ccoopera\u00e7\u00e3o m\u00fatua com os EUA e com os Estados europeus\u201d.<\/p>\n<p>Mas voltou a garantir que Moscovo n\u00e3o ir\u00e1 desviar-se dos seus objectivos de guerra, mantendo a op\u00e7\u00e3o de continuar a via militar caso a negocia\u00e7\u00e3o em curso falhe. \u201cSe o lado opositor e os seus patrocinadores estrangeiros se recusarem a participar em discuss\u00f5es significativas, a R\u00fassia ir\u00e1 alcan\u00e7ar a liberta\u00e7\u00e3o das suas terras hist\u00f3ricas atrav\u00e9s de meios militares\u201d, declarou Putin, referindo-se \u00e0s quatro prov\u00edncias do Leste ucraniano (Donetsk, Lugansk, Kherson e Zapor\u00edjjia) anexadas no in\u00edcio da guerra. Apesar de as reivindicar, a R\u00fassia apenas controla totalmente Lugansk, al\u00e9m da Crimeia, ocupada desde 2014.<\/p>\n<p>\u201cA tarefa de cria\u00e7\u00e3o e expans\u00e3o de uma zona tamp\u00e3o de seguran\u00e7a ser\u00e1 tamb\u00e9m consistentemente executada\u201d, acrescentou o Presidente russo.<\/p>\n<p>Desde o in\u00edcio do ano que a Administra\u00e7\u00e3o de Donald Trump tem tentado mediar uma solu\u00e7\u00e3o diplom\u00e1tica que ponha fim \u00e0 guerra entre a R\u00fassia e a Ucr\u00e2nia. Esta semana, o Presidente ucraniano, Volodymyr Zelensky, esteve reunido com representantes norte-americanos e europeus em Berlim para elaborar uma <a href=\"https:\/\/www.publico.pt\/2025\/12\/15\/mundo\/noticia\/apesar-progressos-questao-territorial-continua-separar-ucrania-eua-2158197\" target=\"_blank\" rel=\"nofollow noopener\">nova proposta<\/a>, que contempla sobretudo as <a href=\"https:\/\/www.publico.pt\/2025\/12\/15\/mundo\/noticia\/lideres-europeus-propoem-forca-multinacional-defender-paz-ucrania-2158210\" target=\"_blank\" rel=\"nofollow noopener\">garantias de seguran\u00e7a<\/a> que Kiev considera fundamentais para vir a aceitar um acordo.<\/p>\n<p>No entanto, Moscovo tem mostrado oposi\u00e7\u00e3o a qualquer solu\u00e7\u00e3o que implique o envio de tropas ocidentais para a Ucr\u00e2nia, algo que est\u00e1 previsto ao abrigo da proposta divulgada esta semana.<\/p>\n<p>Washington tem pressionado Kiev e Moscovo para chegarem rapidamente a um acordo, mas n\u00e3o \u00e9 certo que isso possa acontecer.<\/p>\n<p>Caso a R\u00fassia volte a rejeitar uma proposta que ponha fim aos combates, os EUA pretendem avan\u00e7ar para a aplica\u00e7\u00e3o de mais san\u00e7\u00f5es econ\u00f3micas, de acordo com a ag\u00eancia Bloomberg, que cita fontes pr\u00f3ximas da Casa Branca.<\/p>\n<p>Entre as op\u00e7\u00f5es a serem consideradas est\u00e3o medidas contra a chamada \u201cfrota fantasma\u201d russa, usada para transportar ilegalmente petr\u00f3leo russo. Em Outubro, os EUA anunciaram <a href=\"https:\/\/www.publico.pt\/2025\/10\/23\/mundo\/noticia\/acabaramse-cenouras-trump-quer-mudancas-putin-2151937\" target=\"_blank\" rel=\"nofollow noopener\">san\u00e7\u00f5es<\/a> contra as duas maiores empresas petrol\u00edferas russas, como forma de pressionar o Kremlin para aceitar negociar um acordo de paz e para deixar de atacar as infra-estruturas energ\u00e9ticas ucranianas.<\/p>\n","protected":false},"excerpt":{"rendered":"O Presidente russo, Vladimir Putin, acusou a Europa de \u201chisteria\u201d por considerar que a R\u00fassia se est\u00e1 a&hellip;\n","protected":false},"author":2,"featured_media":192279,"comment_status":"","ping_status":"","sticky":false,"template":"","format":"standard","meta":{"footnotes":""},"categories":[8],"tags":[27,28,413,445,15,16,889,14,25,26,21,22,62,3400,12,13,19,20,542,32,23,24,33,839,17,18,840,29,30,31,2415],"class_list":{"0":"post-192278","1":"post","2":"type-post","3":"status-publish","4":"format-standard","5":"has-post-thumbnail","7":"category-principais-noticias","8":"tag-breaking-news","9":"tag-breakingnews","10":"tag-eua","11":"tag-europa","12":"tag-featured-news","13":"tag-featurednews","14":"tag-guerra-na-ucrania","15":"tag-headlines","16":"tag-latest-news","17":"tag-latestnews","18":"tag-main-news","19":"tag-mainnews","20":"tag-mundo","21":"tag-nato","22":"tag-news","23":"tag-noticias","24":"tag-noticias-principais","25":"tag-noticiasprincipais","26":"tag-para-redes","27":"tag-portugal","28":"tag-principais-noticias","29":"tag-principaisnoticias","30":"tag-pt","31":"tag-russia","32":"tag-top-stories","33":"tag-topstories","34":"tag-ucrania","35":"tag-ultimas","36":"tag-ultimas-noticias","37":"tag-ultimasnoticias","38":"tag-vladimir-putin"},"share_on_mastodon":{"url":"https:\/\/pubeurope.com\/@pt\/115736028866745776","error":""},"_links":{"self":[{"href":"https:\/\/www.europesays.com\/pt\/wp-json\/wp\/v2\/posts\/192278","targetHints":{"allow":["GET"]}}],"collection":[{"href":"https:\/\/www.europesays.com\/pt\/wp-json\/wp\/v2\/posts"}],"about":[{"href":"https:\/\/www.europesays.com\/pt\/wp-json\/wp\/v2\/types\/post"}],"author":[{"embeddable":true,"href":"https:\/\/www.europesays.com\/pt\/wp-json\/wp\/v2\/users\/2"}],"replies":[{"embeddable":true,"href":"https:\/\/www.europesays.com\/pt\/wp-json\/wp\/v2\/comments?post=192278"}],"version-history":[{"count":0,"href":"https:\/\/www.europesays.com\/pt\/wp-json\/wp\/v2\/posts\/192278\/revisions"}],"wp:featuredmedia":[{"embeddable":true,"href":"https:\/\/www.europesays.com\/pt\/wp-json\/wp\/v2\/media\/192279"}],"wp:attachment":[{"href":"https:\/\/www.europesays.com\/pt\/wp-json\/wp\/v2\/media?parent=192278"}],"wp:term":[{"taxonomy":"category","embeddable":true,"href":"https:\/\/www.europesays.com\/pt\/wp-json\/wp\/v2\/categories?post=192278"},{"taxonomy":"post_tag","embeddable":true,"href":"https:\/\/www.europesays.com\/pt\/wp-json\/wp\/v2\/tags?post=192278"}],"curies":[{"name":"wp","href":"https:\/\/api.w.org\/{rel}","templated":true}]}}