{"id":192297,"date":"2025-12-17T17:27:20","date_gmt":"2025-12-17T17:27:20","guid":{"rendered":"https:\/\/www.europesays.com\/pt\/192297\/"},"modified":"2025-12-17T17:27:20","modified_gmt":"2025-12-17T17:27:20","slug":"lei-da-nacionalidade-leitao-amaro-diz-que-tribunal-constitucional-validou-o-rumo-do-governo","status":"publish","type":"post","link":"https:\/\/www.europesays.com\/pt\/192297\/","title":{"rendered":"Lei da Nacionalidade. Leit\u00e3o Amaro diz que Tribunal Constitucional &#8220;validou o rumo&#8221; do Governo"},"content":{"rendered":"<p>                Em declara\u00e7\u00f5es na confer\u00eancia de imprensa no final do Conselho de Ministros, desta quarta-feira, Ant\u00f3nio Leit\u00e3o Amaro come\u00e7ou por afirmar que o Governo &#8220;n\u00e3o tem o mesmo entendimento&#8221; que o TC sobre a legalidade do diploma, mas, discordando, disse respeitar as decis\u00f5es dos ju\u00edzes do Pal\u00e1cio Ratton.<\/p>\n<p><b>&#8220;O rumo foi validado, o essencial das mudan\u00e7as foram validadas pelo Tribunal Constitucional&#8221;, considerou, referindo-se \u00e0 decis\u00e3o original de mudar a lei, alargar os prazos para aquisi\u00e7\u00e3o da nacionalidade portuguesa ou &#8220;tornar mais exigente a liga\u00e7\u00e3o \u00e0 comunidade nacional&#8221;.<\/b><\/p>\n<p>Para Leit\u00e3o Amaro, &#8220;se o Tribunal validou o essencial e contestou algumas partes&#8221;, o Governo ter\u00e1 de &#8220;trabalhar sobre essas partes&#8221;.<\/p>\n<p>&#8220;Fazendo o qu\u00ea? Exatamente a mesma coisa que fizemos com a Lei de Estrangeiros&#8221;, disse, referindo-se ao diploma tamb\u00e9m chumbado numa primeira vers\u00e3o pelo TC mas que foi, numa segunda fase, promulgada pelo presidente da Rep\u00fablica, considerando que acontecer\u00e1 o mesmo com a Lei da Nacionalidade.<br \/>&#13;<br \/>\n<b><br \/>&#13;<br \/>\n&#8220;Eu creio que vai acontecer \u00e0 Lei da Nacionalidade a mesma coisa que aconteceu \u00e0 Lei dos Estrangeiros, vai existir, e vai ser aprovada pelo parlamento, e vai ser promulgada pelo Presidente da Rep\u00fablica, e vai mudar a realidade portuguesa&#8221;, disse.<\/b><br \/>&#13;\n<\/p>\n<p>          <img decoding=\"async\" itemprop=\"image\" class=\"img-fluid\"   src=\"https:\/\/www.europesays.com\/pt\/wp-content\/uploads\/2025\/12\/1765992440_166_bg_playeraudio_2.jpg\"\/><\/p>\n<p>\nO ministro defendeu que &#8220;o mais importante&#8221; \u00e9 que estas medidas foram &#8220;validadas e desejadas pelos portugueses&#8221;, uma vez que constavam do programa eleitoral da coliga\u00e7\u00e3o AD.<\/p>\n<p>&#8220;Depois, foram aprovadas pelo Parlamento por proposta do Governo e ver\u00e3o a luz do dia, no que de n\u00f3s depende&#8221;, assegurou. Na segunda-feira, o Tribunal Constitucional anunciou a inconstitucionalidade de tr\u00eas das quatro normas da Lei da Nacionalidade, bem como de um decreto que cria a perda de nacionalidade como pena acess\u00f3ria no c\u00f3digo penal.<\/p>\n<p><b>Leit\u00e3o Amaro salienta que algumas das normas consideradas inconstitucionais n\u00e3o constavam da proposta inicial do Governo, mas foram criadas no Parlamento, &#8220;curiosamente uma delas at\u00e9 pelo PS&#8221;, partido que fez o pedido de fiscaliza\u00e7\u00e3o preventiva ao TC.<\/b><\/p>\n<p>Por sua vez, o ministro sublinha que, no ponto que mais separou no Parlamento os partidos que suportam o Governo e o PS, a possibilidade pretendida pelos socialistas de cria\u00e7\u00e3o de uma norma transit\u00f3ria &#8211; &#8220;de que podia contar o tempo ilegal para ter nacionalidade&#8221; -, foi aceite pelo TC a vis\u00e3o do executivo.<\/p>\n<p>&#13;<br \/>\nQuestionado se o Governo ser\u00e1 mais cauteloso na elabora\u00e7\u00e3o do diploma que muda as regras do retorno de imigrantes em situa\u00e7\u00e3o ilegal, Leit\u00e3o Amaro recordou que o texto est\u00e1 em consulta p\u00fablica e reunir\u00e1 na sexta-feira o Conselho Nacional de Migra\u00e7\u00f5es e Asilo para a discutir.&#13;\n<\/p>\n<p>&#13;<br \/>\nA Lei da Nacionalidade dever\u00e1 agora ser enviada para Bel\u00e9m, com indica\u00e7\u00e3o de inconstitucionalidade, com o presidente a reenvi\u00e1-la de novo para a Assembleia da Rep\u00fablica. <br \/>&#13;\n<\/p>\n<p>\nc\/Lusa<\/p>\n","protected":false},"excerpt":{"rendered":"Em declara\u00e7\u00f5es na confer\u00eancia de imprensa no final do Conselho de Ministros, desta quarta-feira, Ant\u00f3nio Leit\u00e3o Amaro come\u00e7ou&hellip;\n","protected":false},"author":2,"featured_media":192298,"comment_status":"","ping_status":"","sticky":false,"template":"","format":"standard","meta":{"footnotes":""},"categories":[8],"tags":[27,28,15,16,14,25,26,1765,21478,21,22,12,13,19,20,32,23,24,33,17,18,29,30,31],"class_list":{"0":"post-192297","1":"post","2":"type-post","3":"status-publish","4":"format-standard","5":"has-post-thumbnail","7":"category-principais-noticias","8":"tag-breaking-news","9":"tag-breakingnews","10":"tag-featured-news","11":"tag-featurednews","12":"tag-headlines","13":"tag-latest-news","14":"tag-latestnews","15":"tag-lei-da-nacionalidade","16":"tag-leitao-amaro","17":"tag-main-news","18":"tag-mainnews","19":"tag-news","20":"tag-noticias","21":"tag-noticias-principais","22":"tag-noticiasprincipais","23":"tag-portugal","24":"tag-principais-noticias","25":"tag-principaisnoticias","26":"tag-pt","27":"tag-top-stories","28":"tag-topstories","29":"tag-ultimas","30":"tag-ultimas-noticias","31":"tag-ultimasnoticias"},"share_on_mastodon":{"url":"https:\/\/pubeurope.com\/@pt\/115736087634218205","error":""},"_links":{"self":[{"href":"https:\/\/www.europesays.com\/pt\/wp-json\/wp\/v2\/posts\/192297","targetHints":{"allow":["GET"]}}],"collection":[{"href":"https:\/\/www.europesays.com\/pt\/wp-json\/wp\/v2\/posts"}],"about":[{"href":"https:\/\/www.europesays.com\/pt\/wp-json\/wp\/v2\/types\/post"}],"author":[{"embeddable":true,"href":"https:\/\/www.europesays.com\/pt\/wp-json\/wp\/v2\/users\/2"}],"replies":[{"embeddable":true,"href":"https:\/\/www.europesays.com\/pt\/wp-json\/wp\/v2\/comments?post=192297"}],"version-history":[{"count":0,"href":"https:\/\/www.europesays.com\/pt\/wp-json\/wp\/v2\/posts\/192297\/revisions"}],"wp:featuredmedia":[{"embeddable":true,"href":"https:\/\/www.europesays.com\/pt\/wp-json\/wp\/v2\/media\/192298"}],"wp:attachment":[{"href":"https:\/\/www.europesays.com\/pt\/wp-json\/wp\/v2\/media?parent=192297"}],"wp:term":[{"taxonomy":"category","embeddable":true,"href":"https:\/\/www.europesays.com\/pt\/wp-json\/wp\/v2\/categories?post=192297"},{"taxonomy":"post_tag","embeddable":true,"href":"https:\/\/www.europesays.com\/pt\/wp-json\/wp\/v2\/tags?post=192297"}],"curies":[{"name":"wp","href":"https:\/\/api.w.org\/{rel}","templated":true}]}}