{"id":192314,"date":"2025-12-17T17:42:10","date_gmt":"2025-12-17T17:42:10","guid":{"rendered":"https:\/\/www.europesays.com\/pt\/192314\/"},"modified":"2025-12-17T17:42:10","modified_gmt":"2025-12-17T17:42:10","slug":"ex-cuidador-do-pai-de-angelica-processa-a-apresentadora-e-pede-mais-de-r-190-mil-r7-entretenimento","status":"publish","type":"post","link":"https:\/\/www.europesays.com\/pt\/192314\/","title":{"rendered":"Ex-cuidador do pai de Ang\u00e9lica processa a apresentadora e pede mais de R$ 190 mil \u2013 R7 Entretenimento"},"content":{"rendered":"<p><img decoding=\"async\" data-chromatic=\"ignore\" alt=\"\" class=\"c-image\" loading=\"lazy\" src=\"https:\/\/www.europesays.com\/pt\/wp-content\/uploads\/2025\/12\/YUTPTJPAFZGG5FJSXZGCKUHOFQ.jpg\"  width=\"1920\" height=\"1080\"\/>Ang\u00e9lica est\u00e1 sendo processada pelo ex-cuidador do pai Reprodu\u00e7\u00e3o\/Instagram\/@angelicaksy <\/p>\n<p class=\"jarvics:base-text-neutral-high-400 base-text-[calc(theme(fontSize.xs)_*_var(--font-size,_1))] base-font-normal base-font-primary base-text-neutral-low-500 base-text-left\">Um ex-funcion\u00e1rio que cuidava do pai da apresentadora <a href=\"https:\/\/www.r7.com\/tudo-sobre\/angelica\/\" target=\"_blank\" rel=\"nofollow noopener\" title=\"https:\/\/www.r7.com\/tudo-sobre\/angelica\/\">Ang\u00e9lica<\/a> entrou com um processo contra ela, alegando que n\u00e3o tinha <a href=\"https:\/\/noticias.r7.com\/prisma\/conta-em-dia\/abono-salarial-2026-comecara-em-15-de-fevereiro-veja-calendario-aprovado-pelo-governo-16122025\/\" target=\"_blank\" rel=\"noreferrer nofollow noopener\" title=\"https:\/\/noticias.r7.com\/prisma\/conta-em-dia\/abono-salarial-2026-comecara-em-15-de-fevereiro-veja-calendario-aprovado-pelo-governo-16122025\/\">carteira assinada<\/a>, foi demitido por WhatsApp e n\u00e3o recebeu nenhum<b> <\/b><a href=\"https:\/\/noticias.r7.com\/prisma\/empreendendo-direito\/fim-da-escala-6x1-e-reducao-da-jornada-semanal-o-que-muda-para-o-trabalhador-11122025\/\" target=\"_blank\" rel=\"noreferrer nofollow noopener\" title=\"https:\/\/noticias.r7.com\/prisma\/empreendendo-direito\/fim-da-escala-6x1-e-reducao-da-jornada-semanal-o-que-muda-para-o-trabalhador-11122025\/\">direito trabalhista<\/a>. O pedido de indeniza\u00e7\u00e3o \u00e9 de mais de R$ 190 mil.<\/p>\n<p class=\"jarvics:base-text-neutral-high-400 base-text-[calc(theme(fontSize.xs)_*_var(--font-size,_1))] base-font-normal base-font-primary base-text-neutral-low-500 base-text-left\">O trabalhador atuou por 3 anos e 9 meses, cuidando do pai da apresentadora e ajudando tamb\u00e9m a m\u00e3e dela. Durante esse per\u00edodo, recebia sal\u00e1rio de R$ 6.600 e cumpria jornada 12&#215;36, das 8h \u00e0s 20h, inclusive em datas como <a href=\"https:\/\/www.r7.com\/tudo-sobre\/natal\/\" target=\"_blank\" rel=\"noreferrer nofollow noopener\" title=\"https:\/\/www.r7.com\/tudo-sobre\/natal\/\">Natal<\/a>, Ano Novo e outros feriados, sem ter a carteira assinada.<\/p>\n<p class=\"jarvics:base-text-neutral-high-400 base-text-[calc(theme(fontSize.xs)_*_var(--font-size,_1))] base-font-normal base-font-primary base-text-neutral-low-500 base-text-left\">Um detalhe importante do processo: o juiz negou o pedido de audi\u00eancia online e determinou que o caso deixe de tramitar 100% digital. Assim, Ang\u00e9lica e o ex-funcion\u00e1rio ter\u00e3o que se encontrar pessoalmente no tribunal no come\u00e7o do ano.<\/p>\n<p class=\"jarvics:base-text-neutral-high-400 base-text-[calc(theme(fontSize.xs)_*_var(--font-size,_1))] base-font-normal base-font-primary base-text-neutral-low-500 base-text-left\">A not\u00edcia foi divulgada na coluna de Daniel Nascimento.<\/p>\n<p class=\"jarvics:base-text-neutral-high-400 base-text-[calc(theme(fontSize.xs)_*_var(--font-size,_1))] base-font-normal base-font-primary base-text-neutral-low-500 base-text-left\">Xiii&#8230; <\/p>\n<p><video controls=\"\" class=\"video-js\" preload=\"metadata\" poster=\"https:\/\/d22yf0mxeu0gma.cloudfront.net\/12-12-2025\/t_08924790317d404ca8698678241e4410_name_Angelica_Revela.jpg\" title=\"Ang&#xE9;lica diz que cria os filhos &#x2018;&#xE0; moda antiga&#x2019; e imp&#xF5;e limite para uso do celular\" data-sprite-url=\"\" data-metadata=\"{&quot;title&quot;:&quot;Ang&#xE9;lica diz que cria os filhos &#x2018;&#xE0; moda antiga&#x2019; e imp&#xF5;e limite para uso do celular&quot;,&quot;sectionName&quot;:&quot;R7&quot;,&quot;mainSection&quot;:&quot;Fab&#xED;ola Reipert&quot;,&quot;subSection&quot;:&quot;&quot;,&quot;views&quot;:&quot;&quot;,&quot;disableAdv&quot;:&quot;false&quot;,&quot;createdDate&quot;:&quot;2025-12-12T20:41:27Z&quot;,&quot;mainSectionUrl&quot;:&quot;https:\/\/entretenimento.r7.com\/prisma\/fabiola-reipert\/video\/angelica-diz-que-cria-os-filhos-a-moda-antiga-e-impoe-limite-para-uso-do-celular-12122025\/&quot;,&quot;sectionPath&quot;:&quot;https:\/\/entretenimento.r7.com\/prisma\/fabiola-reipert&quot;,&quot;ageRating&quot;:&quot;&quot;,&quot;ageRatingDescription&quot;:&quot;&quot;,&quot;duration&quot;:91904,&quot;playerUrl&quot;:&quot;https:\/\/entretenimento.r7.com\/player\/e6c44235-f7a1-4449-8751-a2a998cdaf51\/&quot;}\" data-player-params=\"{&quot;p&quot;:&quot;true&quot;,&quot;autoPlay&quot;:&quot;false&quot;,&quot;logo&quot;:&quot;true&quot;,&quot;playlistId&quot;:&quot;false&quot;,&quot;calhau&quot;:&quot;false&quot;,&quot;share&quot;:&quot;true&quot;,&quot;sz&quot;:&quot;false&quot;,&quot;full&quot;:&quot;true&quot;,&quot;customAdHash&quot;:&quot;\/7542\/blog\/fabiolareipert&quot;,&quot;referrerUrl&quot;:&quot;&quot;,&quot;externalLinks&quot;:&quot;true&quot;,&quot;debug&quot;:&quot;false&quot;,&quot;debugHash&quot;:&quot;false&quot;,&quot;debugRelated&quot;:&quot;false&quot;,&quot;timerRelated&quot;:&quot;true&quot;,&quot;logoRecord&quot;:&quot;false&quot;,&quot;contextModal&quot;:&quot;false&quot;,&quot;parentUrl&quot;:&quot;https:\/\/record.r7.com\/&quot;,&quot;t&quot;:&quot;0&quot;,&quot;noTitle&quot;:false,&quot;endBehavior&quot;:&quot;default&quot;}\" data-related-videos=\"[{&quot;title&quot;:&quot;Roberta Miranda d&#xE1; presente de Natal para gari que a conheceu antes da fama&quot;,&quot;thumb&quot;:&quot;https:\/\/d22yf0mxeu0gma.cloudfront.net\/12-17-2025\/t_0339cdccd98e4fa08588731931ab6766_name_roberta_miranda_gari.jpg&quot;,&quot;url&quot;:&quot;https:\/\/entretenimento.r7.com\/prisma\/fabiola-reipert\/video\/roberta-miranda-da-presente-de-natal-para-gari-que-a-conheceu-antes-da-fama-17122025\/&quot;,&quot;embedUrl&quot;:&quot;https:\/\/entretenimento.r7.com\/player\/7325e121-fc47-49c0-8954-7c5bb61c76dc\/&quot;},{&quot;title&quot;:&quot;Assista &#xE0; &#xED;ntegra de A Hora da Venenosa desta ter&#xE7;a (16)&quot;,&quot;thumb&quot;:&quot;https:\/\/d22yf0mxeu0gma.cloudfront.net\/12-16-2025\/t_5822c17526994772829fd61ed5ce2a92_name_file_960x540_1600_v4_.jpg&quot;,&quot;url&quot;:&quot;https:\/\/record.r7.com\/balanco-geral\/hora-da-venenosa\/video\/assista-a-integra-de-a-hora-da-venenosa-desta-terca-16-16122025\/&quot;,&quot;embedUrl&quot;:&quot;https:\/\/record.r7.com\/player\/b16de8f9-a7ea-4c67-9529-3090a0a09550\/&quot;},{&quot;title&quot;:&quot;Gusttavo Lima recebe proposta para realizar sonho dos filhos de andar de &#xF4;nibus&quot;,&quot;thumb&quot;:&quot;https:\/\/d22yf0mxeu0gma.cloudfront.net\/12-16-2025\/t_89a99932e92f49b9be84d745894b34c1_name_gusttavo_filhos_onibus_sonho.jpg&quot;,&quot;url&quot;:&quot;https:\/\/entretenimento.r7.com\/prisma\/fabiola-reipert\/video\/gusttavo-lima-recebe-proposta-para-realizar-sonho-dos-filhos-de-andar-de-onibus-16122025\/&quot;,&quot;embedUrl&quot;:&quot;https:\/\/entretenimento.r7.com\/player\/37622900-aaf3-491a-9aa4-f091ee9305cf\/&quot;}]\" data-player-url=\"https:\/\/entretenimento.r7.com\/player\/e6c44235-f7a1-4449-8751-a2a998cdaf51\/\" data-arc-video=\"\" data-arc-id=\"e6c44235-f7a1-4449-8751-a2a998cdaf51\" data-short=\"false\" style=\"visibility:hidden\"><\/video><\/p>\n<p class=\"jarvics:base-text-neutral-high-400 base-text-[calc(theme(fontSize.xs)_*_var(--font-size,_1))] base-font-normal base-font-primary base-text-neutral-low-500 base-text-left\">\u2705<b>Para saber tudo do mundo dos famosos, <\/b><a href=\"https:\/\/whatsapp.com\/channel\/0029Va9UfKcHQbRyCyhPt71R\" rel=\"nofollow noopener\" target=\"_blank\"><b>siga o canal de entretenimento do R7<\/b><\/a><b>, o portal de not\u00edcias da Record, no WhatsApp<\/b><\/p>\n<p>Os textos aqui publicados <strong>n\u00e3o refletem<\/strong> necessariamente a opini\u00e3o do<strong> Grupo Record<\/strong>.<\/p>\n","protected":false},"excerpt":{"rendered":"Ang\u00e9lica est\u00e1 sendo processada pelo ex-cuidador do pai Reprodu\u00e7\u00e3o\/Instagram\/@angelicaksy Um ex-funcion\u00e1rio que cuidava do pai da apresentadora Ang\u00e9lica&hellip;\n","protected":false},"author":2,"featured_media":192315,"comment_status":"","ping_status":"","sticky":false,"template":"","format":"standard","meta":{"footnotes":""},"categories":[145],"tags":[4552,211,210,114,115,3034,32,33],"class_list":{"0":"post-192314","1":"post","2":"type-post","3":"status-publish","4":"format-standard","5":"has-post-thumbnail","7":"category-celebridades","8":"tag-a-hora-da-venenosa","9":"tag-celebridades","10":"tag-celebrities","11":"tag-entertainment","12":"tag-entretenimento","13":"tag-famosos-e-celebridades","14":"tag-portugal","15":"tag-pt"},"share_on_mastodon":{"url":"https:\/\/pubeurope.com\/@pt\/115736146603306893","error":""},"_links":{"self":[{"href":"https:\/\/www.europesays.com\/pt\/wp-json\/wp\/v2\/posts\/192314","targetHints":{"allow":["GET"]}}],"collection":[{"href":"https:\/\/www.europesays.com\/pt\/wp-json\/wp\/v2\/posts"}],"about":[{"href":"https:\/\/www.europesays.com\/pt\/wp-json\/wp\/v2\/types\/post"}],"author":[{"embeddable":true,"href":"https:\/\/www.europesays.com\/pt\/wp-json\/wp\/v2\/users\/2"}],"replies":[{"embeddable":true,"href":"https:\/\/www.europesays.com\/pt\/wp-json\/wp\/v2\/comments?post=192314"}],"version-history":[{"count":0,"href":"https:\/\/www.europesays.com\/pt\/wp-json\/wp\/v2\/posts\/192314\/revisions"}],"wp:featuredmedia":[{"embeddable":true,"href":"https:\/\/www.europesays.com\/pt\/wp-json\/wp\/v2\/media\/192315"}],"wp:attachment":[{"href":"https:\/\/www.europesays.com\/pt\/wp-json\/wp\/v2\/media?parent=192314"}],"wp:term":[{"taxonomy":"category","embeddable":true,"href":"https:\/\/www.europesays.com\/pt\/wp-json\/wp\/v2\/categories?post=192314"},{"taxonomy":"post_tag","embeddable":true,"href":"https:\/\/www.europesays.com\/pt\/wp-json\/wp\/v2\/tags?post=192314"}],"curies":[{"name":"wp","href":"https:\/\/api.w.org\/{rel}","templated":true}]}}