{"id":192320,"date":"2025-12-17T17:49:44","date_gmt":"2025-12-17T17:49:44","guid":{"rendered":"https:\/\/www.europesays.com\/pt\/192320\/"},"modified":"2025-12-17T17:49:44","modified_gmt":"2025-12-17T17:49:44","slug":"biopsia-liquida-avanca-na-deteccao-de-mutacoes-no-cancer-de-pulmao","status":"publish","type":"post","link":"https:\/\/www.europesays.com\/pt\/192320\/","title":{"rendered":"Bi\u00f3psia l\u00edquida avan\u00e7a na detec\u00e7\u00e3o de muta\u00e7\u00f5es no c\u00e2ncer de pulm\u00e3o"},"content":{"rendered":"<p class=\"texto\">Um simples exame de sangue pode encurtar em semanas o caminho entre o diagn\u00f3stico do <a href=\"https:\/\/www.correiobraziliense.com.br\/aqui\/2025\/09\/11\/avancos-e-desafios-no-tratamento-do-cancer-de-pulmao\/\" target=\"_blank\" rel=\"nofollow noopener\">c\u00e2ncer de pulm\u00e3o<\/a> e o in\u00edcio do tratamento. A chamada <a href=\"https:\/\/www.correiobraziliense.com.br\/ciencia-e-saude\/2024\/02\/6797008-biopsia-liquida-a-revolucao-diagnostica-para-todos-os-tumores.html\" target=\"_blank\" rel=\"nofollow noopener\">bi\u00f3psia<\/a> l\u00edquida, t\u00e9cnica que identifica fragmentos de <a href=\"https:\/\/www.correiobraziliense.com.br\/tags\/dna\/\" target=\"_blank\" rel=\"nofollow noopener\">DNA<\/a> tumoral circulando na corrente sangu\u00ednea, tem avan\u00e7ado como uma ferramenta promissora para detectar muta\u00e7\u00f5es gen\u00e9ticas, monitorar a evolu\u00e7\u00e3o da doen\u00e7a e orientar terapias-alvo de forma mais r\u00e1pida e precisa.<\/p>\n<p class=\"texto\">Essa \u00e9 a principal conclus\u00e3o de um estudo conduzido no Hospital de Amor, em <a href=\"https:\/\/www.correiobraziliense.com.br\/tags\/barretos\/\" target=\"_blank\" rel=\"nofollow noopener\">Barretos <\/a>(SP), com apoio da Funda\u00e7\u00e3o de Amparo \u00e0 Pesquisa do Estado de S\u00e3o Paulo (FAPESP), e publicado na revista cient\u00edfica Molecular Oncology. A pesquisa mostrou que um painel multig\u00eanico comercial foi capaz de identificar muta\u00e7\u00f5es relevantes em pacientes com c\u00e2ncer de pulm\u00e3o de n\u00e3o pequenas c\u00e9lulas (NSCLC), inclusive em indiv\u00edduos assintom\u00e1ticos acompanhados em programas de rastreamento.<\/p>\n<p class=\"texto\"><strong><a href=\"https:\/\/whatsapp.com\/channel\/0029VaB1U9a002T64ex1Sy2w\" target=\"_blank\" rel=\"nofollow noopener\">Siga o canal do Correio no WhatsApp e receba as principais not\u00edcias do dia no seu celular<\/a><\/strong><\/p>\n<p class=\"texto\">O NSCLC representa cerca de 85% dos casos de c\u00e2ncer de pulm\u00e3o e inclui subtipos como o adenocarcinoma e o carcinoma de c\u00e9lulas escamosas. O adenocarcinoma, mais comum, tornou-se o principal alvo das terapias personalizadas nos \u00faltimos anos por concentrar muta\u00e7\u00f5es que respondem a medicamentos espec\u00edficos. Essa mudan\u00e7a transformou o progn\u00f3stico da doen\u00e7a: h\u00e1 pouco mais de uma d\u00e9cada, a sobrevida mediana n\u00e3o passava de oito meses; hoje, pode chegar a dois ou tr\u00eas anos e, em casos selecionados, ultrapassar uma d\u00e9cada.<\/p>\n<p class=\"texto\">\u201cO adenocarcinoma \u00e9 o subtipo que mais se beneficiou da gen\u00f4mica. Quando identificamos muta\u00e7\u00f5es espec\u00edficas, conseguimos direcionar o tratamento de forma muito mais eficaz\u201d, explica a pesquisadora Let\u00edcia Ferro Leal, cossupervisora do estudo.<\/p>\n<p>Muta\u00e7\u00f5es detectadas antes mesmo dos sintomas<\/p>\n<p class=\"texto\">Os pesquisadores analisaram 32 amostras de plasma de 30 pacientes, incluindo pessoas sem tratamento pr\u00e9vio, pacientes j\u00e1 submetidos a terapias e quatro participantes de um programa de rastreamento de c\u00e2ncer de pulm\u00e3o. O painel avaliou muta\u00e7\u00f5es em 11 genes associados ao desenvolvimento do tumor.<\/p>\n<p class=\"texto\">O resultado chamou a aten\u00e7\u00e3o: 65,6% das amostras apresentaram altera\u00e7\u00f5es gen\u00e9ticas detect\u00e1veis. Entre os pacientes que j\u00e1 haviam passado por tratamento, essa propor\u00e7\u00e3o subiu para 87,5%, indicando que a quantidade de DNA tumoral circulante tende a aumentar com a progress\u00e3o da doen\u00e7a.<\/p>\n<p class=\"texto\">Um dos achados mais expressivos ocorreu no grupo de rastreamento. Um participante assintom\u00e1tico apresentou uma muta\u00e7\u00e3o no gene TP53 seis meses antes de receber o diagn\u00f3stico de c\u00e2ncer de pulm\u00e3o. Para os pesquisadores, o dado refor\u00e7a o potencial da bi\u00f3psia l\u00edquida como ferramenta complementar para a detec\u00e7\u00e3o precoce da doen\u00e7a em popula\u00e7\u00f5es de risco, como fumantes e ex-fumantes.<\/p>\n<p class=\"texto\">A t\u00e9cnica tamb\u00e9m se mostrou eficaz para identificar muta\u00e7\u00f5es associadas \u00e0 resist\u00eancia terap\u00eautica. Em uma das amostras, foi detectada a muta\u00e7\u00e3o EGFR p.T790M, conhecida por surgir ap\u00f3s um per\u00edodo de resposta inicial ao tratamento. \u201cEssas muta\u00e7\u00f5es costumam aparecer antes mesmo de sinais cl\u00ednicos claros de progress\u00e3o da doen\u00e7a. Detect\u00e1-las precocemente pode permitir ajustes no tratamento e evitar a perda de tempo com terapias que j\u00e1 n\u00e3o s\u00e3o mais eficazes\u201d, afirma Leal.<\/p>\n<p>Ganho de tempo pode ser decisivo<\/p>\n<p class=\"texto\">Na pr\u00e1tica cl\u00ednica, o maior impacto da bi\u00f3psia l\u00edquida est\u00e1 na agilidade. A bi\u00f3psia convencional, que depende da retirada de fragmentos do tumor por cirurgia ou pun\u00e7\u00e3o, pode levar semanas at\u00e9 a libera\u00e7\u00e3o do laudo molecular. J\u00e1 a bi\u00f3psia l\u00edquida permite coleta imediata e entrega de resultados em at\u00e9 dois dias.<\/p>\n<p class=\"texto\">\u201cO c\u00e2ncer de pulm\u00e3o \u00e9 uma doen\u00e7a agressiva, e o tempo faz diferen\u00e7a. Antecipar o in\u00edcio do tratamento pode mudar completamente o desfecho do paciente\u201d, destaca a pesquisadora.<\/p>\n<p class=\"texto\">Outro ponto favor\u00e1vel \u00e9 a viabilidade log\u00edstica. O estudo demonstrou que o painel gen\u00e9tico foi capaz de detectar DNA tumoral mesmo em amostras congeladas, dispensando o uso de tubos especiais e transporte imediato, o que amplia a possibilidade de uso da t\u00e9cnica em hospitais p\u00fablicos com estrutura limitada.<\/p>\n<p class=\"texto\">A pesquisadora ressalta ainda que a bi\u00f3psia l\u00edquida n\u00e3o substitui completamente a bi\u00f3psia de tecido. \u201cUm resultado negativo no sangue n\u00e3o exclui muta\u00e7\u00f5es. Os exames s\u00e3o complementares, especialmente nos est\u00e1gios iniciais, quando a quantidade de DNA tumoral circulante \u00e9 muito baixa\u201d, explica.<\/p>\n<p>Custo ainda \u00e9 o principal obst\u00e1culo<\/p>\n<p class=\"texto\">Apesar do potencial, a incorpora\u00e7\u00e3o da bi\u00f3psia l\u00edquida \u00e0 rotina do Sistema \u00danico de Sa\u00fade (SUS) ainda esbarra em barreiras econ\u00f4micas. O teste utilizado no estudo custa cerca de R$ 6 mil por paciente. Embora o valor tenda a cair com a populariza\u00e7\u00e3o da tecnologia, ainda est\u00e1 fora da realidade da maioria da popula\u00e7\u00e3o.<\/p>\n<p class=\"texto\">No sistema privado, v\u00e1rias terapias-alvo j\u00e1 fazem parte do rol da Ag\u00eancia Nacional de Sa\u00fade Suplementar (ANS). No SUS, por\u00e9m, o acesso \u00e9 restrito a poucos centros de refer\u00eancia. \u201cMuitas vezes, o paciente consegue pagar pelo teste, mas n\u00e3o pela medica\u00e7\u00e3o, que pode chegar a R$ 40 mil por m\u00eas. Isso acaba levando \u00e0 judicializa\u00e7\u00e3o\u201d, relata Leal.<\/p>\n<p class=\"texto\">Mesmo com limita\u00e7\u00f5es, os pesquisadores avaliam que a bi\u00f3psia l\u00edquida representa um passo importante para tornar a medicina personalizada mais acess\u00edvel no tratamento do c\u00e2ncer de pulm\u00e3o no Brasil.<\/p>\n<p class=\"texto\">\u00a0<\/p>\n<ul>\n<li><a href=\"https:\/\/wa.me\/?text=Bi%C3%B3psia+l%C3%ADquida+avan%C3%A7a+na+detec%C3%A7%C3%A3o+de+muta%C3%A7%C3%B5es+no+c%C3%A2ncer+de+pulm%C3%A3o%20https:\/\/www.correiobraziliense.com.br\/ciencia-e-saude\/2025\/12\/7315270-biopsia-liquida-avanca-na-deteccao-de-mutacoes-no-cancer-de-pulmao.html\" target=\"_blank\" title=\"Whatsapp\" aria-label=\"WhatsApp\" rel=\"nofollow noopener\"><\/a><\/li>\n<li><a href=\"https:\/\/www.facebook.com\/sharer.php?u=https:\/\/www.correiobraziliense.com.br%2Fciencia-e-saude%2F2025%2F12%2F7315270-biopsia-liquida-avanca-na-deteccao-de-mutacoes-no-cancer-de-pulmao.html&amp;text=Bi%C3%B3psia+l%C3%ADquida+avan%C3%A7a+na+detec%C3%A7%C3%A3o+de+muta%C3%A7%C3%B5es+no+c%C3%A2ncer+de+pulm%C3%A3o\" target=\"_blank\" title=\"Facebook\" aria-label=\"Facebook\" rel=\"nofollow noopener\"><\/a><\/li>\n<li><a href=\"https:\/\/twitter.com\/intent\/tweet?url=https:\/\/www.correiobraziliense.com.br%2Fciencia-e-saude%2F2025%2F12%2F7315270-biopsia-liquida-avanca-na-deteccao-de-mutacoes-no-cancer-de-pulmao.html&amp;text=Bi%C3%B3psia+l%C3%ADquida+avan%C3%A7a+na+detec%C3%A7%C3%A3o+de+muta%C3%A7%C3%B5es+no+c%C3%A2ncer+de+pulm%C3%A3o\" target=\"_blank\" title=\"Twitter\" aria-label=\"Twitter\" rel=\"nofollow noopener\"><\/a><\/li>\n<li><a href=\"https:\/\/profile.google.com\/cp\/CgovbS8wNzZ0dms1\" title=\"Google Discover\" target=\"_blank\" aria-label=\"Google Discover\" rel=\"nofollow noopener\"><img decoding=\"async\" src=\"https:\/\/www.europesays.com\/pt\/wp-content\/uploads\/2025\/12\/google-discover-icon.png\" style=\"height: 25px; margin: 0 !important; margin-left: 3px;\" alt=\"Google Discover Icon\"\/><\/a><\/li>\n<\/ul>\n<p>              <a href=\"https:\/\/www.correiobraziliense.com.br\/autor\/amanda-s-feitoza\/page\/1\/\" style=\"height: 100%;\" rel=\"nofollow noopener\" target=\"_blank\"><img decoding=\"async\" class=\"hidden-print author-circle d-block h6 mt-0 mb-0 mr-6 text-center\" src=\"https:\/\/www.europesays.com\/pt\/wp-content\/uploads\/2025\/08\/amanda_s__feitoza-50475087.jpeg\" alt=\"\" width=\"40\" height=\"40\" loading=\"lazy\" style=\"object-fit:cover; width: 40px; height: 40px; margin-right:10px;\"\/><\/a><a href=\"https:\/\/www.correiobraziliense.com.br\/autor\/amanda-s-feitoza\/page\/1\/\" rel=\"nofollow noopener\" target=\"_blank\"><img decoding=\"async\" class=\"hidden-print author-circle d-block h6 mt-0 mb-0 mr-6 text-center\" src=\"https:\/\/www.europesays.com\/pt\/wp-content\/uploads\/2025\/08\/amanda_s__feitoza-50475087.jpeg\" alt=\"\" width=\"40\" height=\"40\" loading=\"lazy\" style=\"object-fit:cover; width: 40px; height: 40px; margin-right:10px;\"\/><\/a>Amanda S. Feitoza  <strong class=\"entryStrongAuthor\"\/><\/p>\n<p class=\"entryDescricaoAuthor\">Jornalista formada pela UnB, com passagens pela Secretaria de Seguran\u00e7a P\u00fablica do DF, pelo Instituto Federal de Bras\u00edlia (IFB) e pela M\u00e1quina CW. Entusiasta nas \u00e1reas de cultura, educa\u00e7\u00e3o e redes sociais, integra a equipe do CB-Online.<\/p>\n<p>                          <script async src=\"https:\/\/platform.twitter.com\/widgets.js\" charset=\"utf-8\"><\/script><\/p>\n","protected":false},"excerpt":{"rendered":"Um simples exame de sangue pode encurtar em semanas o caminho entre o diagn\u00f3stico do c\u00e2ncer de pulm\u00e3o&hellip;\n","protected":false},"author":2,"featured_media":192321,"comment_status":"","ping_status":"","sticky":false,"template":"","format":"standard","meta":{"footnotes":""},"categories":[86],"tags":[23629,2138,1347,14320,38642,116,1348,32,33,117],"class_list":{"0":"post-192320","1":"post","2":"type-post","3":"status-publish","4":"format-standard","5":"has-post-thumbnail","7":"category-saude","8":"tag-biopsia","9":"tag-cancer-de-pulmao","10":"tag-estudo","11":"tag-exame","12":"tag-exame-de-sangue","13":"tag-health","14":"tag-pesquisa","15":"tag-portugal","16":"tag-pt","17":"tag-saude"},"share_on_mastodon":{"url":"https:\/\/pubeurope.com\/@pt\/115736174222353944","error":""},"_links":{"self":[{"href":"https:\/\/www.europesays.com\/pt\/wp-json\/wp\/v2\/posts\/192320","targetHints":{"allow":["GET"]}}],"collection":[{"href":"https:\/\/www.europesays.com\/pt\/wp-json\/wp\/v2\/posts"}],"about":[{"href":"https:\/\/www.europesays.com\/pt\/wp-json\/wp\/v2\/types\/post"}],"author":[{"embeddable":true,"href":"https:\/\/www.europesays.com\/pt\/wp-json\/wp\/v2\/users\/2"}],"replies":[{"embeddable":true,"href":"https:\/\/www.europesays.com\/pt\/wp-json\/wp\/v2\/comments?post=192320"}],"version-history":[{"count":0,"href":"https:\/\/www.europesays.com\/pt\/wp-json\/wp\/v2\/posts\/192320\/revisions"}],"wp:featuredmedia":[{"embeddable":true,"href":"https:\/\/www.europesays.com\/pt\/wp-json\/wp\/v2\/media\/192321"}],"wp:attachment":[{"href":"https:\/\/www.europesays.com\/pt\/wp-json\/wp\/v2\/media?parent=192320"}],"wp:term":[{"taxonomy":"category","embeddable":true,"href":"https:\/\/www.europesays.com\/pt\/wp-json\/wp\/v2\/categories?post=192320"},{"taxonomy":"post_tag","embeddable":true,"href":"https:\/\/www.europesays.com\/pt\/wp-json\/wp\/v2\/tags?post=192320"}],"curies":[{"name":"wp","href":"https:\/\/api.w.org\/{rel}","templated":true}]}}