{"id":192330,"date":"2025-12-17T17:59:39","date_gmt":"2025-12-17T17:59:39","guid":{"rendered":"https:\/\/www.europesays.com\/pt\/192330\/"},"modified":"2025-12-17T17:59:39","modified_gmt":"2025-12-17T17:59:39","slug":"a-protegida-clarice-e-jorge-tem-uma-surpresa-malefica-ao-entrar-em-casa-tviplayer-iol-pt","status":"publish","type":"post","link":"https:\/\/www.europesays.com\/pt\/192330\/","title":{"rendered":"A Protegida: Clarice e Jorge t\u00eam uma surpresa mal\u00e9fica ao entrar em casa &#8211; tviplayer.iol.pt"},"content":{"rendered":"<ol>\n<li><a href=\"https:\/\/news.google.com\/rss\/articles\/CBMijwFBVV95cUxNbFVCVlE3UVhranRtQS12SnZaUDE1X1lYcFdZRk1JYnFqQnFrRkIwQnQ2cDJBNVJZb29wVG13Z2JBSjlLeEJJVy1Yekg3eHhXVGh0cWRyS3kzTkN6YVhIUkt1ZDNGOFVGaU8tdmJtSjBXRG1xdE9pd3V1ZHlFenYzWEdNVDEwcl9WZUFlWE55Zw?oc=5\" target=\"_blank\" rel=\"nofollow noopener\">A Protegida: Clarice e Jorge t\u00eam uma surpresa mal\u00e9fica ao entrar em casa<\/a>&nbsp;&nbsp;tviplayer.iol.pt<\/li>\n<li><a href=\"https:\/\/news.google.com\/rss\/articles\/CBMiVkFVX3lxTE8zM2dyZE5wY2lCUEEyRlZGeDFnNnRtcndVSTRvMmwxTVFub3ZKT1h5YkhzTnRuNkhLNHhKMWQ3OTNwZmtsbUFDTnhJM0x4RWI0SDYtSEJ3?oc=5\" target=\"_blank\" rel=\"nofollow noopener\">JD desaparece e deixa M\u00f3nica em p\u00e2nico ap\u00f3s descobrir a verdade<\/a>&nbsp;&nbsp;atele.pt<\/li>\n<li><a href=\"https:\/\/news.google.com\/rss\/articles\/CBMimwFBVV95cUxNVGR0SlU5SHNQZVNyWnBibE1mcHBYdTZkSXNkYWxUTndoeWd5Vk5BUE8zaGdjMVBOSk45S3BaRUVQVXoxVDMwWktVZ0V4dGwxV1M5OEFELTViMWlhU0VDQXU1WkJUaEV6WHgwLXZkQ0l1Wi1BNWM0MEN2ak51b29UQ3Y4UDgwNU9jYmJzNkdpQmJLTEtTaGxjei1fTQ?oc=5\" target=\"_blank\" rel=\"nofollow noopener\">Confronto dram\u00e1tico leva M\u00f3nica ao limite na novela &#8220;A Protegida&#8221;<\/a>&nbsp;&nbsp;A Televis\u00e3o<\/li>\n<li><a href=\"https:\/\/news.google.com\/rss\/articles\/CBMipAFBVV95cUxPOHN5ZzNTdFNDQ05UUFF4Vld1OUV1WlpmMWhIQ2ZoTlVhMUV1U1VrMng1QUs0QnlPcTBiNUVVTFRsSm16eFJUeElHN19ZRFpiek56VHRKb091bWRoWTVyZ19jMlpkT2FyUUpENno1T0NqeVlLRjl0OFgwVmxwN1NSU1VORGtBQmFsVkdZRDMtRzVHY29GY0Z1MTJpbEs3dWpEYkZKdw?oc=5\" target=\"_blank\" rel=\"nofollow noopener\">Mariana confronta M\u00f3nica: \u00abTu n\u00e3o sabes do JD?\u00bb<\/a>&nbsp;&nbsp;TVI<\/li>\n<li><a href=\"https:\/\/news.google.com\/rss\/articles\/CBMiwgFBVV95cUxPRXp5eVAzZU5iX0g5c3Fyc0QtRm5EakZ4TFMtdXhzUHV1THlPMVlrVVRZUzZLLXZvQWpkZHUxNzlPZ2xZaFVwQjN6OEJQUHlsRHRvX1Y5aGFfSXVQYmZaLWFoZUdqM0JIbjVRSXlHc29LUkpPdktzLU1XY29kTDJwbVJjWXM4N2xKbzlxSi1uRGJXZVFUc3k0SVJ6TkFWQW9BbmdQekZpeW5YSnFWZE5UalBhVUxhNWtEVjFkT2xFTFBkQQ?oc=5\" target=\"_blank\" rel=\"nofollow noopener\">A Protegida: M\u00f3nica beija JD, mas ele diz que n\u00e3o quer nada com ela<\/a>&nbsp;&nbsp;TVI<\/li>\n<\/ol>\n","protected":false},"excerpt":{"rendered":"A Protegida: Clarice e Jorge t\u00eam uma surpresa mal\u00e9fica ao entrar em casa&nbsp;&nbsp;tviplayer.iol.pt JD desaparece e deixa M\u00f3nica&hellip;\n","protected":false},"author":2,"featured_media":192331,"comment_status":"","ping_status":"","sticky":false,"template":"","format":"standard","meta":{"footnotes":""},"categories":[142],"tags":[168,114,115,32,33,151],"class_list":{"0":"post-192330","1":"post","2":"type-post","3":"status-publish","4":"format-standard","5":"has-post-thumbnail","7":"category-tv","8":"tag-a-protegida","9":"tag-entertainment","10":"tag-entretenimento","11":"tag-portugal","12":"tag-pt","13":"tag-tv"},"share_on_mastodon":{"url":"https:\/\/pubeurope.com\/@pt\/115736213567199965","error":""},"_links":{"self":[{"href":"https:\/\/www.europesays.com\/pt\/wp-json\/wp\/v2\/posts\/192330","targetHints":{"allow":["GET"]}}],"collection":[{"href":"https:\/\/www.europesays.com\/pt\/wp-json\/wp\/v2\/posts"}],"about":[{"href":"https:\/\/www.europesays.com\/pt\/wp-json\/wp\/v2\/types\/post"}],"author":[{"embeddable":true,"href":"https:\/\/www.europesays.com\/pt\/wp-json\/wp\/v2\/users\/2"}],"replies":[{"embeddable":true,"href":"https:\/\/www.europesays.com\/pt\/wp-json\/wp\/v2\/comments?post=192330"}],"version-history":[{"count":0,"href":"https:\/\/www.europesays.com\/pt\/wp-json\/wp\/v2\/posts\/192330\/revisions"}],"wp:featuredmedia":[{"embeddable":true,"href":"https:\/\/www.europesays.com\/pt\/wp-json\/wp\/v2\/media\/192331"}],"wp:attachment":[{"href":"https:\/\/www.europesays.com\/pt\/wp-json\/wp\/v2\/media?parent=192330"}],"wp:term":[{"taxonomy":"category","embeddable":true,"href":"https:\/\/www.europesays.com\/pt\/wp-json\/wp\/v2\/categories?post=192330"},{"taxonomy":"post_tag","embeddable":true,"href":"https:\/\/www.europesays.com\/pt\/wp-json\/wp\/v2\/tags?post=192330"}],"curies":[{"name":"wp","href":"https:\/\/api.w.org\/{rel}","templated":true}]}}