{"id":192336,"date":"2025-12-17T18:04:45","date_gmt":"2025-12-17T18:04:45","guid":{"rendered":"https:\/\/www.europesays.com\/pt\/192336\/"},"modified":"2025-12-17T18:04:45","modified_gmt":"2025-12-17T18:04:45","slug":"familia-de-cristiano-ronaldo-de-luto-que-noticia-mais-triste","status":"publish","type":"post","link":"https:\/\/www.europesays.com\/pt\/192336\/","title":{"rendered":"Fam\u00edlia de Cristiano Ronaldo de luto: &#8220;Que not\u00edcia mais triste&#8221;"},"content":{"rendered":"<p>A fam\u00edlia de Cristiano Ronaldo atravessa um momento de dor, devido \u00e0 morte de um tio do futebolista.<\/p>\n<p>&#8220;Que not\u00edcia mais triste, ainda h\u00e1 pouco estivemos juntos. Parece mentira&#8221;, come\u00e7ou por escrever <a href=\"https:\/\/selfie.iol.pt\/famosos\/donald-trump\/perante-polemica-elma-aveiro-defende-cristiano-ronaldo-ainda-nao-perceberam\/20251120\/691f2e92d34e3caad84b7f5a\" target=\"_blank\" rel=\"nofollow noopener\">Elma Aveiro<\/a>, no Instagram.<\/p>\n<p>&#8220;Vais para um s\u00edtio melhor, tio, porque este mundo n\u00e3o est\u00e1 a valer nada&#8221;, continuou a madeirense.<\/p>\n<p>&#8220;Descansa em paz&#8221;, terminou a irm\u00e3 de Cristiano Ronaldo.<\/p>\n<p>Veja, agora, a publica\u00e7\u00e3o de Elma Aveiro.<\/p>\n<p style=\"text-align:center\"><img loading=\"lazy\" decoding=\"async\" alt=\"\" height=\"545\" src=\"https:\/\/www.europesays.com\/pt\/wp-content\/uploads\/2025\/12\/69428971d34e3caad84c7a82.webp\" width=\"307\"\/><\/p>\n<p>\u00a0<\/p>\n","protected":false},"excerpt":{"rendered":"A fam\u00edlia de Cristiano Ronaldo atravessa um momento de dor, devido \u00e0 morte de um tio do futebolista.&hellip;\n","protected":false},"author":2,"featured_media":192337,"comment_status":"","ping_status":"","sticky":false,"template":"","format":"standard","meta":{"footnotes":""},"categories":[85],"tags":[668,667,1480,114,115,980,1339,1437,619,32,33,1012,15907],"class_list":{"0":"post-192336","1":"post","2":"type-post","3":"status-publish","4":"format-standard","5":"has-post-thumbnail","7":"category-entretenimento","8":"tag-cr7","9":"tag-cristiano-ronaldo","10":"tag-elma-aveiro","11":"tag-entertainment","12":"tag-entretenimento","13":"tag-famosos","14":"tag-luto","15":"tag-morte","16":"tag-nacional","17":"tag-portugal","18":"tag-pt","19":"tag-selfie","20":"tag-tio"},"share_on_mastodon":{"url":"https:\/\/pubeurope.com\/@pt\/115736233335508342","error":""},"_links":{"self":[{"href":"https:\/\/www.europesays.com\/pt\/wp-json\/wp\/v2\/posts\/192336","targetHints":{"allow":["GET"]}}],"collection":[{"href":"https:\/\/www.europesays.com\/pt\/wp-json\/wp\/v2\/posts"}],"about":[{"href":"https:\/\/www.europesays.com\/pt\/wp-json\/wp\/v2\/types\/post"}],"author":[{"embeddable":true,"href":"https:\/\/www.europesays.com\/pt\/wp-json\/wp\/v2\/users\/2"}],"replies":[{"embeddable":true,"href":"https:\/\/www.europesays.com\/pt\/wp-json\/wp\/v2\/comments?post=192336"}],"version-history":[{"count":0,"href":"https:\/\/www.europesays.com\/pt\/wp-json\/wp\/v2\/posts\/192336\/revisions"}],"wp:featuredmedia":[{"embeddable":true,"href":"https:\/\/www.europesays.com\/pt\/wp-json\/wp\/v2\/media\/192337"}],"wp:attachment":[{"href":"https:\/\/www.europesays.com\/pt\/wp-json\/wp\/v2\/media?parent=192336"}],"wp:term":[{"taxonomy":"category","embeddable":true,"href":"https:\/\/www.europesays.com\/pt\/wp-json\/wp\/v2\/categories?post=192336"},{"taxonomy":"post_tag","embeddable":true,"href":"https:\/\/www.europesays.com\/pt\/wp-json\/wp\/v2\/tags?post=192336"}],"curies":[{"name":"wp","href":"https:\/\/api.w.org\/{rel}","templated":true}]}}