{"id":192349,"date":"2025-12-17T18:15:18","date_gmt":"2025-12-17T18:15:18","guid":{"rendered":"https:\/\/www.europesays.com\/pt\/192349\/"},"modified":"2025-12-17T18:15:18","modified_gmt":"2025-12-17T18:15:18","slug":"lady-gaga-faz-anuncio-misterioso-e-fas-desconfiam-de-novo-projeto","status":"publish","type":"post","link":"https:\/\/www.europesays.com\/pt\/192349\/","title":{"rendered":"Lady Gaga faz anuncio misterioso e f\u00e3s desconfiam de novo projeto"},"content":{"rendered":"\n<p class=\" content-text__container \" data-track-category=\"Link no Texto\" data-track-links=\"\"> \u201cHarlequin\u201d remete diretamente \u00e0 Arlequina (Harley Quinn) \u2014 personagem que Gaga interpreta em &#8220;Coringa: Del\u00edrio a dois&#8221;. Em 2024, ela lan\u00e7ou o \u00e1lbum &#8220;Harlequin&#8221;, inspirado no filme, com releituras e clima meio teatral e jazz\u00edstico. <\/p>\n<p class=\" content-text__container \" data-track-category=\"Link no Texto\" data-track-links=\"\"> Desta forma, f\u00e3s especulam que este teaser pode sinalizar um novo single ou EP complementar ao universo de &#8220;Harlequin&#8221; com vers\u00f5es alternativas, faixas in\u00e9ditas ou uma edi\u00e7\u00e3o expandida. Pode ser tamb\u00e9m um registro ao vivo de um show do \u00e1lbum. <\/p>\n<p class=\" content-text__container \" data-track-category=\"Link no Texto\" data-track-links=\"\"> &#8220;Coringa: Del\u00edrio a dois&#8221; \u00e9 a sequ\u00eancia do filme que levou o Le\u00e3o de Ouro na Mostra em 2019, e que rendeu um Oscar de melhor ator para Joaquin Phoenix. <\/p>\n","protected":false},"excerpt":{"rendered":"\u201cHarlequin\u201d remete diretamente \u00e0 Arlequina (Harley Quinn) \u2014 personagem que Gaga interpreta em &#8220;Coringa: Del\u00edrio a dois&#8221;. Em&hellip;\n","protected":false},"author":2,"featured_media":192350,"comment_status":"","ping_status":"","sticky":false,"template":"","format":"standard","meta":{"footnotes":""},"categories":[141],"tags":[114,115,1277,149,150,32,33,679],"class_list":{"0":"post-192349","1":"post","2":"type-post","3":"status-publish","4":"format-standard","5":"has-post-thumbnail","7":"category-musica","8":"tag-entertainment","9":"tag-entretenimento","10":"tag-lady-gaga","11":"tag-music","12":"tag-musica","13":"tag-portugal","14":"tag-pt","15":"tag-reportagem"},"share_on_mastodon":{"url":"https:\/\/pubeurope.com\/@pt\/115736276184018189","error":""},"_links":{"self":[{"href":"https:\/\/www.europesays.com\/pt\/wp-json\/wp\/v2\/posts\/192349","targetHints":{"allow":["GET"]}}],"collection":[{"href":"https:\/\/www.europesays.com\/pt\/wp-json\/wp\/v2\/posts"}],"about":[{"href":"https:\/\/www.europesays.com\/pt\/wp-json\/wp\/v2\/types\/post"}],"author":[{"embeddable":true,"href":"https:\/\/www.europesays.com\/pt\/wp-json\/wp\/v2\/users\/2"}],"replies":[{"embeddable":true,"href":"https:\/\/www.europesays.com\/pt\/wp-json\/wp\/v2\/comments?post=192349"}],"version-history":[{"count":0,"href":"https:\/\/www.europesays.com\/pt\/wp-json\/wp\/v2\/posts\/192349\/revisions"}],"wp:featuredmedia":[{"embeddable":true,"href":"https:\/\/www.europesays.com\/pt\/wp-json\/wp\/v2\/media\/192350"}],"wp:attachment":[{"href":"https:\/\/www.europesays.com\/pt\/wp-json\/wp\/v2\/media?parent=192349"}],"wp:term":[{"taxonomy":"category","embeddable":true,"href":"https:\/\/www.europesays.com\/pt\/wp-json\/wp\/v2\/categories?post=192349"},{"taxonomy":"post_tag","embeddable":true,"href":"https:\/\/www.europesays.com\/pt\/wp-json\/wp\/v2\/tags?post=192349"}],"curies":[{"name":"wp","href":"https:\/\/api.w.org\/{rel}","templated":true}]}}