{"id":192358,"date":"2025-12-17T18:20:18","date_gmt":"2025-12-17T18:20:18","guid":{"rendered":"https:\/\/www.europesays.com\/pt\/192358\/"},"modified":"2025-12-17T18:20:18","modified_gmt":"2025-12-17T18:20:18","slug":"natal-boas-oportunidades-na-worten","status":"publish","type":"post","link":"https:\/\/www.europesays.com\/pt\/192358\/","title":{"rendered":"Natal: boas oportunidades na Worten"},"content":{"rendered":"<p>Vai comprar uma prenda especial e quer <strong>aproveitar os descontos <\/strong>que as lojas f\u00edsicas e online fazem na \u00e9poca natal\u00edcia? Conte com a ajuda da DECO PROteste para comparar pre\u00e7os e inform\u00e1-lo onde est\u00e3o as maiores descidas. <\/p>\n<p>Neste artigo, encontra<strong> alguns produtos com &#8220;boa qualidade&#8221;<\/strong> nos testes comparativos, dispon\u00edveis em lojas que a DECO PROteste avalia com 4 e 5 estrelas. Atualmente, est\u00e3o com o melhor pre\u00e7o na Worten.<\/p>\n<p>Os produtos foram selecionados com base nos pre\u00e7os verificados \u00e0 data de publica\u00e7\u00e3o. Estes pre\u00e7os podem sofrer altera\u00e7\u00f5es em fun\u00e7\u00e3o da pol\u00edtica comercial das lojas.<\/p>\n<p>OPPO WATCH X2<\/p>\n<p>Este aparelho \u00e9\u00a0um smartwatch de gama alta da Oppo, com um desempenho global de topo. Tem um ecr\u00e3 AMOLED redondo, com tecnologia LTPO, que ajusta dinamicamente a taxa de atualiza\u00e7\u00e3o para poupar bateria.\u00a0<\/p>\n<p>Bem constru\u00eddo, com destaque para a moldura, feita de liga de tit\u00e2nio e para o material usado no vidro, que consiste num resistente cristal de safira. \u00c9 um smartwatch repleto de funcionalidades, com o mais elevado desempenho para os utilizadores de smartphones android.<\/p>\n<p>Inclui GPS integrado para maior precis\u00e3o no registo de dist\u00e2ncias. Permite pagamentos contactless atrav\u00e9s do Google Pay, tem resist\u00eancia \u00e0 \u00e1gua 5 ATM, e certifica\u00e7\u00e3o IP68 contra p\u00f3 e \u00e1gua. \u00c9 compat\u00edvel apenas com smartphones Android (n\u00e3o funciona com iPhones).<\/p>\n<p>O smartwatch inclui imensos recursos de fitness e sa\u00fade. O sono \u00e9 analisado de forma avan\u00e7ada, monitorizando oxig\u00e9nio no sangue, respira\u00e7\u00e3o, variabilidade card\u00edaca, movimentos e at\u00e9 ressonar. Para al\u00e9m do fitness, inclui fun\u00e7\u00f5es inteligentes: fazer e receber chamadas, controlar a c\u00e2mara do telem\u00f3vel, ver notifica\u00e7\u00f5es, ler e responder mensagens, controlar m\u00fasica ou sincronizar faixas para ouvir sem o telem\u00f3vel. Suporta streaming direto de Deezer, Spotify e YouTube Music.<\/p>\n<p style=\"text-align: center;\"><a src=\"https:\/\/www.deco.proteste.pt\/-\/media\/edideco\/images\/home\/familia-consumo\/orcamento familiar\/news\/2025\/worten-black-friday\/wortenzenbook.jpg?la=pt-pt&amp;rev=82cce455-ad0f-40db-b515-a9c0ac83eaa2&amp;mw=660\" alt=\"Asus zenbook\" href=\"\/-\/media\/edideco\/images\/home\/familia-consumo\/orcamento familiar\/news\/2025\/worten-black-friday\/wortenhpenvyx360.jpg?rev=4b4f202e-817e-42e8-9fae-60421b73d7d9&amp;hash=978B53A06A71057F221C4A314FA7CCF3\"\/><a alt=\"Asus zenbook\" src=\"https:\/\/www.deco.proteste.pt\/-\/media\/edideco\/images\/home\/familia-consumo\/orcamento familiar\/news\/2025\/worten-black-friday\/wortenzenbook.jpg?la=pt-pt&amp;rev=82cce455-ad0f-40db-b515-a9c0ac83eaa2&amp;mw=660\" href=\"\/-\/media\/edideco\/images\/home\/familia-consumo\/orcamento familiar\/news\/2025\/worten-black-friday\/wortenhpenvyx360.jpg?rev=4b4f202e-817e-42e8-9fae-60421b73d7d9&amp;hash=978B53A06A71057F221C4A314FA7CCF3\"><img decoding=\"async\" alt=\"Smartwatch OPPO WATCH X2\" src=\"https:\/\/www.europesays.com\/pt\/wp-content\/uploads\/2025\/12\/smartwatch-interior-500x350.jpg\"\/><\/a><\/p>\n<p><a role=\"button\" href=\"https:\/\/www.worten.pt\/produtos\/smartwatch-oppo-watch-x2-mini-glimmer-gold-8515857?sv1=affiliate&amp;sv1=affiliate&amp;sv_campaign_id=852257&amp;sv_campaign_id=852257&amp;awc=99897_1765984494_f15bcc2de2672dbc60d79f22813596ee&amp;utm_source=awin&amp;utm_id=852257_&amp;utm_campaign=affiliate\" class=\"btn btn--primary btn--large\" target=\"_blank\">Aproveitar a oferta<\/a><\/p>\n<p style=\"text-align: center;\">\u00a0<\/p>\n<p>TV LG OLED55B46LA<\/p>\n<p>Este televisor da LG que inclui um ecr\u00e3 com tecnologia OLED (LEDs org\u00e2nicos) e uma resolu\u00e7\u00e3o 4K, com 55&#8243;, \u00e9 bem equipado e cumpre, de forma exemplar, no mais relevante, apresentando um excelente desempenho nos testes laboratoriais. Nos dois crit\u00e9rios mais relevantes, a qualidade de imagem e de som, o teste foi superado. As imagens t\u00eam qualidade, assim como o som. Apresenta uma qualidade acima da maioria dos TV\u00b4s do seu segmento. \u00a0<\/p>\n<p>O consumo de energia deste aparelho \u00e9 moderado. Ap\u00f3s o ajuste das defini\u00e7\u00f5es de origem, apresentou o valor de 59W. A facilidade de utiliza\u00e7\u00e3o \u00e9 boa, mas a navega\u00e7\u00e3o no seu portal Smart TV \u00e9 apenas razo\u00e1vel. Suporta o novo formato de v\u00eddeos em alta gama din\u00e2mica (HDR), permitindo obter n\u00edveis de contraste mais elevados. A inclus\u00e3o do &#8220;Google Cast&#8221; e &#8220;AirPlay&#8221; facilita o streaming de conte\u00fados a partir de telem\u00f3veis Android e iOS.<\/p>\n<p style=\"text-align: center;\"><img decoding=\"async\" alt=\"Televisor LG OLED55B46LA\" src=\"https:\/\/www.europesays.com\/pt\/wp-content\/uploads\/2025\/12\/televisoes-interior-500x350.jpg\"\/><\/p>\n<p style=\"text-align: center;\"><a role=\"button\" href=\"https:\/\/www.worten.pt\/produtos\/tv-lg-oled55b46la-oled-55-139-cm-4k-ultra-hd-8022703?sv1=affiliate&amp;sv1=affiliate&amp;sv_campaign_id=852257&amp;sv_campaign_id=852257&amp;awc=99897_1765985039_f7e06d679e9c71784ef13d8c935f52ff&amp;utm_source=awin&amp;utm_id=852257_&amp;utm_campaign=affiliate\" class=\"btn btn--primary btn--large\" style=\"text-align: center;\" target=\"_blank\">Aproveitar a oferta<\/a><\/p>\n<p>APPLE IPHONE 16 PLUS 512GB<\/p>\n<p>A qualidade geral deste smartphone \u00e9 muito boa, destacando-se de forma muito significativa da generalidade dos modelos do seu segmento, fabricado por uma das marcas mais fi\u00e1veis. Apesar de n\u00e3o ser o modelo mais recente, tem um excelente desempenho e permite a atualiza\u00e7\u00e3o para a vers\u00e3o mais recente do sistema operativo.\u00a0<\/p>\n<p>Com 6,7 polegadas, o ecr\u00e3 deste telefone \u00e9 muito bom, tanto em termos de responsividade da fun\u00e7\u00e3o t\u00e1til como no brilho. A bateria tem uma dura\u00e7\u00e3o razo\u00e1vel: nos testes, os seus 4674 mAh permitiram que atingisse 47 horas de autonomia. Os 512 GB de mem\u00f3ria declarada s\u00e3o certamente o suficiente para armazenar muitos dados, mesmo que uma parte desse espa\u00e7o j\u00e1 seja usada pelo sistema operativo e pelas aplica\u00e7\u00f5es pr\u00e9-instaladas.<\/p>\n<p>\u00c9 um aparelho muito robusto que superou oexigente teste de resist\u00eancia sem qualquer problema. Como a maioria dos modelos desta faixa de pre\u00e7o, este telefone \u00e9 bastante potente, podendo ser utilizado tamb\u00e9m para tarefas que exijam velocidade, como jogos. <\/p>\n<p style=\"text-align: center;\"><img decoding=\"async\" alt=\"APPLE IPHONE 16 PLUS 512GB\" src=\"https:\/\/www.europesays.com\/pt\/wp-content\/uploads\/2025\/12\/iphone16-plus-interior-500x350.jpg\"\/><\/p>\n<p style=\"text-align: center;\"><a role=\"button\" href=\"https:\/\/www.worten.pt\/produtos\/iphone-16-plus-apple-6-7-512-gb-rosa-8155745?sv1=affiliate&amp;sv_campaign_id=852257&amp;awc=99897_1765988180_4fde45f87f91fdccfe190c1eef928e00&amp;utm_source=awin&amp;utm_id=852257_&amp;utm_campaign=affiliate&amp;sv1=affiliate&amp;sv_campaign_id=852257\" class=\"btn btn--primary btn--large\" style=\"text-align: center;\" target=\"_blank\">Aproveitar a oferta<\/a><\/p>\n<p style=\"text-align: center;\">\u00a0<\/p>\n<p>APPLE IPHONE 15 512GB<\/p>\n<p>Este modelo da Apple j\u00e1 +e antigo, com muito tempo no mercado. Apresenta uma excelente qualidade geral, nitidamente superior ao que se encontra na generalidade dos modelos do seu segmento. <\/p>\n<p>O Apple IPHONE 15 512GB entrou no mercado com o iOS 17,0,2, mas, como todos os iPhones recentes, recebeu uma actualiza\u00e7\u00e3o da \u00faltima vers\u00e3o do iOS, o 18. Com 6,1 polegadas, o ecr\u00e3 do telefone \u00e9 muito bom, tanto em termos de responsividade da fun\u00e7\u00e3o t\u00e1til como no brilho. A bateria tem uma dura\u00e7\u00e3o razo\u00e1vel: no cen\u00e1rio de utiliza\u00e7\u00e3o dos testes, os seus 3349 mAh permitem que atinja 41 horas de autonomia.<\/p>\n<p>Os 512 GB de mem\u00f3ria declarada s\u00e3o o suficiente para o armazenamento de muitos dados. Por ser um modelo bastante potente, pode ser utilizado tamb\u00e9m para tarefas que exijam velocidade, como jogos.<br \/>\u00a0<\/p>\n<p style=\"text-align: center;\"><img decoding=\"async\" alt=\"APPLE IPHONE 15 512GB\" src=\"https:\/\/www.europesays.com\/pt\/wp-content\/uploads\/2025\/12\/iphone15-interior-500x350.jpg\"\/><\/p>\n<p style=\"text-align: center;\"><a role=\"button\" href=\"https:\/\/www.worten.pt\/produtos\/iphone-15-apple-6-1-512-gb-verde-7851134?sv1=affiliate&amp;sv1=affiliate&amp;sv_campaign_id=852257&amp;sv_campaign_id=852257&amp;awc=99897_1765988436_585bb2991dbc9c7ea63b052f0ccd7bb0&amp;utm_source=awin&amp;utm_id=852257_&amp;utm_campaign=affiliate\" class=\"btn btn--primary btn--large\" style=\"text-align: center;\" target=\"_blank\">Aproveitar a oferta<\/a><\/p>\n<p style=\"text-align: center;\">\u00a0<\/p>\n<p>COMPUTADOR PORT\u00c1TIL APPLE MACBOOK AIR 15&#8221; M4<\/p>\n<p>O desempenho geral deste computador \u00e9 muito bom. Vem equipado com um processador Apple M4 e uma capacidade de armazenamento de 512GB. Conta com 16 GB de mem\u00f3ria RAM instalada. O ecr\u00e3 apresenta uma diagonal de imagem de 15,3 polegadas e uma resolu\u00e7\u00e3o de 2880&#215;1864 pix. N\u00e3o \u00e9 sensivel ao toque.<\/p>\n<p>Caso pretenda um computador para tarefas profissionais mais exigentes, este aparelho cumpre na \u00edntegra. Para tarefas profissionais que exijam um maior processamento gr\u00e1fico, como edi\u00e7\u00e3o de imagem ou de v\u00eddeo, pode contar com um excelente desempenho. Outro aspeto que caracteriza este computador \u00e9 a sua boa autonomia de bateria.\u00a0<\/p>\n<p>A qualidade do ecr\u00e3 \u00e9 boa, servindo as necessidades da maioria dos consumidores. Excelente n\u00edvel de intensidade luminosa para o uso no exterior ou em locais com luz natural um pouco mais abundante. As colunas integradas permitem a obten\u00e7\u00e3o de uma boa qualidade sonora. Pode contar com materiais de qualidade. <\/p>\n<p style=\"text-align: center;\"><img decoding=\"async\" alt=\"Computador port\u00e1til APPLE MACBOOK AIR 15'' M4\" src=\"https:\/\/www.europesays.com\/pt\/wp-content\/uploads\/2025\/12\/macbook-air-15-m4-interior-500x350.jpg\"\/><\/p>\n<p style=\"text-align: center;\"><a role=\"button\" href=\"https:\/\/www.worten.pt\/produtos\/macbook-air-apple-luz-das-estrelas-15-3-apple-m4-10-core-ram-16-gb-512-gb-10-core-8388765?sv1=affiliate&amp;sv_campaign_id=852257&amp;awc=99897_1765988714_4e8164057d93606dcb293267e7613720&amp;utm_source=awin&amp;utm_id=852257_&amp;utm_campaign=affiliate&amp;sv1=affiliate&amp;sv_campaign_id=852257\" class=\"btn btn--primary btn--large\" style=\"text-align: center;\" target=\"_blank\">Aproveitar a oferta<\/a><\/p>\n<p style=\"text-align: center;\">\u00a0<\/p>\n<p><strong>Nota: <\/strong>Pelas compras em estabelecimentos afiliados, a DECO PROteste pode receber uma comiss\u00e3o da loja, que usa para financiar testes comparativos, sem que tal agrave o pre\u00e7o cobrado ao consumidor.<\/p>\n","protected":false},"excerpt":{"rendered":"Vai comprar uma prenda especial e quer aproveitar os descontos que as lojas f\u00edsicas e online fazem na&hellip;\n","protected":false},"author":2,"featured_media":192359,"comment_status":"","ping_status":"","sticky":false,"template":"","format":"standard","meta":{"footnotes":""},"categories":[84],"tags":[109,107,108,38646,32,33,105,103,104,106,110],"class_list":{"0":"post-192358","1":"post","2":"type-post","3":"status-publish","4":"format-standard","5":"has-post-thumbnail","7":"category-ciencia-e-tecnologia","8":"tag-ciencia","9":"tag-ciencia-e-tecnologia","10":"tag-cienciaetecnologia","11":"tag-natal-eletrodomesticos-worten-fnac-amazon-promocoes-descontos","12":"tag-portugal","13":"tag-pt","14":"tag-science","15":"tag-science-and-technology","16":"tag-scienceandtechnology","17":"tag-technology","18":"tag-tecnologia"},"share_on_mastodon":{"url":"https:\/\/pubeurope.com\/@pt\/115736296067813320","error":""},"_links":{"self":[{"href":"https:\/\/www.europesays.com\/pt\/wp-json\/wp\/v2\/posts\/192358","targetHints":{"allow":["GET"]}}],"collection":[{"href":"https:\/\/www.europesays.com\/pt\/wp-json\/wp\/v2\/posts"}],"about":[{"href":"https:\/\/www.europesays.com\/pt\/wp-json\/wp\/v2\/types\/post"}],"author":[{"embeddable":true,"href":"https:\/\/www.europesays.com\/pt\/wp-json\/wp\/v2\/users\/2"}],"replies":[{"embeddable":true,"href":"https:\/\/www.europesays.com\/pt\/wp-json\/wp\/v2\/comments?post=192358"}],"version-history":[{"count":0,"href":"https:\/\/www.europesays.com\/pt\/wp-json\/wp\/v2\/posts\/192358\/revisions"}],"wp:featuredmedia":[{"embeddable":true,"href":"https:\/\/www.europesays.com\/pt\/wp-json\/wp\/v2\/media\/192359"}],"wp:attachment":[{"href":"https:\/\/www.europesays.com\/pt\/wp-json\/wp\/v2\/media?parent=192358"}],"wp:term":[{"taxonomy":"category","embeddable":true,"href":"https:\/\/www.europesays.com\/pt\/wp-json\/wp\/v2\/categories?post=192358"},{"taxonomy":"post_tag","embeddable":true,"href":"https:\/\/www.europesays.com\/pt\/wp-json\/wp\/v2\/tags?post=192358"}],"curies":[{"name":"wp","href":"https:\/\/api.w.org\/{rel}","templated":true}]}}