{"id":192360,"date":"2025-12-17T18:22:14","date_gmt":"2025-12-17T18:22:14","guid":{"rendered":"https:\/\/www.europesays.com\/pt\/192360\/"},"modified":"2025-12-17T18:22:14","modified_gmt":"2025-12-17T18:22:14","slug":"lukashenko-pede-a-trump-que-nao-recue-europa-gritos-estridentes","status":"publish","type":"post","link":"https:\/\/www.europesays.com\/pt\/192360\/","title":{"rendered":"Lukashenko pede a Trump que &#8220;n\u00e3o recue&#8221;. Europa? &#8220;Gritos estridentes&#8221;"},"content":{"rendered":"<p>&#8220;Agora, depende muito da posi\u00e7\u00e3o de Trump e dos Estados Unidos. O importante \u00e9 que n\u00e3o recue na sua posi\u00e7\u00e3o. \u00c9 um homem de car\u00e1ter, impulsivo por vezes. Que n\u00e3o se canse de tudo isso disso e n\u00e3o se afaste&#8221;, disse Alexandr Lukashenko numa entrevista a um canal de televis\u00e3o norte-americano, segundo a ag\u00eancia de not\u00edcias BELTA.<\/p>\n<p>O l\u00edder bielorrusso, no poder desde 1994 e considerado o \u00faltimo ditador da Europa, insistiu que, se Trump &#8220;continuar a persistir no seu plano, haver\u00e1 um resultado&#8221;.<\/p>\n<p>&#8220;Os europeus n\u00e3o t\u00eam de interferir neste assunto com os seus gritos estridentes&#8221;, acrescentou.<\/p>\n<p>No entanto, declarou que, se Trump se desiludir, &#8220;a guerra continuar\u00e1&#8221; at\u00e9 que &#8220;prevale\u00e7am for\u00e7as na Ucr\u00e2nia que obriguem [o Presidente ucraniano, Volodymyr] Zelensky a aceitar a paz&#8221;.<\/p>\n<p>&#8220;E estas for\u00e7as obrigar\u00e3o Zelensky a procurar a paz assim que a frente de batalha ruir completamente. Embora o in\u00edcio deste processo j\u00e1 seja vis\u00edvel&#8221;, afirmou.<\/p>\n<p>Segundo Lukashenko, &#8220;todas as guerras terminam em paz. \u00c9 um cl\u00e1ssico. E esta guerra terminar\u00e1 em paz. Quanto mais cedo, menos pessoas morrer\u00e3o&#8221;, avaliou.<\/p>\n<p>O mais perigoso, de acordo com o l\u00edder bielorrusso, \u00e9 que o conflito continue, pois isso poderia levar a uma escalada &#8220;com consequ\u00eancias graves para a Europa e para o mundo&#8221;.<\/p>\n<p>&#8220;Por isso, \u00e9 necess\u00e1rio conter a guerra enquanto ainda \u00e9 poss\u00edvel. Agora, como nunca antes, existe uma hip\u00f3tese, depois de os norte-americanos se terem envolvido seriamente nesta quest\u00e3o&#8221;, referiu.<\/p>\n<p>A Bielorr\u00fassia e os Estados Unidos est\u00e3o a viver um degelo nas rela\u00e7\u00f5es ap\u00f3s reuni\u00f5es no passado fim de semana entre Lukashenko e o enviado da Casa Branca, John Cole. Minsk concordou em perdoar 123 prisioneiros, incluindo importantes l\u00edderes da oposi\u00e7\u00e3o, em troca da suspens\u00e3o das san\u00e7\u00f5es ao pot\u00e1ssio bielorrusso.<\/p>\n<p>Leia Tamb\u00e9m: <a href=\"https:\/\/www.noticiasaominuto.com\/mundo\/2904949\/lukashenko-abre-alas-para-maduro-na-bielorrussia\" target=\"_blank\" rel=\"noopener noreferrer nofollow\">Lukashenko abre alas para Maduro na Bielorr\u00fassia<\/a><\/p>\n","protected":false},"excerpt":{"rendered":"&#8220;Agora, depende muito da posi\u00e7\u00e3o de Trump e dos Estados Unidos. O importante \u00e9 que n\u00e3o recue na&hellip;\n","protected":false},"author":2,"featured_media":192361,"comment_status":"","ping_status":"","sticky":false,"template":"","format":"standard","meta":{"footnotes":""},"categories":[50],"tags":[27,28,15,16,14,25,26,21,22,62,12,13,19,20,23,24,17,18,29,30,31,63,64,65],"class_list":{"0":"post-192360","1":"post","2":"type-post","3":"status-publish","4":"format-standard","5":"has-post-thumbnail","7":"category-mundo","8":"tag-breaking-news","9":"tag-breakingnews","10":"tag-featured-news","11":"tag-featurednews","12":"tag-headlines","13":"tag-latest-news","14":"tag-latestnews","15":"tag-main-news","16":"tag-mainnews","17":"tag-mundo","18":"tag-news","19":"tag-noticias","20":"tag-noticias-principais","21":"tag-noticiasprincipais","22":"tag-principais-noticias","23":"tag-principaisnoticias","24":"tag-top-stories","25":"tag-topstories","26":"tag-ultimas","27":"tag-ultimas-noticias","28":"tag-ultimasnoticias","29":"tag-world","30":"tag-world-news","31":"tag-worldnews"},"share_on_mastodon":{"url":"https:\/\/pubeurope.com\/@pt\/115736303702702042","error":""},"_links":{"self":[{"href":"https:\/\/www.europesays.com\/pt\/wp-json\/wp\/v2\/posts\/192360","targetHints":{"allow":["GET"]}}],"collection":[{"href":"https:\/\/www.europesays.com\/pt\/wp-json\/wp\/v2\/posts"}],"about":[{"href":"https:\/\/www.europesays.com\/pt\/wp-json\/wp\/v2\/types\/post"}],"author":[{"embeddable":true,"href":"https:\/\/www.europesays.com\/pt\/wp-json\/wp\/v2\/users\/2"}],"replies":[{"embeddable":true,"href":"https:\/\/www.europesays.com\/pt\/wp-json\/wp\/v2\/comments?post=192360"}],"version-history":[{"count":0,"href":"https:\/\/www.europesays.com\/pt\/wp-json\/wp\/v2\/posts\/192360\/revisions"}],"wp:featuredmedia":[{"embeddable":true,"href":"https:\/\/www.europesays.com\/pt\/wp-json\/wp\/v2\/media\/192361"}],"wp:attachment":[{"href":"https:\/\/www.europesays.com\/pt\/wp-json\/wp\/v2\/media?parent=192360"}],"wp:term":[{"taxonomy":"category","embeddable":true,"href":"https:\/\/www.europesays.com\/pt\/wp-json\/wp\/v2\/categories?post=192360"},{"taxonomy":"post_tag","embeddable":true,"href":"https:\/\/www.europesays.com\/pt\/wp-json\/wp\/v2\/tags?post=192360"}],"curies":[{"name":"wp","href":"https:\/\/api.w.org\/{rel}","templated":true}]}}