{"id":192367,"date":"2025-12-17T18:26:06","date_gmt":"2025-12-17T18:26:06","guid":{"rendered":"https:\/\/www.europesays.com\/pt\/192367\/"},"modified":"2025-12-17T18:26:06","modified_gmt":"2025-12-17T18:26:06","slug":"obra-de-tarsila-amaral-na-casa-de-setubal-expoe-disputa-por-heranca-milionaria","status":"publish","type":"post","link":"https:\/\/www.europesays.com\/pt\/192367\/","title":{"rendered":"Obra de Tarsila Amaral na casa de Setubal exp\u00f5e disputa por heran\u00e7a milion\u00e1ria"},"content":{"rendered":"<p>O quadro \u201cSol Poente\u201d, feito em 1929 por Tarsila do Amaral, \u00e9 uma das obras de arte brasileiras mais disputadas para aparecer nos acervos de museus e galerias. Recentemente, a tela apareceu em lugar curioso da casa do ex-presidente do Ita\u00fa, Roberto Setubal. <\/p>\n<p>A situa\u00e7\u00e3o criou especula\u00e7\u00f5es diversas sobre uma <strong>poss\u00edvel venda do quadro avaliado em R$ 250 milh\u00f5es <\/strong>e <a href=\"https:\/\/www.infomoney.com.br\/minhas-financas\/o-que-liga-suposta-obra-de-tarsila-a-direito-que-artista-e-herdeiros-tem-e-nao-sabem\/\" target=\"_blank\" rel=\"noreferrer noopener nofollow\">alvo de uma disputa judicial envolvendo sua verdadeira dona,  Genevi\u00e8ve Boghici<\/a>. Em entrevista \u00e0 Folha, Genevi\u00e8ve negou qualquer tentativa de venda ou mesmo que o quadro tenha sa\u00eddo de sua prote\u00e7\u00e3o.<\/p>\n<p>A confus\u00e3o come\u00e7ou ap\u00f3s uma postagem no ano passado nas redes sociais de Daniela Fagundes, ex-esposa do banqueiro, em que o <strong>quadro aparece no fundo da imagem, pr\u00f3ximo ao ch\u00e3o, encostado na parede<\/strong>. O post foi apagado minutos depois da publica\u00e7\u00e3o.<\/p>\n<p>\t\t\t\t\t\t\t\t\t\tPlanejamento financeiro\t\t\t\t\t\t\t\t\t<\/p>\n<p>\t\t\t\t\t\t\t\t\t\tBaixe gratuitamente!\n\t\t\t\t\t\t\t\t\t\t\t\t\t\t\t<\/p>\n<p>\t\t\t\t\t\t<img decoding=\"async\" class=\"w-full h-full object-cover\" src=\"https:\/\/www.europesays.com\/pt\/wp-content\/uploads\/2025\/12\/1765995966_265_WhatsApp-Image-2025-11-03-at-15.45.16.jpeg\" alt=\"\"\/><\/p>\n<p>A <a href=\"https:\/\/www.infomoney.com.br\/tudo-sobre\/tarsila-do-amaral\/\" target=\"_blank\" rel=\"noreferrer noopener nofollow\">pintura de Tarsila atualmente pertence \u00e0 vi\u00fava de Jean Boghici, um dos principais colecionadores de arte do Brasil<\/a>. Por\u00e9m, a obra foi alvo de um golpe organizado pela pr\u00f3pria filha do casal, Sabine, no qual v\u00e1rias pe\u00e7as do acervo Boghici foram roubados num preju\u00edzo estimado em R$ 725 milh\u00f5es. <\/p>\n<p>Embora tenha sido recuperado pela pol\u00edcia, <strong>agora ele faz parte de uma a\u00e7\u00e3o relacionada \u00e0 heran\u00e7a do colecionador<\/strong>. A Justi\u00e7a pede para Genevi\u00e8ve indicar o paradeiro do quadro, bem como informar a totalidade da heran\u00e7a do marido para que seja realizado o invent\u00e1rio. \u201cSol Poente\u201d n\u00e3o pode ser vendido ou exposto sem autoriza\u00e7\u00e3o da Justi\u00e7a.<\/p>\n<p>Al\u00e9m de Sabine, o casal teve outra filha, Muriel, que tamb\u00e9m possui <a href=\"https:\/\/www.infomoney.com.br\/guias\/heranca\/\" target=\"_blank\" rel=\"noreferrer noopener nofollow\">direito \u00e0 partilha dos bens<\/a>. Sabine se suicidou h\u00e1 poucos anos, mas ela era casada com Rosa Stanesco, com quem tinha um filho adotivo \u2014 a Justi\u00e7a alega, no entanto, que o registro consta apenas Rosa como m\u00e3e adotiva.<\/p>\n<p class=\"py-2\">Continua depois da publicidade<\/p>\n<p>\u00c0 Folha, Genevi\u00e8ve disse que o quadro est\u00e1 com ela, mas n\u00e3o comentou o local exato da obra. Sobre a postagem de Daniela Fagundes, a dona da obra afirmou que a imagem publicada era <a href=\"https:\/\/www.infomoney.com.br\/consumo\/como-identificar-videos-imagens-feitos-ia\/\" target=\"_blank\" rel=\"noreferrer noopener nofollow\">resultado de edi\u00e7\u00e3o por intelig\u00eancia artificial<\/a>, visto que a tela sempre esteve com ela.<\/p>\n<p>J\u00e1 Fagundes declarou em outras publica\u00e7\u00f5es nas suas redes que a obra chegou \u00e0 casa do ex-presidente do Ita\u00fa por meio da galeria Almeida &amp; Dale, uma das mais influentes do pa\u00eds. Por sua vez, a galeria informa que n\u00e3o possui  qualquer registro, documento, consigna\u00e7\u00e3o ou opera\u00e7\u00e3o envolvendo a obra \u201cSol Poente\u201d.<\/p>\n<p>Uma fonte contou \u00e0 Folha que ofereceram a obra a Setubal e ela passou algum tempo em sua casa. No entanto, n\u00e3o seguiu com a aquisi\u00e7\u00e3o devido \u00e0 situa\u00e7\u00e3o judicial conturbada.<\/p>\n","protected":false},"excerpt":{"rendered":"O quadro \u201cSol Poente\u201d, feito em 1929 por Tarsila do Amaral, \u00e9 uma das obras de arte brasileiras&hellip;\n","protected":false},"author":2,"featured_media":192368,"comment_status":"","ping_status":"","sticky":false,"template":"","format":"standard","meta":{"footnotes":""},"categories":[144],"tags":[207,205,206,203,201,202,204,114,115,32341,27303,32,33,15722],"class_list":{"0":"post-192367","1":"post","2":"type-post","3":"status-publish","4":"format-standard","5":"has-post-thumbnail","7":"category-arte-e-design","8":"tag-arte","9":"tag-arte-e-design","10":"tag-artedesign","11":"tag-arts","12":"tag-arts-and-design","13":"tag-artsanddesign","14":"tag-design","15":"tag-entertainment","16":"tag-entretenimento","17":"tag-obra-de-arte","18":"tag-obras-de-arte","19":"tag-portugal","20":"tag-pt","21":"tag-tarsila-do-amaral"},"share_on_mastodon":{"url":"https:\/\/pubeurope.com\/@pt\/115736319550878454","error":""},"_links":{"self":[{"href":"https:\/\/www.europesays.com\/pt\/wp-json\/wp\/v2\/posts\/192367","targetHints":{"allow":["GET"]}}],"collection":[{"href":"https:\/\/www.europesays.com\/pt\/wp-json\/wp\/v2\/posts"}],"about":[{"href":"https:\/\/www.europesays.com\/pt\/wp-json\/wp\/v2\/types\/post"}],"author":[{"embeddable":true,"href":"https:\/\/www.europesays.com\/pt\/wp-json\/wp\/v2\/users\/2"}],"replies":[{"embeddable":true,"href":"https:\/\/www.europesays.com\/pt\/wp-json\/wp\/v2\/comments?post=192367"}],"version-history":[{"count":0,"href":"https:\/\/www.europesays.com\/pt\/wp-json\/wp\/v2\/posts\/192367\/revisions"}],"wp:featuredmedia":[{"embeddable":true,"href":"https:\/\/www.europesays.com\/pt\/wp-json\/wp\/v2\/media\/192368"}],"wp:attachment":[{"href":"https:\/\/www.europesays.com\/pt\/wp-json\/wp\/v2\/media?parent=192367"}],"wp:term":[{"taxonomy":"category","embeddable":true,"href":"https:\/\/www.europesays.com\/pt\/wp-json\/wp\/v2\/categories?post=192367"},{"taxonomy":"post_tag","embeddable":true,"href":"https:\/\/www.europesays.com\/pt\/wp-json\/wp\/v2\/tags?post=192367"}],"curies":[{"name":"wp","href":"https:\/\/api.w.org\/{rel}","templated":true}]}}