{"id":192371,"date":"2025-12-17T18:29:09","date_gmt":"2025-12-17T18:29:09","guid":{"rendered":"https:\/\/www.europesays.com\/pt\/192371\/"},"modified":"2025-12-17T18:29:09","modified_gmt":"2025-12-17T18:29:09","slug":"ebc-e-funarte-firmam-cooperacao-para-difusao-de-conteudo-cultural-no-radio-tv-e-plataformas-digitais","status":"publish","type":"post","link":"https:\/\/www.europesays.com\/pt\/192371\/","title":{"rendered":"EBC e Funarte firmam coopera\u00e7\u00e3o para difus\u00e3o de conte\u00fado cultural no r\u00e1dio, TV e plataformas digitais"},"content":{"rendered":"<p>A <strong>Empresa Brasil de Comunica\u00e7\u00e3o (EBC)<\/strong> e a <strong>Funda\u00e7\u00e3o Nacional de Artes (Funarte)<\/strong> firmaram um termo de coopera\u00e7\u00e3o com foco na produ\u00e7\u00e3o e veicula\u00e7\u00e3o de conte\u00fados culturais in\u00e9ditos por meio das emissoras p\u00fablicas de r\u00e1dio e TV, al\u00e9m das plataformas digitais. O an\u00fancio foi realizado nesta segunda-feira (15), no <strong>Rio de Janeiro (RJ)<\/strong>.<\/p>\n<p>O acordo, com validade de um ano, estabelece uma parceria estrat\u00e9gica para o desenvolvimento de programas sonoros e audiovisuais, como s\u00e9ries, miniss\u00e9ries e produ\u00e7\u00f5es de formatos variados, voltados \u00e0 valoriza\u00e7\u00e3o das express\u00f5es art\u00edsticas brasileiras. O conte\u00fado ser\u00e1 exibido nas emissoras da EBC, como a <strong>TV Brasil<\/strong>, <strong>R\u00e1dio Nacional<\/strong>, <strong>R\u00e1dio MEC<\/strong>, al\u00e9m das plataformas digitais do grupo.<\/p>\n<p>A presidenta da Funarte, <strong>Maria Marighella<\/strong>, destacou que a proposta tem como objetivo ampliar o espa\u00e7o para os artistas brasileiros, com prioridade para aqueles que participam dos programas da entidade. \u201cA ideia \u00e9 fazer a difus\u00e3o da m\u00fasica, de conte\u00fado art\u00edstico, de produ\u00e7\u00e3o audiovisual. A estrat\u00e9gia \u00e9 dar voz aos artistas brasileiros, sobretudo os que est\u00e3o inscritos nos nossos programas\u201d, afirmou.<\/p>\n<p>A diretora de Conte\u00fado e Programa\u00e7\u00e3o da EBC, <strong>Antonia Pellegrino<\/strong>, refor\u00e7ou o papel da empresa p\u00fablica na forma\u00e7\u00e3o cr\u00edtica por meio da cultura. \u201cSe a miss\u00e3o da EBC \u00e9 fomentar o senso cr\u00edtico, a ferramenta deve ser a cultura\u201d, declarou. J\u00e1 o diretor-presidente da EBC, <strong>Andr\u00e9 Basbaum<\/strong>, ressaltou que os canais da estatal \u201cs\u00e3o lugar de distribui\u00e7\u00e3o e de amplifica\u00e7\u00e3o das vozes da cultura brasileira.\u201d<\/p>\n<p style=\"text-align: center;\"><img decoding=\"async\" alt=\"\" src=\"https:\/\/www.europesays.com\/pt\/wp-content\/uploads\/2025\/12\/6942a46db8e35.jpg\" style=\"height:362px; width:600px\" \/><br \/>&#13;<br \/>\nFernando Fraz\u00e3o\/Ag\u00eancia Brasil<\/p>\n<p>A iniciativa n\u00e3o envolve repasses financeiros ou cess\u00e3o de servidores. A EBC poder\u00e1 licenciar e comercializar os conte\u00fados produzidos a partir do acordo, tanto no Brasil quanto no exterior.<\/p>\n<p>A assinatura do termo de coopera\u00e7\u00e3o ocorre na v\u00e9spera do anivers\u00e1rio de 50 anos da Funarte. Nesta ter\u00e7a-feira (16), est\u00e3o previstas a\u00e7\u00f5es comemorativas no <strong>Rio de Janeiro<\/strong>, incluindo a reinaugura\u00e7\u00e3o do <strong>Centro T\u00e9cnico de Artes<\/strong>, na Lapa, e a inaugura\u00e7\u00e3o da lona <strong>Mestre Jamel\u00e3o, o Diamante Negro<\/strong>, na <strong>Escola Nacional de Circo Luiz Olimecha (ENCLO)<\/strong>, localizada na Pra\u00e7a da Bandeira.<\/p>\n<p>Com informa\u00e7\u00f5es da Ag\u00eancia Brasil<\/p>\n<p>&#13;<br \/>\n\t\t\t\tTags:&#13;<br \/>\n\t\t\t\tEBC, Funarte, Cultura, R\u00e1dio P\u00fablica, TV Brasil, Maria Marighella, Minist\u00e9rio da Cultura&#13;\n\t\t\t<\/p>\n","protected":false},"excerpt":{"rendered":"A Empresa Brasil de Comunica\u00e7\u00e3o (EBC) e a Funda\u00e7\u00e3o Nacional de Artes (Funarte) firmaram um termo de coopera\u00e7\u00e3o&hellip;\n","protected":false},"author":2,"featured_media":192372,"comment_status":"","ping_status":"","sticky":false,"template":"","format":"standard","meta":{"footnotes":""},"categories":[141],"tags":[315,3788,114,115,38647,38648,14081,149,150,32,33,36700,3787],"class_list":{"0":"post-192371","1":"post","2":"type-post","3":"status-publish","4":"format-standard","5":"has-post-thumbnail","7":"category-musica","8":"tag-cultura","9":"tag-ebc","10":"tag-entertainment","11":"tag-entretenimento","12":"tag-funarte","13":"tag-maria-marighella","14":"tag-ministerio-da-cultura","15":"tag-music","16":"tag-musica","17":"tag-portugal","18":"tag-pt","19":"tag-radio-publica","20":"tag-tv-brasil"},"share_on_mastodon":{"url":"https:\/\/pubeurope.com\/@pt\/115736331362837576","error":""},"_links":{"self":[{"href":"https:\/\/www.europesays.com\/pt\/wp-json\/wp\/v2\/posts\/192371","targetHints":{"allow":["GET"]}}],"collection":[{"href":"https:\/\/www.europesays.com\/pt\/wp-json\/wp\/v2\/posts"}],"about":[{"href":"https:\/\/www.europesays.com\/pt\/wp-json\/wp\/v2\/types\/post"}],"author":[{"embeddable":true,"href":"https:\/\/www.europesays.com\/pt\/wp-json\/wp\/v2\/users\/2"}],"replies":[{"embeddable":true,"href":"https:\/\/www.europesays.com\/pt\/wp-json\/wp\/v2\/comments?post=192371"}],"version-history":[{"count":0,"href":"https:\/\/www.europesays.com\/pt\/wp-json\/wp\/v2\/posts\/192371\/revisions"}],"wp:featuredmedia":[{"embeddable":true,"href":"https:\/\/www.europesays.com\/pt\/wp-json\/wp\/v2\/media\/192372"}],"wp:attachment":[{"href":"https:\/\/www.europesays.com\/pt\/wp-json\/wp\/v2\/media?parent=192371"}],"wp:term":[{"taxonomy":"category","embeddable":true,"href":"https:\/\/www.europesays.com\/pt\/wp-json\/wp\/v2\/categories?post=192371"},{"taxonomy":"post_tag","embeddable":true,"href":"https:\/\/www.europesays.com\/pt\/wp-json\/wp\/v2\/tags?post=192371"}],"curies":[{"name":"wp","href":"https:\/\/api.w.org\/{rel}","templated":true}]}}