{"id":192390,"date":"2025-12-17T18:48:20","date_gmt":"2025-12-17T18:48:20","guid":{"rendered":"https:\/\/www.europesays.com\/pt\/192390\/"},"modified":"2025-12-17T18:48:20","modified_gmt":"2025-12-17T18:48:20","slug":"nao-havia-ninguem-mais-genuino-amoroso-e-atencioso-do-que-ozzy-osbourne-diz-rob-halford","status":"publish","type":"post","link":"https:\/\/www.europesays.com\/pt\/192390\/","title":{"rendered":"&#8220;N\u00e3o havia ningu\u00e9m mais genu\u00edno, amoroso e atencioso do que Ozzy Osbourne&#8221;, diz Rob Halford"},"content":{"rendered":"<p>Ozzy Osbourne \u00e9 um dos nomes mais emblem\u00e1ticos da hist\u00f3ria do heavy metal. Vocalista original do <a href=\"https:\/\/whiplash.net\/bandas\/b\/blacksabbath.html\" class=\"hotwords\" rel=\"nofollow noopener\" target=\"_blank\">Black Sabbath<\/a> e, posteriormente, da banda batizada com seu nome art\u00edstico, o cantor ingl\u00eas ajudou a moldar os alicerces do g\u00eanero e deixou um legado que atravessa gera\u00e7\u00f5es.<\/p>\n<p>Ao longo de sua trajet\u00f3ria, Ozzy imortalizou can\u00e7\u00f5es que se tornaram refer\u00eancias absolutas do estilo, como &#8220;Paranoid&#8221;, &#8220;Iron Man&#8221;, &#8220;Children of the Grave&#8221;, &#8220;Mr. Crowley&#8221;, &#8220;Bark at the Moon&#8221; e &#8220;No More Tears&#8221;. O impacto dessas composi\u00e7\u00f5es vai al\u00e9m do sucesso comercial, consolidando uma est\u00e9tica, uma atitude e uma identidade que influenciaram incont\u00e1veis artistas.<\/p>\n<p><a href=\"https:\/\/whiplash.net\/bandas\/o\/ozzyosbourne.html\" class=\"linkBotao\" rel=\"nofollow noopener\" target=\"_blank\">Ozzy Osbourne &#8211; Mais Novidades<\/a><\/p>\n<p>CONTINUA DEPOIS DA PUBLICIDADE &#8211; CLI<\/p>\n<p>&#13;<br \/>\n&#13;<br \/>\n&#13;<br \/>\n&#13;<br \/>\n&#13;<br \/>\n&#13;<br \/>\n&#13;<br \/>\n&#13;<br \/>\n<a href=\"https:\/\/whiplash.net\/materias\/whiplash\/027002.html\" rel=\"nofollow noopener\" target=\"_blank\"><img decoding=\"async\" src=\"https:\/\/www.europesays.com\/pt\/wp-content\/uploads\/2025\/12\/1765913769_10_anunciar_diabo_336x280.gif\" loading=\"lazy\" width=\"336\" height=\"280\" class=\"widthConstrained\" style=\"background-color:#000000;display:block;\" alt=\"Anunciar bandas e shows de Rock e Heavy Metal\"\/><\/a>&#13;<\/p>\n<p><a target=\"_blank\" href=\"https:\/\/www.europesays.com\/pt\/wp-content\/uploads\/2025\/12\/ozzyosbourne_patient_capa_corte.jpg\"><img loading=\"lazy\" decoding=\"async\" src=\"https:\/\/www.europesays.com\/pt\/wp-content\/uploads\/2025\/12\/ozzyosbourne_patient_capa_corte.jpg\" class=\"widthConstrained\" width=\"700\" height=\"366\" alt=\"Foto: Reprodu\u00e7\u00e3o\"\/><\/a>Foto: Reprodu\u00e7\u00e3o<\/p>\n<p>Al\u00e9m de ser um m\u00fasico influente, Ozzy se destacava por qualidades pessoais, frequentemente lembradas por colegas de profiss\u00e3o. Um desses depoimentos veio de Rob Halford, vocalista do Judas Priest e amigo pr\u00f3ximo do Pr\u00edncipe das Trevas, que falou sobre a conviv\u00eancia com o cantor em uma entrevista recente \u00e0 revista <a href=\"https:\/\/www.loudersound.com\/news\/judas-priest-rob-halford-remembers-recording-studio-chaos-ozzy-osbourne-2025\" rel=\"nofollow noopener\" target=\"_blank\">Metal Hammer<\/a>.<\/p>\n<p>CONTINUA DEPOIS DA PUBLICIDADE &#8211; GOO<\/p>\n<p>&#13;<br \/>\n&#13;<br \/>\n&#13;<br \/>\n&#13;<br \/>\n<a href=\"https:\/\/whiplash.net\/materias\/whiplash\/027002.html\" rel=\"nofollow noopener\" target=\"_blank\"><img decoding=\"async\" src=\"https:\/\/www.europesays.com\/pt\/wp-content\/uploads\/2025\/12\/1765913769_10_anunciar_diabo_336x280.gif\" loading=\"lazy\" width=\"336\" height=\"280\" alt=\"Anunciar no Whiplash.Net\"\/><\/a>&#13;<br \/>\n&#13;<br \/>\n&#13;<br \/>\n&#13;<br \/>\n&#13;<br \/>\n&#13;<br \/>\n<a href=\"https:\/\/whiplash.net\/materias\/whiplash\/027002.html\" rel=\"nofollow noopener\" target=\"_blank\"><img decoding=\"async\" src=\"https:\/\/www.europesays.com\/pt\/wp-content\/uploads\/2025\/12\/1765913769_10_anunciar_diabo_336x280.gif\" loading=\"lazy\" width=\"336\" height=\"280\" class=\"widthConstrained\" style=\"background-color:#000000;display:block;\" alt=\"Anunciar bandas e shows de Rock e Heavy Metal\"\/><\/a>&#13;<\/p>\n<p>Ao comentar sobre a personalidade de Ozzy, Halford fez quest\u00e3o de ressaltar a autenticidade e a generosidade do amigo. Segundo o vocalista, a imagem p\u00fablica do Madman jamais se sobrep\u00f4s \u00e0 ess\u00eancia de algu\u00e9m profundamente ligado \u00e0s pr\u00f3prias origens.<\/p>\n<p>&#8220;Ozzy sempre foi Ozzy, de certa forma. Acho que \u00e9 isso que todos n\u00f3s amamos nele. N\u00e3o havia ningu\u00e9m mais genu\u00edno, amoroso e atencioso do que Ozzy Osbourne. A gente ouve dizer: &#8216;N\u00e3o conhe\u00e7a seus \u00eddolos&#8217;. Ozzy n\u00e3o era nada disso \u2013 um cara m\u00e1gico que nunca se esqueceu de suas ra\u00edzes em Birmingham. Ele daria a pr\u00f3pria camisa para voc\u00ea.&#8221;<\/p>\n<p>Infelizmente, <a href=\"https:\/\/whiplash.net\/bandas\/o\/ozzyosbourne.html\" class=\"hotwords\" rel=\"nofollow noopener\" target=\"_blank\">Ozzy Osbourne<\/a> n\u00e3o se encontra mais entre n\u00f3s. O cantor ingl\u00eas faleceu em 22 de julho de 2025, aos 76 anos, 17 dias ap\u00f3s ter realizado o \u00faltimo show de sua trajet\u00f3ria.<\/p>\n<p>CONTINUA DEPOIS DA PUBLICIDADE &#8211; CLI<\/p>\n<p>&#13;<br \/>\n&#13;<br \/>\n&#13;<br \/>\n&#13;<br \/>\n&#13;<br \/>\n&#13;<br \/>\n&#13;<br \/>\n&#13;<br \/>\n<a href=\"https:\/\/whiplash.net\/materias\/whiplash\/027002.html\" rel=\"nofollow noopener\" target=\"_blank\"><img decoding=\"async\" src=\"https:\/\/www.europesays.com\/pt\/wp-content\/uploads\/2025\/12\/1765913769_10_anunciar_diabo_336x280.gif\" loading=\"lazy\" width=\"336\" height=\"280\" class=\"widthConstrained\" style=\"background-color:#000000;display:block;\" alt=\"Anunciar bandas e shows de Rock e Heavy Metal\"\/><\/a>&#13;<\/p>\n","protected":false},"excerpt":{"rendered":"Ozzy Osbourne \u00e9 um dos nomes mais emblem\u00e1ticos da hist\u00f3ria do heavy metal. Vocalista original do Black Sabbath&hellip;\n","protected":false},"author":2,"featured_media":192391,"comment_status":"","ping_status":"","sticky":false,"template":"","format":"standard","meta":{"footnotes":""},"categories":[141],"tags":[114,115,149,150,32,33],"class_list":{"0":"post-192390","1":"post","2":"type-post","3":"status-publish","4":"format-standard","5":"has-post-thumbnail","7":"category-musica","8":"tag-entertainment","9":"tag-entretenimento","10":"tag-music","11":"tag-musica","12":"tag-portugal","13":"tag-pt"},"share_on_mastodon":{"url":"https:\/\/pubeurope.com\/@pt\/115736406991783302","error":""},"_links":{"self":[{"href":"https:\/\/www.europesays.com\/pt\/wp-json\/wp\/v2\/posts\/192390","targetHints":{"allow":["GET"]}}],"collection":[{"href":"https:\/\/www.europesays.com\/pt\/wp-json\/wp\/v2\/posts"}],"about":[{"href":"https:\/\/www.europesays.com\/pt\/wp-json\/wp\/v2\/types\/post"}],"author":[{"embeddable":true,"href":"https:\/\/www.europesays.com\/pt\/wp-json\/wp\/v2\/users\/2"}],"replies":[{"embeddable":true,"href":"https:\/\/www.europesays.com\/pt\/wp-json\/wp\/v2\/comments?post=192390"}],"version-history":[{"count":0,"href":"https:\/\/www.europesays.com\/pt\/wp-json\/wp\/v2\/posts\/192390\/revisions"}],"wp:featuredmedia":[{"embeddable":true,"href":"https:\/\/www.europesays.com\/pt\/wp-json\/wp\/v2\/media\/192391"}],"wp:attachment":[{"href":"https:\/\/www.europesays.com\/pt\/wp-json\/wp\/v2\/media?parent=192390"}],"wp:term":[{"taxonomy":"category","embeddable":true,"href":"https:\/\/www.europesays.com\/pt\/wp-json\/wp\/v2\/categories?post=192390"},{"taxonomy":"post_tag","embeddable":true,"href":"https:\/\/www.europesays.com\/pt\/wp-json\/wp\/v2\/tags?post=192390"}],"curies":[{"name":"wp","href":"https:\/\/api.w.org\/{rel}","templated":true}]}}