{"id":192392,"date":"2025-12-17T18:49:14","date_gmt":"2025-12-17T18:49:14","guid":{"rendered":"https:\/\/www.europesays.com\/pt\/192392\/"},"modified":"2025-12-17T18:49:14","modified_gmt":"2025-12-17T18:49:14","slug":"homelander-e-superman-finalmente-vao-se-enfrentar-em-crossover-oficial-da-dc-com-the-boys","status":"publish","type":"post","link":"https:\/\/www.europesays.com\/pt\/192392\/","title":{"rendered":"Homelander e Superman finalmente v\u00e3o se enfrentar em crossover oficial da DC com The Boys"},"content":{"rendered":"<p>Uma das discuss\u00f5es mais antigas entre f\u00e3s de quadrinhos e s\u00e9ries finalmente vai ganhar uma resposta oficial. Homelander e Superman v\u00e3o se enfrentar em um crossover entre a DC e The Boys, previsto para acontecer em 2026, antes da estreia da quinta e \u00faltima temporada da s\u00e9rie do Prime Video.<\/p>\n<p>O confronto far\u00e1 parte do evento especial DC\u2019s KO Boss Battle, que expande o arco iniciado em outubro e coloca her\u00f3is e vil\u00f5es do universo DC diante de advers\u00e1rios vindos de outras franquias. Ap\u00f3s enfrentarem amea\u00e7as dentro do pr\u00f3prio multiverso, os personagens agora precisam buscar desafios externos para seguir acumulando Energia \u00d4mega, elemento central da trama que permitir\u00e1 a um deles se tornar o chamado Rei \u00d4mega e, assim, desafiar Darkseid.<\/p>\n<p><img fetchpriority=\"high\" decoding=\"async\" class=\"alignnone size-full wp-image-407779\" src=\"data:image\/svg+xml,%3Csvg%20xmlns=\" http:=\"\" alt=\"Homelander e Superman\" width=\"1914\" height=\"1079\" title=\"Homelander e Superman finalmente v\u00e3o se enfrentar em crossover oficial da DC com The Boys 1\" data-lazy- data-lazy- data-lazy-src=\"https:\/\/www.europesays.com\/pt\/wp-content\/uploads\/2025\/12\/Captura-de-tela-2025-12-17-131610.png\"\/><\/p>\n<p>Segundo informa\u00e7\u00f5es do Bleeding Cool News, o embate entre Superman e Homelander ser\u00e1 um dos grandes destaques do evento. Artes promocionais j\u00e1 reveladas confirmam o duelo, incluindo uma ilustra\u00e7\u00e3o assinada por Darick Robertson, co-criador de The Boys, que mostra Homelander atacando Superman com sua vis\u00e3o a laser, habilidade compartilhada por ambos.<\/p>\n<p>Al\u00e9m do confronto principal, o crossover reunir\u00e1 personagens de outras franquias conhecidas. Lutadores de Mortal Kombat, como Sub-Zero, tamb\u00e9m far\u00e3o parte do evento, embora seus confrontos ainda n\u00e3o tenham sido totalmente detalhados. Outros duelos incluem Mulher-Maravilha contra Vampirella e Samantha Strong, de Beneath the Trees, enfrentando o Coringa.<\/p>\n<p>O evento KO Boss Battle est\u00e1 marcado para fevereiro de 2026, servindo como uma esp\u00e9cie de aquecimento para o encerramento de The Boys, cuja temporada final chega ainda no mesmo ano.<\/p>\n<p>Fonte: <a href=\"https:\/\/www.thegamer.com\/homelander-vs-superman-dc-the-boys-crossover\/\" target=\"_blank\" rel=\"noopener nofollow\">Thegamer<\/a><\/p>\n<p>\u00a0<\/p>\n<p><a href=\"https:\/\/www.gamevicio.com\/noticias\/2025\/08\/console-retro-barato\/\" rel=\"nofollow noopener\" target=\"_blank\"><strong>Console retr\u00f4: 5 modelos em oferta<\/strong>\u00a0na Amazon<\/a>\u00a0e\u00a0<a href=\"https:\/\/www.gamevicio.com\/noticias\/2025\/08\/5-volantes-com-pedais-gamers\/\" rel=\"nofollow noopener\" target=\"_blank\"><strong>5 volantes com pedais para aproveitar jogos de corrida ao m\u00e1ximo<\/strong><\/a><\/p>\n","protected":false},"excerpt":{"rendered":"Uma das discuss\u00f5es mais antigas entre f\u00e3s de quadrinhos e s\u00e9ries finalmente vai ganhar uma resposta oficial. Homelander&hellip;\n","protected":false},"author":2,"featured_media":192393,"comment_status":"","ping_status":"","sticky":false,"template":"","format":"standard","meta":{"footnotes":""},"categories":[140],"tags":[114,115,147,148,146,32,33],"class_list":{"0":"post-192392","1":"post","2":"type-post","3":"status-publish","4":"format-standard","5":"has-post-thumbnail","7":"category-filmes","8":"tag-entertainment","9":"tag-entretenimento","10":"tag-film","11":"tag-filmes","12":"tag-movies","13":"tag-portugal","14":"tag-pt"},"share_on_mastodon":{"url":"https:\/\/pubeurope.com\/@pt\/115736409852224972","error":""},"_links":{"self":[{"href":"https:\/\/www.europesays.com\/pt\/wp-json\/wp\/v2\/posts\/192392","targetHints":{"allow":["GET"]}}],"collection":[{"href":"https:\/\/www.europesays.com\/pt\/wp-json\/wp\/v2\/posts"}],"about":[{"href":"https:\/\/www.europesays.com\/pt\/wp-json\/wp\/v2\/types\/post"}],"author":[{"embeddable":true,"href":"https:\/\/www.europesays.com\/pt\/wp-json\/wp\/v2\/users\/2"}],"replies":[{"embeddable":true,"href":"https:\/\/www.europesays.com\/pt\/wp-json\/wp\/v2\/comments?post=192392"}],"version-history":[{"count":0,"href":"https:\/\/www.europesays.com\/pt\/wp-json\/wp\/v2\/posts\/192392\/revisions"}],"wp:featuredmedia":[{"embeddable":true,"href":"https:\/\/www.europesays.com\/pt\/wp-json\/wp\/v2\/media\/192393"}],"wp:attachment":[{"href":"https:\/\/www.europesays.com\/pt\/wp-json\/wp\/v2\/media?parent=192392"}],"wp:term":[{"taxonomy":"category","embeddable":true,"href":"https:\/\/www.europesays.com\/pt\/wp-json\/wp\/v2\/categories?post=192392"},{"taxonomy":"post_tag","embeddable":true,"href":"https:\/\/www.europesays.com\/pt\/wp-json\/wp\/v2\/tags?post=192392"}],"curies":[{"name":"wp","href":"https:\/\/api.w.org\/{rel}","templated":true}]}}