{"id":192398,"date":"2025-12-17T18:58:16","date_gmt":"2025-12-17T18:58:16","guid":{"rendered":"https:\/\/www.europesays.com\/pt\/192398\/"},"modified":"2025-12-17T18:58:16","modified_gmt":"2025-12-17T18:58:16","slug":"como-a-ucrania-afundou-pela-primeira-vez-um-submarino-russo-com-drones-subaquaticos","status":"publish","type":"post","link":"https:\/\/www.europesays.com\/pt\/192398\/","title":{"rendered":"Como a Ucr\u00e2nia afundou, pela primeira vez, um submarino russo com drones subaqu\u00e1ticos"},"content":{"rendered":"<p class=\"wp-caption-text top\"><a href=\"https:\/\/commons.wikimedia.org\/wiki\/File:Kilo-Class_Russian_Submarine_MOD_45165128.jpg\" rel=\"nofollow external noopener noreferrer\" data-wpel-link=\"external\" target=\"_blank\" class=\"ext-link\">Guy Pool \/ Wikipedia<\/a><\/p>\n<p><img decoding=\"async\" loading=\"lazy\" class=\"size-kopa-image-size-3 wp-image-717337\" src=\"https:\/\/www.europesays.com\/pt\/wp-content\/uploads\/2025\/12\/a39f080560b3edcd1407dfc5da0a1566-783x450.jpg\" alt=\"\" width=\"700\" height=\"402\"  \/><\/p>\n<p class=\"wp-caption-text bot\">Submarino russo da class Kilo fotografado no Canal da Mancha, ao largo da costa do Reino Unido<\/p>\n<p><strong>Kiev garante que um novo drone submarino danificou para l\u00e1 de qualquer repara\u00e7\u00e3o um submarino russo da classe Kilo na base de Novorossiysk, abrindo um novo cap\u00edtulo na guerra naval entre os dois pa\u00edses.<br \/><\/strong><\/p>\n<p>Drones submarinos atacaram um submarino pela primeira vez na hist\u00f3ria, assinalando um marco na evolu\u00e7\u00e3o da guerra naval e abrindo mais um cap\u00edtulo num futuro dominado por <strong>unidades n\u00e3o tripuladas<\/strong>.<\/p>\n<p>Segundo os servi\u00e7os de informa\u00e7\u00f5es de Kiev, os novos drones subaqu\u00e1ticos <strong>Sub Sea Baby<\/strong>, da Marinha ucraniana, atingiram e inutilizaram um submarino russo de \u00faltima gera\u00e7\u00e3o da classe Kilo na base de Novorossiysk, no Mar Negro.<\/p>\n<p>A embarca\u00e7\u00e3o. com um custo avaliado em mais de <strong>340 milh\u00f5es de euros<\/strong>, foi destru\u00eddo por um drone kamikaze cujo custo n\u00e3o ultrapassa os 10 mil euros, salienta o <a href=\"https:\/\/www.elconfidencial.com\/tecnologia\/novaceno\/2025-12-16\/ucrania-hunde-submarino-ruso-drones-subacuaticos_4267698\/\" data-wpel-link=\"external\" target=\"_blank\" rel=\"nofollow external noopener noreferrer\" class=\"ext-link\">El Confidencial<\/a>.<\/p>\n<p>O ataque, conduzido pelo Servi\u00e7o de Seguran\u00e7a da Ucr\u00e2nia (SBU), e que os russos negam, apesar do v\u00eddeo divulgado por Kiev, ter\u00e1 deixado o submarino da Marinha russa <strong>fora de servi\u00e7o<\/strong>, ao provocar danos vitais na popa do navio, tornando-o inutiliz\u00e1vel.<\/p>\n<p>Este submarino \u00e9 capaz de transportar <strong>m\u00edsseis de cruzeiro Kalibr<\/strong>, um elemento-chave na campanha de terror contra a popula\u00e7\u00e3o civil ucraniana, orquestrada pelo ditador russo <strong>Vladimir Putin<\/strong>.<\/p>\n<p>Segundo analistas do <a href=\"https:\/\/www.navalnews.com\/naval-news\/2025\/12\/ukraine-strikes-russian-submarine-with-sub-sea-baby-drone\/\" data-wpel-link=\"external\" target=\"_blank\" rel=\"nofollow external noopener noreferrer\" class=\"ext-link\">Naval News<\/a>, esta opera\u00e7\u00e3o n<strong>\u00e3o \u00e9 apenas hist\u00f3rica<\/strong>: representa tamb\u00e9m uma <strong>viragem relevante no conflito naval<\/strong> entre Ucr\u00e2nia e R\u00fassia, com consequ\u00eancias no teatro do Mediterr\u00e2neo e para l\u00e1 dele.<\/p>\n<p>Os detalhes t\u00e9cnicos da opera\u00e7\u00e3o, analisados por especialistas em defesa naval, indicam que a Ucr\u00e2nia recorreu a um ve\u00edculo subaqu\u00e1tico n\u00e3o tripulado (UUV), batizado \u201cSub Sea Baby\u201d.<\/p>\n<p>Ao contr\u00e1rio dos drones de superf\u00edcie, que navegam como lanchas r\u00e1pidas, este dispositivo consegue <strong>manter-se submerso na fase final de aproxima\u00e7\u00e3o<\/strong>, funcionando, na pr\u00e1tica, como um <strong>torpedo aut\u00f3nomo de longo alcance<\/strong>.<\/p>\n<p>Essa <strong>capacidade de imers\u00e3o foi decisiva<\/strong> para contornar as defesas do porto de Novorossiysk, concebidas sobretudo com pont\u00f5es flutuantes para bloquear a passagem de embarca\u00e7\u00f5es de superf\u00edcie, mas ineficazes face a amea\u00e7as que se deslocam debaixo de \u00e1gua.<\/p>\n<p><strong>Navegar no interior de uma base naval hostil<\/strong> \u00e9 um desafio de engenharia enorme. O drone ter\u00e1 tido de <strong>manobrar por espa\u00e7os confinados<\/strong> e executar v\u00e1rias curvas com precis\u00e3o para alcan\u00e7ar o cais dos submarinos, situado no ponto mais distante da doca.<\/p>\n<p>Os analistas sugerem que o aparelho foi <strong>guiado por pontos de passagem<\/strong> (waypoints) at\u00e9 \u00e0s imedia\u00e7\u00f5es do alvo, momento em que os seus sistemas aut\u00f3nomos <strong>assumiram o controlo para o ataque final<\/strong>.<\/p>\n<p>O v\u00eddeo divulgado pelo SBU mostra uma <strong>explos\u00e3o massiva na popa<\/strong> do submarino, uma zona cr\u00edtica onde se encontram a propuls\u00e3o e os planos de imers\u00e3o \u2014 o que garante que o navio ficar\u00e1<strong> inoperacional durante um longo per\u00edodo<\/strong>, mesmo que n\u00e3o chegue a afundar por completo.<\/p>\n<p>\u00a0<\/p>\n<p>O enquadramento estrat\u00e9gico deste ataque insere-se numa nova escalada da guerra econ\u00f3mica e de infra-estruturas no Mar Negro. Nas semanas anteriores, a Ucr\u00e2nia tinha<strong> intensificado as opera\u00e7\u00f5es contra a \u201cfrota sombra\u201d<\/strong> de petroleiros russos, inutilizando embarca\u00e7\u00f5es como o Virat, o Kiaros e o Dashan, com o objectivo de interromper o contrabando de crude.<\/p>\n<p><strong>A R\u00fassia respondeu<\/strong> bombardeando navios comerciais no porto de Odessa, incluindo o ferry turco<strong> Cenk T<\/strong>, carregado de alimentos.<\/p>\n<p>O golpe no submarino em Novorossiysk \u00e9 interpretado como uma retalia\u00e7\u00e3o calculada: <strong>eliminar uma plataforma de lan\u00e7amento de m\u00edsseis<\/strong> Kalibr que amea\u00e7ava a infra-estrutura energ\u00e9tica ucraniana.<\/p>\n<p>Os m\u00edsseis Kalibr t\u00eam sido utilizados de forma repetida por Moscovo em ataques de longo alcance contra a Ucr\u00e2nia, <strong>incluindo ataques a infraestruturas civis<\/strong> e instala\u00e7\u00f5es energ\u00e9ticas, nota a <a href=\"https:\/\/www.euronews.com\/2025\/12\/15\/ukraine-hit-russian-submarine-with-underwater-drones-for-the-first-time\" data-wpel-link=\"external\" target=\"_blank\" rel=\"nofollow external noopener noreferrer\" class=\"ext-link\">Euronews<\/a>.<\/p>\n<p>O impacto na frota russa do Mar Negro \u00e9 <strong>devastador<\/strong>, tanto em termos de n\u00fameros como de moral. Com este ataque, a R\u00fassia v\u00ea a sua for\u00e7a operacional de submarinos na regi\u00e3o<strong> reduzida a apenas duas unidades<\/strong>, das seis originais.<\/p>\n<p>Recorde-se que <strong>outro submarino da mesma classe<\/strong>, o Rostov-on-Don, foi destru\u00eddo em Setembro de 2023, quando se encontrava em doca seca em Sebastopol.<\/p>\n<p>A perda destas unidades n\u00e3o s\u00f3<strong> enfraquece o bloqueio naval<\/strong> contra a Ucr\u00e2nia, como corr\u00f3i, a longo prazo, a <strong>capacidade de proje\u00e7\u00e3o de poder<\/strong> de Moscovo no Mediterr\u00e2neo, onde estes submarinos costumavam patrulhar como instrumentos de dissuas\u00e3o.<\/p>\n<p>Um aspecto inquietante exposto pelo ataque \u00e9 a <strong>capacidade de penetra\u00e7\u00e3o<\/strong> da intelig\u00eancia ucraniana nos sistemas de vigil\u00e2ncia russos.<\/p>\n<p>O v\u00eddeo do impacto parece ter origem numa <strong>c\u00e2mara de seguran\u00e7a do pr\u00f3prio porto<\/strong>, o que sugere que o SBU conseguiu piratear o circuito fechado de televis\u00e3o da base naval para monitorizar a actividade inimiga em tempo real.<\/p>\n<p>As imagens mostram <strong>navios de guerra assinalados com caixas verdes<\/strong>, indicando a utiliza\u00e7\u00e3o de algoritmos de intelig\u00eancia artificial para identificar alvos \u2014 uma capacidade que levanta <strong>d\u00favidas s\u00e9rias sobre a seguran\u00e7a operacional<\/strong> das instala\u00e7\u00f5es militares russas mais protegidas.<\/p>\n<p>A <strong>vulnerabilidade exposta em Novorossiysk<\/strong> obriga a frota russa a repensar, uma vez mais, o seu dispositivo. Se a sua base principal na costa oriental do Mar Negro j\u00e1 n\u00e3o \u00e9 segura, as op\u00e7\u00f5es passam a ser<strong> portos ainda mais distantes<\/strong> e pior apetrechados, como Sochi ou Poti, na Abc\u00e1sia.<\/p>\n<p>No entanto, estas localiza\u00e7\u00f5es <strong>carecem da infra-estrutura necess\u00e1ria<\/strong> para sustentar opera\u00e7\u00f5es de combate cont\u00ednuas, o que, na pr\u00e1tica, poder\u00e1 deixar a Frota do Mar Negro \u201cmanca\u201d e funcionalmente ineficaz para influenciar o rumo da guerra.<\/p>\n<p>    <a href=\"https:\/\/zap.aeiou.pt\/subscrever-newsletter\" data-wpel-link=\"internal\" rel=\"nofollow noopener\" target=\"_blank\">&#13;<br \/>\n        <img loading=\"lazy\" decoding=\"async\" class=\"aligncenter size-full wp-image-575475\" src=\"https:\/\/www.europesays.com\/pt\/wp-content\/uploads\/2025\/12\/1765389371_545_2d51fe4a0ba54894421ead1809309ed9-1-450x140.jpg\" alt=\"Subscreva a Newsletter ZAP\" width=\"450\" height=\"140\"\/>&#13;<br \/>\n    <\/a><\/p>\n<p>                <a href=\"https:\/\/whatsapp.com\/channel\/0029VaIC4EE2f3EJZPPSbR34\" data-wpel-link=\"external\" target=\"_blank\" rel=\"nofollow external noopener noreferrer\" class=\"ext-link\">&#13;<br \/>\n                    <img loading=\"lazy\" decoding=\"async\" class=\"aligncenter size-full wp-image-575475\" src=\"https:\/\/www.europesays.com\/pt\/wp-content\/uploads\/2025\/12\/1765389371_770_c68c559d956d4ca20f435ed74a6e71e6.png\" alt=\"Siga-nos no WhatsApp\" width=\"175\" height=\"64\"\/>&#13;<br \/>\n                <\/a><\/p>\n<p>                <a href=\"https:\/\/news.google.com\/publications\/CAAiEHRwZondIV71PDjWNoqMduEqFAgKIhB0cGaJ3SFe9Tw41jaKjHbh?hl=en-US&amp;gl=US&amp;ceid=US%3Aen\" data-wpel-link=\"external\" target=\"_blank\" rel=\"nofollow external noopener noreferrer\" class=\"ext-link\">&#13;<br \/>\n                    <img loading=\"lazy\" decoding=\"async\" class=\"aligncenter size-full wp-image-575475\" src=\"https:\/\/www.europesays.com\/pt\/wp-content\/uploads\/2025\/12\/1765389372_556_5123dd8b087b644fdb8f8603acd1bad4.png\" alt=\"Siga-nos no Google News\" width=\"176\" height=\"64\"\/>&#13;<br \/>\n                <\/a><\/p>\n","protected":false},"excerpt":{"rendered":"Guy Pool \/ Wikipedia Submarino russo da class Kilo fotografado no Canal da Mancha, ao largo da costa&hellip;\n","protected":false},"author":2,"featured_media":192399,"comment_status":"","ping_status":"","sticky":false,"template":"","format":"standard","meta":{"footnotes":""},"categories":[50],"tags":[27,28,269,15,16,830,14,25,26,21,22,62,12,13,19,20,23,24,839,17,18,840,29,30,31,63,64,65],"class_list":{"0":"post-192398","1":"post","2":"type-post","3":"status-publish","4":"format-standard","5":"has-post-thumbnail","7":"category-mundo","8":"tag-breaking-news","9":"tag-breakingnews","10":"tag-capa","11":"tag-featured-news","12":"tag-featurednews","13":"tag-guerra","14":"tag-headlines","15":"tag-latest-news","16":"tag-latestnews","17":"tag-main-news","18":"tag-mainnews","19":"tag-mundo","20":"tag-news","21":"tag-noticias","22":"tag-noticias-principais","23":"tag-noticiasprincipais","24":"tag-principais-noticias","25":"tag-principaisnoticias","26":"tag-russia","27":"tag-top-stories","28":"tag-topstories","29":"tag-ucrania","30":"tag-ultimas","31":"tag-ultimas-noticias","32":"tag-ultimasnoticias","33":"tag-world","34":"tag-world-news","35":"tag-worldnews"},"share_on_mastodon":{"url":"https:\/\/pubeurope.com\/@pt\/115736445740355858","error":""},"_links":{"self":[{"href":"https:\/\/www.europesays.com\/pt\/wp-json\/wp\/v2\/posts\/192398","targetHints":{"allow":["GET"]}}],"collection":[{"href":"https:\/\/www.europesays.com\/pt\/wp-json\/wp\/v2\/posts"}],"about":[{"href":"https:\/\/www.europesays.com\/pt\/wp-json\/wp\/v2\/types\/post"}],"author":[{"embeddable":true,"href":"https:\/\/www.europesays.com\/pt\/wp-json\/wp\/v2\/users\/2"}],"replies":[{"embeddable":true,"href":"https:\/\/www.europesays.com\/pt\/wp-json\/wp\/v2\/comments?post=192398"}],"version-history":[{"count":0,"href":"https:\/\/www.europesays.com\/pt\/wp-json\/wp\/v2\/posts\/192398\/revisions"}],"wp:featuredmedia":[{"embeddable":true,"href":"https:\/\/www.europesays.com\/pt\/wp-json\/wp\/v2\/media\/192399"}],"wp:attachment":[{"href":"https:\/\/www.europesays.com\/pt\/wp-json\/wp\/v2\/media?parent=192398"}],"wp:term":[{"taxonomy":"category","embeddable":true,"href":"https:\/\/www.europesays.com\/pt\/wp-json\/wp\/v2\/categories?post=192398"},{"taxonomy":"post_tag","embeddable":true,"href":"https:\/\/www.europesays.com\/pt\/wp-json\/wp\/v2\/tags?post=192398"}],"curies":[{"name":"wp","href":"https:\/\/api.w.org\/{rel}","templated":true}]}}