{"id":192404,"date":"2025-12-17T19:04:09","date_gmt":"2025-12-17T19:04:09","guid":{"rendered":"https:\/\/www.europesays.com\/pt\/192404\/"},"modified":"2025-12-17T19:04:09","modified_gmt":"2025-12-17T19:04:09","slug":"ines-recebe-um-presente-improvavel-que-anima-o-ambiente-da-casa-secret-story","status":"publish","type":"post","link":"https:\/\/www.europesays.com\/pt\/192404\/","title":{"rendered":"In\u00eas recebe um presente improv\u00e1vel, que anima o ambiente da casa &#8211; Secret Story"},"content":{"rendered":"<p style=\"text-align:justify\">Mais um dia come\u00e7a na casa mais vigiada do pa\u00eds. Os concorrentes acordam bem-dispostos e o Pedro, em ingl\u00eas, diz estar no Resort 5 estrelas da Malveira. Mais tarde, todos se re\u00fanem na sala para abrir mais um dia do calend\u00e1rio do advento e desta vez a In\u00eas conquista um pequeno-almo\u00e7o preparado pelos colegas e uma massagem relaxante. A Marisa prepara a refei\u00e7\u00e3o, os restantes n\u00e3o se mostram interessados em fazer nada e F\u00e1bio n\u00e3o fica satisfeito com esta atitude. J\u00e1 \u00e0 mesa, o Leandro, a Liliana e o F\u00e1bio entram em bate-boca porque o primeiro exige ter todos os privil\u00e9gios que de um Resort.<\/p>\n","protected":false},"excerpt":{"rendered":"Mais um dia come\u00e7a na casa mais vigiada do pa\u00eds. Os concorrentes acordam bem-dispostos e o Pedro, em&hellip;\n","protected":false},"author":2,"featured_media":192405,"comment_status":"","ping_status":"","sticky":false,"template":"","format":"standard","meta":{"footnotes":""},"categories":[142],"tags":[114,115,19033,15353,19034,32,33,151,19032],"class_list":{"0":"post-192404","1":"post","2":"type-post","3":"status-publish","4":"format-standard","5":"has-post-thumbnail","7":"category-tv","8":"tag-entertainment","9":"tag-entretenimento","10":"tag-galas-em-video","11":"tag-ines","12":"tag-melhores-momentos-casa-dos-segredos","13":"tag-portugal","14":"tag-pt","15":"tag-tv","16":"tag-videos-secret-story-tvi"},"share_on_mastodon":{"url":"https:\/\/pubeurope.com\/@pt\/115736468862969084","error":""},"_links":{"self":[{"href":"https:\/\/www.europesays.com\/pt\/wp-json\/wp\/v2\/posts\/192404","targetHints":{"allow":["GET"]}}],"collection":[{"href":"https:\/\/www.europesays.com\/pt\/wp-json\/wp\/v2\/posts"}],"about":[{"href":"https:\/\/www.europesays.com\/pt\/wp-json\/wp\/v2\/types\/post"}],"author":[{"embeddable":true,"href":"https:\/\/www.europesays.com\/pt\/wp-json\/wp\/v2\/users\/2"}],"replies":[{"embeddable":true,"href":"https:\/\/www.europesays.com\/pt\/wp-json\/wp\/v2\/comments?post=192404"}],"version-history":[{"count":0,"href":"https:\/\/www.europesays.com\/pt\/wp-json\/wp\/v2\/posts\/192404\/revisions"}],"wp:featuredmedia":[{"embeddable":true,"href":"https:\/\/www.europesays.com\/pt\/wp-json\/wp\/v2\/media\/192405"}],"wp:attachment":[{"href":"https:\/\/www.europesays.com\/pt\/wp-json\/wp\/v2\/media?parent=192404"}],"wp:term":[{"taxonomy":"category","embeddable":true,"href":"https:\/\/www.europesays.com\/pt\/wp-json\/wp\/v2\/categories?post=192404"},{"taxonomy":"post_tag","embeddable":true,"href":"https:\/\/www.europesays.com\/pt\/wp-json\/wp\/v2\/tags?post=192404"}],"curies":[{"name":"wp","href":"https:\/\/api.w.org\/{rel}","templated":true}]}}