{"id":192416,"date":"2025-12-17T19:11:09","date_gmt":"2025-12-17T19:11:09","guid":{"rendered":"https:\/\/www.europesays.com\/pt\/192416\/"},"modified":"2025-12-17T19:11:09","modified_gmt":"2025-12-17T19:11:09","slug":"multicare-lanca-primeiro-seguro-de-saude-padrao-seguindo-recomendacao-da-asf-seguros","status":"publish","type":"post","link":"https:\/\/www.europesays.com\/pt\/192416\/","title":{"rendered":"Multicare lan\u00e7a primeiro seguro de sa\u00fade padr\u00e3o, seguindo recomenda\u00e7\u00e3o da ASF | Seguros"},"content":{"rendered":"<p>A Multicare, seguradora de sa\u00fade do grupo Fidelidade, \u00e9 a primeira seguradora em Portugal a lan\u00e7ar o Seguro de Sa\u00fade com Condi\u00e7\u00f5es Padr\u00e3o, cumprindo, assim, as <a href=\"https:\/\/www.publico.pt\/2025\/06\/29\/economia\/noticia\/seguro-saude-melhor-vem-ai-apolices-condicoespadrao-facilitar-comparacao-2136539\" target=\"_blank\" rel=\"nofollow noopener\">recomenda\u00e7\u00f5es<\/a> da Autoridade de Supervis\u00e3o de Seguros e Fundos de Pens\u00f5es (ASF) para a cria\u00e7\u00e3o de produtos compar\u00e1veis.<\/p>\n<p>Em comunicado, divulgado esta quarta-feira, a seguradora avan\u00e7a que o novo seguro cumpre o conjunto m\u00ednimo de protec\u00e7\u00e3o em quatro coberturas fundamentais, nomeadamente a hospitaliza\u00e7\u00e3o, ambulat\u00f3rio, medicina preventiva e doen\u00e7as de cobertura alargada, que \u201cvisam facilitar a compara\u00e7\u00e3o entre ofertas e refor\u00e7ar a protec\u00e7\u00e3o em casos de doen\u00e7as graves\u201d.<\/p>\n<p>As caracter\u00edsticas do seguro padr\u00e3o foram fixadas pela ASF atrav\u00e9s da <a href=\"https:\/\/www.asf.com.pt\/w\/asf-aprova-as-condi%C3%A7%C3%B5es-padr%C3%A3o-de-seguro-de-sa%C3%BAde\" target=\"_blank\" rel=\"nofollow noopener\">Circular n.\u00ba 6\/2025<\/a>, de 3 de Junho, que n\u00e3o tem car\u00e1cter vinculativo.<\/p>\n<p>\u201cO Multicare Protec\u00e7\u00e3o Padr\u00e3o destina-se exclusivamente a clientes particulares e ser\u00e1 distribu\u00eddo atrav\u00e9s das Ag\u00eancias de Media\u00e7\u00e3o da Fidelidade\u201d, avan\u00e7a a seguradora, acrescentando que, \u201ccom este refor\u00e7o de oferta, a Multicare reafirma o seu compromisso de protec\u00e7\u00e3o cont\u00ednua e foco na sa\u00fade e bem-estar dos clientes, atrav\u00e9s de uma oferta robusta de servi\u00e7os e solu\u00e7\u00f5es de preven\u00e7\u00e3o, de detec\u00e7\u00e3o precoce da doen\u00e7a e de autocuidado que potenciam ganhos efectivos em sa\u00fade e uma longevidade com maior qualidade de vida\u201d.<\/p>\n<p>Tal como estipulado pela ASF, a cobertura de hospitaliza\u00e7\u00e3o tem um plafond at\u00e9 30 mil euros, a de consultas, exames e ambulat\u00f3rio de mil euros, e a de doen\u00e7as de cobertura alargada de 300 mil euros. Inclui ainda medicina preventiva.<\/p>\n<p>Para al\u00e9m das coberturas e limites de capital, a \u201cpadroniza\u00e7\u00e3o\u201d criada pela ASF inclui ainda a percentagem ou valores relativos a co-pagamentos (a suportar pelos tomadores de seguros, os particulares), como a de 20 euros por cada consulta programada, ou 45 euros no caso de consultas de urg\u00eancia. Ou, nos exames, o co-pagamento de 30 euros por uma tomografia computorizada, mas conhecida por TAC, ou 70 euros por resson\u00e2ncia magn\u00e9tica, entre outros. Bem como a fixa\u00e7\u00e3o dos per\u00edodos de car\u00eancia, ou seja, o tempo em que, ap\u00f3s a sua contrata\u00e7\u00e3o, o seguro ainda n\u00e3o se aplica, como o de 180 dias no caso de doen\u00e7as graves, ou 310 dias no caso de hospitaliza\u00e7\u00e3o por parto.<\/p>\n<p>Pelo menos por enquanto, a \u00fanica forma de conhecer o custo ou pr\u00e9mio deste seguro \u00e9 atrav\u00e9s de pedidos de simula\u00e7\u00f5es a Ag\u00eancias de Medi\u00e7\u00e3o da Fidelidade. Para isso, \u00e9 preciso \u00e9 preciso fornecer os contactos e o n\u00famero de identifica\u00e7\u00e3o fiscal, e aguardar por um contacto.<\/p>\n<p>De acordo com a Circular n.\u00ba6\/2025, apenas as seguradoras que ofere\u00e7am contratos que respeitem as orienta\u00e7\u00f5es do supervisor poder\u00e3o usar a designa\u00e7\u00e3o de que \u201co seguro preenche as condi\u00e7\u00f5es-padr\u00e3o&#8221;, e apenas estas integraram a lista das empresas de seguros que disponibilizam, a publicar no site da ASF, uma esp\u00e9cie de \u201cquadro de honra\u201d, que j\u00e1 existe para outros tipos de seguros.<\/p>\n<p>Em Agosto do corrente ano existiam <a href=\"https:\/\/www.publico.pt\/2025\/08\/04\/economia\/noticia\/seguros-saude-sobem-36-abrangendo-quatro-milhoes-pessoas-2142875\" rel=\"nofollow noopener\" target=\"_blank\">quatro milh\u00f5es<\/a> de portugueses com seguros de sa\u00fade. E o mais recente Relat\u00f3rio de Avalia\u00e7\u00e3o de Desempenho e Impacto do Sistema de Sa\u00fade (RADIS), da Conven\u00e7\u00e3o Nacional da Sa\u00fade (CNS), d\u00e1 conta que, em 2024, <a href=\"https:\/\/www.publico.pt\/2025\/11\/12\/sociedade\/noticia\/terco-portugueses-dupla-cobertura-saude-2154278\" rel=\"nofollow noopener\" target=\"_blank\">58% da popula\u00e7\u00e3o<\/a> tinha algum tipo de seguro, plano de sa\u00fade (com caracter\u00edsticas distintas das dos seguros) ou subsistema, o que coloca Portugal 25 pontos percentuais acima da m\u00e9dia europeia.<\/p>\n<p>A iniciativa da ASF de oferta de seguro de sa\u00fade com condi\u00e7\u00f5es padr\u00e3o insere-se num plano mais vasto de clarifica\u00e7\u00e3o destes produtos, que inclui a recomenda\u00e7\u00e3o para que as companhias de seguros se abstenham de oferecer planos de sa\u00fade, <a href=\"https:\/\/www.publico.pt\/2025\/04\/10\/economia\/noticia\/asf-quer-seguradoras-concentradas-seguros-saude-planos-saude-2129322\" rel=\"nofollow noopener\" target=\"_blank\">produtos que s\u00e3o distintos<\/a>.<\/p>\n","protected":false},"excerpt":{"rendered":"A Multicare, seguradora de sa\u00fade do grupo Fidelidade, \u00e9 a primeira seguradora em Portugal a lan\u00e7ar o Seguro&hellip;\n","protected":false},"author":2,"featured_media":192417,"comment_status":"","ping_status":"","sticky":false,"template":"","format":"standard","meta":{"footnotes":""},"categories":[83],"tags":[647,88,476,89,90,32,33,117,6296],"class_list":{"0":"post-192416","1":"post","2":"type-post","3":"status-publish","4":"format-standard","5":"has-post-thumbnail","7":"category-empresas","8":"tag-asf","9":"tag-business","10":"tag-economia","11":"tag-economy","12":"tag-empresas","13":"tag-portugal","14":"tag-pt","15":"tag-saude","16":"tag-seguros"},"share_on_mastodon":{"url":"https:\/\/pubeurope.com\/@pt\/115736496608050315","error":""},"_links":{"self":[{"href":"https:\/\/www.europesays.com\/pt\/wp-json\/wp\/v2\/posts\/192416","targetHints":{"allow":["GET"]}}],"collection":[{"href":"https:\/\/www.europesays.com\/pt\/wp-json\/wp\/v2\/posts"}],"about":[{"href":"https:\/\/www.europesays.com\/pt\/wp-json\/wp\/v2\/types\/post"}],"author":[{"embeddable":true,"href":"https:\/\/www.europesays.com\/pt\/wp-json\/wp\/v2\/users\/2"}],"replies":[{"embeddable":true,"href":"https:\/\/www.europesays.com\/pt\/wp-json\/wp\/v2\/comments?post=192416"}],"version-history":[{"count":0,"href":"https:\/\/www.europesays.com\/pt\/wp-json\/wp\/v2\/posts\/192416\/revisions"}],"wp:featuredmedia":[{"embeddable":true,"href":"https:\/\/www.europesays.com\/pt\/wp-json\/wp\/v2\/media\/192417"}],"wp:attachment":[{"href":"https:\/\/www.europesays.com\/pt\/wp-json\/wp\/v2\/media?parent=192416"}],"wp:term":[{"taxonomy":"category","embeddable":true,"href":"https:\/\/www.europesays.com\/pt\/wp-json\/wp\/v2\/categories?post=192416"},{"taxonomy":"post_tag","embeddable":true,"href":"https:\/\/www.europesays.com\/pt\/wp-json\/wp\/v2\/tags?post=192416"}],"curies":[{"name":"wp","href":"https:\/\/api.w.org\/{rel}","templated":true}]}}