{"id":192422,"date":"2025-12-17T19:15:10","date_gmt":"2025-12-17T19:15:10","guid":{"rendered":"https:\/\/www.europesays.com\/pt\/192422\/"},"modified":"2025-12-17T19:15:10","modified_gmt":"2025-12-17T19:15:10","slug":"gloria-pires-critica-exame-de-papanicolau-e-provoca-debates","status":"publish","type":"post","link":"https:\/\/www.europesays.com\/pt\/192422\/","title":{"rendered":"Gloria Pires critica exame de Papanicolau e provoca debates"},"content":{"rendered":"<p>As declara\u00e7\u00f5es da atriz Gloria Pires sobre o exame papanicolau geraram forte repercuss\u00e3o nas redes sociais e provocaram rea\u00e7\u00f5es de profissionais da sa\u00fade e de institui\u00e7\u00f5es m\u00e9dicas. A fala foi feita durante entrevista ao programa Na Palma da Mari, da CNN, na qual a atriz levantou questionamentos sobre o fato de alguns exames m\u00e9dicos ainda serem dolorosos para as mulheres.<\/p>\n<p>Durante a conversa, a artista afirmou que, em sua avalia\u00e7\u00e3o, a medicina n\u00e3o acompanhou a evolu\u00e7\u00e3o necess\u00e1ria no cuidado com a sa\u00fade feminina. \u201cHoje, em 2025, a gente ainda ter que passar por aquele tremendo desconforto que \u00e9 o tal do exame papanicolau? Aquilo tem fundamento? Numa era em que o povo est\u00e1 saindo do planeta, a gente ainda sofre com aquilo. \u00c9 um neg\u00f3cio de tortura aquilo\u201d, declarou a atriz.<\/p>\n<p>A fala dividiu opini\u00f5es e foi duramente criticada por profissionais da \u00e1rea. A ginecologista Ana Comin usou suas redes sociais para rebater as declara\u00e7\u00f5es. \u201cCusto a acreditar que mulheres dessa idade estejam falando, em rede nacional, tanta besteira. Poderiam ter estudado um pouco antes de ir a esse programa. Para descobrir um tipo de c\u00e2ncer, tem algum m\u00e9todo no universo que seja diferente de obten\u00e7\u00e3o celular? Resposta: n\u00e3o. Por que seria diferente com colo?\u201d, afirmou.<\/p>\n<p>A m\u00e9dica ainda questionou a expectativa de conforto em exames m\u00e9dicos. \u201cQual exame que se faz que \u00e9 prazeroso? Exames n\u00e3o s\u00e3o para dar prazer. Rem\u00e9dios n\u00e3o s\u00e3o para ser gostosos. S\u00e3o para curar. Ah, e mais uma coisa: estude o WHI [Iniciativa para a Sa\u00fade da Mulher, na sigla em ingl\u00eas] antes de abrir a boca. Veja como se move a ind\u00fastria farmac\u00eautica, a mesma com que voc\u00eas ganham dinheiro fazendo propaganda. Voc\u00eas famosas ajudaram nessa zona que est\u00e1 a medicina. Zona porque pessoas que nunca passaram num vestibular de medicina v\u00e3o dar palpites na TV. Estudem antes de abrir a boca ou falem daquilo que entendem. Fez teatro? Fale de teatro. Pergunte sobre o que n\u00e3o te compete que passar\u00e1 menos vergonha\u201d, completou.<\/p>\n<p>Diante da repercuss\u00e3o, o A.C.Camargo Cancer Center, um dos hospitais refer\u00eancia no tratamento oncol\u00f3gico, divulgou um posicionamento refor\u00e7ando a import\u00e2ncia do exame de Papanicolau como uma das principais estrat\u00e9gias de rastreamento e diagn\u00f3stico precoce de altera\u00e7\u00f5es no colo do \u00fatero, incluindo o c\u00e2ncer do colo do \u00fatero, atualmente o terceiro tipo mais comum entre mulheres no Brasil. Segundo a institui\u00e7\u00e3o, s\u00e3o estimados cerca de 17 mil novos casos e aproximadamente 7 mil mortes por ano no pa\u00eds, apesar de se tratar de uma doen\u00e7a amplamente evit\u00e1vel por meio de medidas adequadas de preven\u00e7\u00e3o.<\/p>\n<p>O centro oncol\u00f3gico destaca ainda que, anualmente, cerca de 30 mil mulheres recebem o diagn\u00f3stico de algum tipo de c\u00e2ncer ginecol\u00f3gico no Brasil. \u201cEntre 2000 e 2020, mais de 5 mil pacientes com tumores ginecol\u00f3gicos foram tratadas no A.C.Camargo, experi\u00eancia que, segundo a institui\u00e7\u00e3o, refor\u00e7a que a coleta citopatol\u00f3gica permanece como uma ferramenta segura, eficaz e fundamental para o rastreamento de les\u00f5es precursoras e de determinados tipos de c\u00e2ncer ginecol\u00f3gicos,\u201d destacou o centro em nota.<\/p>\n<p>Embora reconhe\u00e7a que o exame possa ser percebido como desconfort\u00e1vel, o A.C.Camargo ressalta que ele desempenha papel central na detec\u00e7\u00e3o precoce de altera\u00e7\u00f5es que, quando identificadas em est\u00e1gios iniciais, apresentam altas taxas de cura e reduzem a necessidade de tratamentos mais agressivos no futuro. \u201cObservamos que a hesita\u00e7\u00e3o em rela\u00e7\u00e3o \u00e0 realiza\u00e7\u00e3o de exames ginecol\u00f3gicos e \u00e0 vacina\u00e7\u00e3o contra o HPV pode impactar negativamente os esfor\u00e7os de preven\u00e7\u00e3o do c\u00e2ncer do colo do \u00fatero. Informar a popula\u00e7\u00e3o com base em evid\u00eancias cient\u00edficas \u00e9 essencial para que as mulheres possam tomar decis\u00f5es conscientes sobre sua sa\u00fade\u201d, afirmou a m\u00e9dica oncologista Andrea Paiva Gadelha Guimar\u00e3es, vice-l\u00edder do Centro de Refer\u00eancia em Tumores Ginecol\u00f3gicos da institui\u00e7\u00e3o.<\/p>\n","protected":false},"excerpt":{"rendered":"As declara\u00e7\u00f5es da atriz Gloria Pires sobre o exame papanicolau geraram forte repercuss\u00e3o nas redes sociais e provocaram&hellip;\n","protected":false},"author":2,"featured_media":192423,"comment_status":"","ping_status":"","sticky":false,"template":"","format":"standard","meta":{"footnotes":""},"categories":[145],"tags":[211,210,114,115,14320,10407,27342,32,33],"class_list":{"0":"post-192422","1":"post","2":"type-post","3":"status-publish","4":"format-standard","5":"has-post-thumbnail","7":"category-celebridades","8":"tag-celebridades","9":"tag-celebrities","10":"tag-entertainment","11":"tag-entretenimento","12":"tag-exame","13":"tag-gloria-pires","14":"tag-papanicolau","15":"tag-portugal","16":"tag-pt"},"share_on_mastodon":{"url":"https:\/\/pubeurope.com\/@pt\/115736511975885656","error":""},"_links":{"self":[{"href":"https:\/\/www.europesays.com\/pt\/wp-json\/wp\/v2\/posts\/192422","targetHints":{"allow":["GET"]}}],"collection":[{"href":"https:\/\/www.europesays.com\/pt\/wp-json\/wp\/v2\/posts"}],"about":[{"href":"https:\/\/www.europesays.com\/pt\/wp-json\/wp\/v2\/types\/post"}],"author":[{"embeddable":true,"href":"https:\/\/www.europesays.com\/pt\/wp-json\/wp\/v2\/users\/2"}],"replies":[{"embeddable":true,"href":"https:\/\/www.europesays.com\/pt\/wp-json\/wp\/v2\/comments?post=192422"}],"version-history":[{"count":0,"href":"https:\/\/www.europesays.com\/pt\/wp-json\/wp\/v2\/posts\/192422\/revisions"}],"wp:featuredmedia":[{"embeddable":true,"href":"https:\/\/www.europesays.com\/pt\/wp-json\/wp\/v2\/media\/192423"}],"wp:attachment":[{"href":"https:\/\/www.europesays.com\/pt\/wp-json\/wp\/v2\/media?parent=192422"}],"wp:term":[{"taxonomy":"category","embeddable":true,"href":"https:\/\/www.europesays.com\/pt\/wp-json\/wp\/v2\/categories?post=192422"},{"taxonomy":"post_tag","embeddable":true,"href":"https:\/\/www.europesays.com\/pt\/wp-json\/wp\/v2\/tags?post=192422"}],"curies":[{"name":"wp","href":"https:\/\/api.w.org\/{rel}","templated":true}]}}