{"id":192432,"date":"2025-12-17T19:25:11","date_gmt":"2025-12-17T19:25:11","guid":{"rendered":"https:\/\/www.europesays.com\/pt\/192432\/"},"modified":"2025-12-17T19:25:11","modified_gmt":"2025-12-17T19:25:11","slug":"adobe-e-processada-por-uso-indevido-de-conteudo-protegido-em-treinamento-de-ia","status":"publish","type":"post","link":"https:\/\/www.europesays.com\/pt\/192432\/","title":{"rendered":"Adobe \u00e9 processada por uso indevido de conte\u00fado protegido em treinamento de IA"},"content":{"rendered":"<p>17 Dez (Reuters) \u2013 A Adobe foi processada por uso de material protegido por direito autoral para treinamento de ferramentas de intelig\u00eancia artificial. A autora da a\u00e7\u00e3o coletiva aberta nos Estados Unidos, a escritora Elizabeth Lyon, disse que a companhia usou indevidamente livros, incluindo os dela, para treinar seus modelos de IA para responderem a solicita\u00e7\u00f5es humanas.<\/p>\n<p>O processo \u00e9 o primeiro do tipo contra a Adobe e mais um em uma onda de a\u00e7\u00f5es judiciais nos EUA movidas por detentores de direitos autorais contra empresas de tecnologia acusadas de usar conte\u00fado protegido para treinar IA.<\/p>\n<p>Representantes da Adobe n\u00e3o comentaram o assunto. Lyon e seu advogado tamb\u00e9m n\u00e3o se manifestaram.<\/p>\n<p class=\"py-2\">Continua depois da publicidade<\/p>\n<p>Lyon, que \u00e9 especialista em livros sobre como comercializar romances, disse na queixa que a Adobe usou c\u00f3pias piratas de seus livros e de outros autores para treinar seu modelo SlimLM, que auxilia usu\u00e1rios em tarefas relacionadas a documentos em dispositivos m\u00f3veis.<\/p>\n<p>A a\u00e7\u00e3o coletiva envolve todos os propriet\u00e1rios de direitos autorais cujas obras a Adobe \u00e9 acusada de ter utilizado indevidamente. Ela pede ressarcimento de uma quantia n\u00e3o especificada em danos monet\u00e1rios.<\/p>\n<p>Dezenas de autores processaram outras empresas de tecnologia com foco em IA, incluindo OpenAI e Anthropic, por viola\u00e7\u00e3o de direitos autorais. A Anthropic resolveu uma das a\u00e7\u00f5es coletivas em agosto por US$1,5 bilh\u00e3o, o maior acordo j\u00e1 registrado em um caso envolvendo direitos autorais.<\/p>\n<p>(Por Blake Brittain)<\/p>\n","protected":false},"excerpt":{"rendered":"17 Dez (Reuters) \u2013 A Adobe foi processada por uso de material protegido por direito autoral para treinamento&hellip;\n","protected":false},"author":2,"featured_media":192433,"comment_status":"","ping_status":"","sticky":false,"template":"","format":"standard","meta":{"footnotes":""},"categories":[84],"tags":[29518,109,107,108,319,933,32,33,105,103,104,106,110],"class_list":{"0":"post-192432","1":"post","2":"type-post","3":"status-publish","4":"format-standard","5":"has-post-thumbnail","7":"category-ciencia-e-tecnologia","8":"tag-adobe","9":"tag-ciencia","10":"tag-ciencia-e-tecnologia","11":"tag-cienciaetecnologia","12":"tag-hard-news","13":"tag-inteligencia-artificial","14":"tag-portugal","15":"tag-pt","16":"tag-science","17":"tag-science-and-technology","18":"tag-scienceandtechnology","19":"tag-technology","20":"tag-tecnologia"},"share_on_mastodon":{"url":"https:\/\/pubeurope.com\/@pt\/115736551676494638","error":""},"_links":{"self":[{"href":"https:\/\/www.europesays.com\/pt\/wp-json\/wp\/v2\/posts\/192432","targetHints":{"allow":["GET"]}}],"collection":[{"href":"https:\/\/www.europesays.com\/pt\/wp-json\/wp\/v2\/posts"}],"about":[{"href":"https:\/\/www.europesays.com\/pt\/wp-json\/wp\/v2\/types\/post"}],"author":[{"embeddable":true,"href":"https:\/\/www.europesays.com\/pt\/wp-json\/wp\/v2\/users\/2"}],"replies":[{"embeddable":true,"href":"https:\/\/www.europesays.com\/pt\/wp-json\/wp\/v2\/comments?post=192432"}],"version-history":[{"count":0,"href":"https:\/\/www.europesays.com\/pt\/wp-json\/wp\/v2\/posts\/192432\/revisions"}],"wp:featuredmedia":[{"embeddable":true,"href":"https:\/\/www.europesays.com\/pt\/wp-json\/wp\/v2\/media\/192433"}],"wp:attachment":[{"href":"https:\/\/www.europesays.com\/pt\/wp-json\/wp\/v2\/media?parent=192432"}],"wp:term":[{"taxonomy":"category","embeddable":true,"href":"https:\/\/www.europesays.com\/pt\/wp-json\/wp\/v2\/categories?post=192432"},{"taxonomy":"post_tag","embeddable":true,"href":"https:\/\/www.europesays.com\/pt\/wp-json\/wp\/v2\/tags?post=192432"}],"curies":[{"name":"wp","href":"https:\/\/api.w.org\/{rel}","templated":true}]}}