{"id":192434,"date":"2025-12-17T19:26:12","date_gmt":"2025-12-17T19:26:12","guid":{"rendered":"https:\/\/www.europesays.com\/pt\/192434\/"},"modified":"2025-12-17T19:26:12","modified_gmt":"2025-12-17T19:26:12","slug":"o-nissan-ariya-mostra-como-se-faz","status":"publish","type":"post","link":"https:\/\/www.europesays.com\/pt\/192434\/","title":{"rendered":"o Nissan Ariya mostra como se faz"},"content":{"rendered":"<p>No universo dos SUV el\u00e9tricos, j\u00e1 n\u00e3o basta p\u00f4r uma bateria grande e um ecr\u00e3 chamativo. O Nissan Ariya Evolve \u00e9 a prova de que a marca japonesa percebeu o recado. Combina tra\u00e7\u00e3o integral el\u00e9trica, um sil\u00eancio quase terap\u00eautico em andamento e um interior que finalmente entra no campeonato do conforto premium. Fomos com ele para a estrada e deixamos a nossa experi\u00eancia.<\/p>\n<p><a target=\"_blank\" href=\"https:\/\/pplware.sapo.pt\/wp-content\/uploads\/2025\/12\/nissan_ariya_eletrico-1.jpeg\" onclick=\"refreshIframe()\" class=\"foobox\" rel=\"nofollow noopener\"><img fetchpriority=\"high\" decoding=\"async\" src=\"https:\/\/www.europesays.com\/pt\/wp-content\/uploads\/2025\/12\/nissan_ariya_eletrico-1-720x405.jpeg\" alt=\"Nissan Ariya\" width=\"720\" height=\"405\" class=\"aligncenter size-medium wp-image-1093568\"  \/><\/a>\n<\/p>\n<p>Um SUV mal-amado, mas de grande qualidade<\/p>\n<p>H\u00e1 carros que se percebem mal \u00e0 dist\u00e2ncia. O <strong>Nissan Ariya<\/strong>, por exemplo. Nas fotos parece s\u00f3 mais um SUV el\u00e9trico com linhas suaves e far\u00f3is espalmados, mas <strong>assim que se entra e se come\u00e7a a conduzir a coisa muda de figura<\/strong>.<\/p>\n<p>O <strong>Evolve 87kWh e-4ORCE<\/strong>, equipado com tra\u00e7\u00e3o integral el\u00e9trica, \u00e9 uma esp\u00e9cie de manifesto silencioso de como a Nissan quer posicionar-se num segmento cada vez mais competitivo: confort\u00e1vel, tecnol\u00f3gico e s\u00f3lido como um bloco de granito bem polido.<\/p>\n<p>O design n\u00e3o tem pressa de impressionar. A frente quase sem grelha, o perfil aerodin\u00e2mico, o tejadilho a deslizar para tr\u00e1s com suavidade e a assinatura luminosa fina transmitem discreta confian\u00e7a. \u00c9 um <strong>SUV grande, mas daqueles que n\u00e3o fazem barulho para o dizer<\/strong>.<\/p>\n<p style=\"text-align: center;\">\n<p>Condu\u00e7\u00e3o serena e tra\u00e7\u00e3o inteligente<\/p>\n<p>No arranque, a dupla motoriza\u00e7\u00e3o da tecnologia <strong>e-4ORCE<\/strong> mostra logo o seu potencial. A distribui\u00e7\u00e3o de bin\u00e1rio \u00e9 instant\u00e2nea, limpa e mesmo num arranque mais entusiasmado o Ariya mant\u00e9m o corpo composto, quase teimoso em n\u00e3o inclinar. O peso existe, claro, mas o controlo \u00e9 exemplar.<\/p>\n<p>O asfalto irregular, que normalmente denuncia suspens\u00f5es mais r\u00edgidas, esbate-se aqui. O Ariya filtra tudo com aquela sensa\u00e7\u00e3o de manteiga quente espalhada numa torrada suave, mas ainda com textura.<\/p>\n<p>Ideal para longas viagens, menos entusiasmante para quem gosta de curvas agressivas, mas o objetivo nunca foi ser um desportivo. \u00c9 um <strong>cruiser el\u00e9trico<\/strong>.<\/p>\n<p><a target=\"_blank\" href=\"https:\/\/pplware.sapo.pt\/wp-content\/uploads\/2025\/12\/nissan_ariya_eletrico-13.jpeg\" onclick=\"refreshIframe()\" class=\"foobox\" rel=\"nofollow noopener\"><img loading=\"lazy\" decoding=\"async\" src=\"https:\/\/www.europesays.com\/pt\/wp-content\/uploads\/2025\/12\/nissan_ariya_eletrico-13-720x405.jpeg\" alt=\"Nissan Ariya\" width=\"720\" height=\"405\" class=\"aligncenter wp-image-1093580 size-medium\"  \/><\/a><\/p>\n<p>A dire\u00e7\u00e3o \u00e9 progressiva, previs\u00edvel e com aquela resist\u00eancia suficiente para transmitir confian\u00e7a. Em cidade, o sil\u00eancio quase absoluto faz com que o resto do tr\u00e2nsito pare\u00e7a estar num plano afastado.<\/p>\n<p>Em autoestrada, os 87 kWh da bateria d\u00e3o f\u00f4lego para longos percursos. S\u00e3o <strong>498 km de autonomia WLTP<\/strong> e consumo de <strong>20,4 kWh\/100 km<\/strong> em ciclo combinado, n\u00fameros que se sentem realistas se n\u00e3o exagerar no p\u00e9 direito.<\/p>\n<p>Interior Nissan com luxo s\u00f3brio<\/p>\n<p>Abrir a porta e deslizar para dentro do <strong>Ariya Evolve<\/strong> \u00e9 quase entrar num lounge moderno. Mistura de <strong>pele sint\u00e9tica e alc\u00e2ntara<\/strong>, bancos ventilados (aquecem e arrefecem), ilumina\u00e7\u00e3o suave e aquele painel corrido que abra\u00e7a o condutor.<\/p>\n<p>\u00c9 um interior que tenta ser premium sem ser pretensioso. Consegue.<\/p>\n<p><a target=\"_blank\" href=\"https:\/\/pplware.sapo.pt\/wp-content\/uploads\/2025\/12\/nissan_ariya_eletrico-7.jpeg\" onclick=\"refreshIframe()\" class=\"foobox\" rel=\"nofollow noopener\"><img loading=\"lazy\" decoding=\"async\" src=\"https:\/\/www.europesays.com\/pt\/wp-content\/uploads\/2025\/12\/nissan_ariya_eletrico-7-720x405.jpeg\" alt=\"Nissan Ariya\" width=\"720\" height=\"405\" class=\"aligncenter size-medium wp-image-1093574\"  \/><\/a><\/p>\n<p>O sistema multim\u00e9dia conta com ecr\u00e3s amplos, interface limpa e integra\u00e7\u00e3o inteligente. H\u00e1 <strong>Head-Up Display de 10&#8243;<\/strong>, chave com mem\u00f3ria (que grava a posi\u00e7\u00e3o dos bancos, espelhos e at\u00e9 prefer\u00eancias digitais), <strong>som Bose com dez colunas<\/strong> e o indispens\u00e1vel <strong>e-Pedal<\/strong>, que permite conduzir praticamente s\u00f3 com o acelerador, ideal para tr\u00e2nsito urbano ou curvas suaves em ritmo constante.<\/p>\n<p>O espa\u00e7o \u00e9 generoso, sobretudo para quem viaja atr\u00e1s, e a bagageira cumpre sem dramas o que se espera de um SUV el\u00e9trico grande. A sensa\u00e7\u00e3o, no geral, \u00e9 de produto bem estruturado, pensado e afinado para pessoas que valorizam conforto e tecnologia sem exageros futuristas.<\/p>\n<p>ProPILOT Park e condu\u00e7\u00e3o assistida<\/p>\n<p>O <strong>ProPILOT Park<\/strong> \u00e9 daqueles sistemas que parecem truque de magia a quem n\u00e3o est\u00e1 habituado. Estacionamentos apertados, manobras milim\u00e9tricas ou lugares paralelos tornam-se um exerc\u00edcio de \u201csentar e confiar\u201d. O carro mede, alinha e executa.<\/p>\n<p>Junta-se a isto um pacote de assist\u00eancia \u00e0 condu\u00e7\u00e3o robusto, com manuten\u00e7\u00e3o de faixa, cruise control inteligente, monitoriza\u00e7\u00e3o de \u00e2ngulos mortos, c\u00e2maras 360\u00ba\u2026 tudo pensado para reduzir esfor\u00e7o sem anular o condutor. Nada intrusivo, o que j\u00e1 \u00e9 meio caminho andado para funcionar.<\/p>\n<p>Pre\u00e7os e equipamento<\/p>\n<p>O <a target=\"_blank\" href=\"https:\/\/www.nissan.pt\/veiculos\/novos-veiculos\/ariya.html\" rel=\"nofollow noopener\">modelo que testamos<\/a>, o Nissan Ariya <strong>Evolve 87 kWh e-4ORCE \u2013 Pack Sport MY22<\/strong> tem um pre\u00e7o recomendado de <strong>62.056,66 euros<\/strong>. Inclui bancos ventilados, sistema Bose, ProPILOT Park, HUD e acabamento TAMASHII. Traz ainda a garantia Nissan, de <strong>3 anos ou 100.000 km<\/strong>, com 12 anos de anticorros\u00e3o. A restante gama <a target=\"_blank\" href=\"https:\/\/ofertasespeciais.nissan.pt\/nissan-ariya\/\" rel=\"nofollow noopener\">est\u00e1 dispon\u00edvel<\/a> a partir dos seguintes valores de base:<\/p>\n<ul>\n<li>Engage &#8211; 36.150<\/li>\n<li>Advance &#8211; 40.950 euros<\/li>\n<li>Evolve 45.850 euros<\/li>\n<li>Nismo &#8211; 57.750 euros<\/li>\n<\/ul>\n<p>\u00c9, portanto, um <a target=\"_blank\" href=\"https:\/\/pplware.sapo.pt\/tag\/nissan\/\" rel=\"nofollow noopener\">SUV el\u00e9trico<\/a> que se posiciona no patamar m\u00e9dio-premium, concorrendo diretamente com propostas de marcas mais vistosas, mas nem sempre t\u00e3o equilibradas.<\/p>\n<p>O <strong>Nissan Ariya <\/strong>\u00e9 um carro que apetece usar todos os dias, sem cerim\u00f3nias, com aquela confian\u00e7a silenciosa de quem sabe que n\u00e3o precisa de provar nada. \u00c9 uma escolha muito mais forte do que parece ao primeiro olhar.<\/p>\n","protected":false},"excerpt":{"rendered":"No universo dos SUV el\u00e9tricos, j\u00e1 n\u00e3o basta p\u00f4r uma bateria grande e um ecr\u00e3 chamativo. O Nissan&hellip;\n","protected":false},"author":2,"featured_media":192435,"comment_status":"","ping_status":"","sticky":false,"template":"","format":"standard","meta":{"footnotes":""},"categories":[83],"tags":[88,89,90,3150,25360,32,33],"class_list":{"0":"post-192434","1":"post","2":"type-post","3":"status-publish","4":"format-standard","5":"has-post-thumbnail","7":"category-empresas","8":"tag-business","9":"tag-economy","10":"tag-empresas","11":"tag-nissan","12":"tag-nissan-ariya","13":"tag-portugal","14":"tag-pt"},"share_on_mastodon":{"url":"https:\/\/pubeurope.com\/@pt\/115736556167497970","error":""},"_links":{"self":[{"href":"https:\/\/www.europesays.com\/pt\/wp-json\/wp\/v2\/posts\/192434","targetHints":{"allow":["GET"]}}],"collection":[{"href":"https:\/\/www.europesays.com\/pt\/wp-json\/wp\/v2\/posts"}],"about":[{"href":"https:\/\/www.europesays.com\/pt\/wp-json\/wp\/v2\/types\/post"}],"author":[{"embeddable":true,"href":"https:\/\/www.europesays.com\/pt\/wp-json\/wp\/v2\/users\/2"}],"replies":[{"embeddable":true,"href":"https:\/\/www.europesays.com\/pt\/wp-json\/wp\/v2\/comments?post=192434"}],"version-history":[{"count":0,"href":"https:\/\/www.europesays.com\/pt\/wp-json\/wp\/v2\/posts\/192434\/revisions"}],"wp:featuredmedia":[{"embeddable":true,"href":"https:\/\/www.europesays.com\/pt\/wp-json\/wp\/v2\/media\/192435"}],"wp:attachment":[{"href":"https:\/\/www.europesays.com\/pt\/wp-json\/wp\/v2\/media?parent=192434"}],"wp:term":[{"taxonomy":"category","embeddable":true,"href":"https:\/\/www.europesays.com\/pt\/wp-json\/wp\/v2\/categories?post=192434"},{"taxonomy":"post_tag","embeddable":true,"href":"https:\/\/www.europesays.com\/pt\/wp-json\/wp\/v2\/tags?post=192434"}],"curies":[{"name":"wp","href":"https:\/\/api.w.org\/{rel}","templated":true}]}}