{"id":192436,"date":"2025-12-17T19:27:29","date_gmt":"2025-12-17T19:27:29","guid":{"rendered":"https:\/\/www.europesays.com\/pt\/192436\/"},"modified":"2025-12-17T19:27:29","modified_gmt":"2025-12-17T19:27:29","slug":"onda-rosa-recua-e-ultradireita-avanca-na-america-latina-dw-16-12-2025","status":"publish","type":"post","link":"https:\/\/www.europesays.com\/pt\/192436\/","title":{"rendered":"&#8220;Onda rosa&#8221; recua e ultradireita avan\u00e7a na Am\u00e9rica Latina \u2013 DW \u2013 16\/12\/2025"},"content":{"rendered":"<p>O presidente eleito do <a class=\"internal-link\" href=\"https:\/\/www.dw.com\/pt-br\/chile\/t-50886480\" rel=\"nofollow noopener\" target=\"_blank\">Chile<\/a> , <a class=\"internal-link\" href=\"https:\/\/www.dw.com\/pt-br\/ultradireitista-jos\u00e9-antonio-kast-\u00e9-eleito-presidente-do-chile\/a-75151409\" rel=\"nofollow noopener\" target=\"_blank\">Jos\u00e9 Antonio Kast<\/a> , ser\u00e1 o primeiro chefe de Est ado desde a redemocratiza\u00e7\u00e3o do pa\u00eds, em 1990, a jamais esconder sua admira\u00e7\u00e3o pelo ditador <a class=\"internal-link\" href=\"https:\/\/www.dw.com\/pt-br\/golpe-militar-no-chile\/t-66777757\" rel=\"nofollow noopener\" target=\"_blank\">Augusto Pinochet<\/a> . &#8220;Se ele estivesse vivo, votaria em mim&#8221;, chegou a declarar Kast em 2017, em sua primeira tentativa de chegar a La Moneda, a sede do governo chileno.<\/p>\n<p>Para mais de 7,2 milh\u00f5es de eleitores, essa posi\u00e7\u00e3o pol\u00edtica n\u00e3o parece ter sido um problema: jamais um candidato \u00e0 presid\u00eancia havia sido eleito com tantos votos. O voto \u00e9 obrigat\u00f3rio no Chile, e 15,7 milh\u00f5es de cidad\u00e3os estavam aptos a votar.<\/p>\n<p>Kast assumir\u00e1 o cargo em 11 de mar\u00e7o de 2026. Filho de um membro do Partido Nazista e ex-oficial da Wehrmacht (For\u00e7as Armadas da Alemanha nazista), Kast \u00e9 um cat\u00f3lico fervoroso que se op\u00f5e ao aborto, ao div\u00f3rcio e ao casamento entre pessoas do mesmo sexo e um linha-dura absoluto em rela\u00e7\u00e3o \u00e0 imigra\u00e7\u00e3o.<\/p>\n<p>O cientista pol\u00edtico chileno Crist\u00f3bal Roviro Kaltwasser, especializado na extrema direita chilena, diz que elei\u00e7\u00e3o de Kast n\u00e3o \u00e9 uma surpresa, pois a agenda pol\u00edtica no Chile mudou completamente. &#8220;Seis anos atr\u00e1s, durante os protestos em massa, a desigualdade social, a sa\u00fade e a educa\u00e7\u00e3o estavam no topo da agenda, o que levou \u00e0 elei\u00e7\u00e3o do esquerdista Gabriel Boric dois anos depois. Agora as quest\u00f5es s\u00e3o inseguran\u00e7a, criminalidade e imigra\u00e7\u00e3o.&#8221; Assim, Kast se tornou uma op\u00e7\u00e3o atraente para muitos chilenos.<\/p>\n<p>Avan\u00e7o da ultradireita na Am\u00e9rica Latina<\/p>\n<p>Com promessas de campanha como a constru\u00e7\u00e3o de um muro na fronteira com o Peru, a deporta\u00e7\u00e3o de 300 mil imigrantes ilegais e a constru\u00e7\u00e3o de novas pris\u00f5es, o &#8220;messias da direita chilena&#8221;, como \u00e9 chamado numa biografia, obteve grande apoio entre os eleitores do pa\u00eds.<\/p>\n<p>Roviro Kaltwasser diz ver Kast dentro de uma tend\u00eancia mundial de avan\u00e7o de pol\u00edticos da ultradireita. &#8220;A rea\u00e7\u00e3o global come\u00e7ou na Europa, depois se espalhou para os <a class=\"internal-link\" href=\"https:\/\/www.dw.com\/pt-br\/estados-unidos\/t-17444908\" rel=\"nofollow noopener\" target=\"_blank\">Estados Unidos<\/a> com o presidente <a class=\"internal-link\" href=\"https:\/\/www.dw.com\/pt-br\/donald-trump\/t-19497683\" rel=\"nofollow noopener\" target=\"_blank\">Donald Trump<\/a> e agora chegou \u00e0 Am\u00e9rica Latina com for\u00e7a total.&#8221;<\/p>\n<p>Segundo o cientista pol\u00edtico, o que une todos esses pol\u00edticos da ultradireita \u00e9 o seu radicalismo e, ao mesmo tempo, a sua rela\u00e7\u00e3o ambivalente e problem\u00e1tica com o sistema democr\u00e1tico.<\/p>\n<p>Ele acrescenta que a guinada pol\u00edtica \u00e0 direita n\u00e3o \u00e9 mais impulsionada apenas por personalidades, como o ex-presidente brasileiro <a class=\"internal-link\" href=\"https:\/\/www.dw.com\/pt-br\/jair-bolsonaro\/t-44877224\" rel=\"nofollow noopener\" target=\"_blank\">Jair Bolsonaro<\/a> . &#8220;Bolsonaro pode n\u00e3o ser mais eleg\u00edvel, mas o bolsonarismo veio para ficar.&#8221;<\/p>\n<p>O que une e separa Kast, Milei e Bukele<\/p>\n<p>N\u00e3o surpreende, portanto, que presidente ultralibert\u00e1rio da <a class=\"internal-link\" href=\"https:\/\/www.dw.com\/pt-br\/argentina\/t-36307961\" rel=\"nofollow noopener\" target=\"_blank\">Argentina<\/a> , <a class=\"internal-link\" href=\"https:\/\/www.dw.com\/pt-br\/javier-milei\/t-67529821\" rel=\"nofollow noopener\" target=\"_blank\">Javier Milei<\/a> , tenha sido um dos primeiros a parabenizar &#8220;seu amigo&#8221; Kast. &#8220;Um passo a mais da nossa regi\u00e3o em defesa da vida, da liberdade e da propriedade privada&#8221;, declarou Milei, que expressou satisfa\u00e7\u00e3o com a colabora\u00e7\u00e3o &#8220;para nos libertarmos do jugo opressor do socialismo do s\u00e9culo 21&#8221;.<\/p>\n<p><img data-format=\"MASTER_LANDSCAPE\" data-id=\"75086177\" data-url=\"https:\/\/static.dw.com\/image\/75086177_${formatId}.jpg\" data-aspect-ratio=\"16\/9\" alt=\"Javier Milei com motosserra\" style=\"padding-bottom: 56.25%; height: 0; max-height: 0;\"\/>Javier Milei foi um dos primeiros a parabenizar &#8220;seu amigo&#8221; KastFoto: Natacha Pisarenko\/AP Photo\/picture alliance<\/p>\n<p>O soci\u00f3logo argentino Pablo Sem\u00e1n destaca, por\u00e9m, algumas diferen\u00e7as entre os novos nomes da ultradireita na Am\u00e9rica Latina, como Kast, Milei e o o &#8220;<a class=\"internal-link\" href=\"https:\/\/www.dw.com\/pt-br\/a-ascens\u00e3o-de-nayib-bukele-o-presidente-de-el-salvador\/a-65553555\" rel=\"nofollow noopener\" target=\"_blank\">ditador mais cool do mundo<\/a> &#8220;, como o presidente autorit\u00e1rio de <a class=\"internal-link\" href=\"https:\/\/www.dw.com\/pt-br\/el-salvador\/t-68144521\" rel=\"nofollow noopener\" target=\"_blank\">El Salvador<\/a> , <a class=\"internal-link\" href=\"https:\/\/www.dw.com\/pt-br\/bukele-abre-caminho-para-se-perpetuar-no-poder-em-el-salvador\/a-73504251\" rel=\"nofollow noopener\" target=\"_blank\">Nayib Bukele<\/a> , ironicamente denomina a si mesmo.<\/p>\n<p>&#8220;Apesar de todos estarem bem \u00e0 direita, cada um enfatizou quest\u00f5es pol\u00edticas e econ\u00f4micas diferentes em suas campanhas. Kast focou inteiramente na imigra\u00e7\u00e3o, Bukele na seguran\u00e7a e Milei conquistou votos com a infla\u00e7\u00e3o&#8221;, observa Sem\u00e1n.<\/p>\n<p>Um ponto em comum \u00e9 o grande sucesso entre os eleitores jovens. &#8220;Esta gera\u00e7\u00e3o tem certeza de que sua vida ser\u00e1 pior do que as de seus pais. E a esquerda n\u00e3o tem respostas para isso.&#8221;<\/p>\n<p>&#8220;Onda rosa&#8221; perde for\u00e7a<\/p>\n<p>O soci\u00f3logo argentino acompanhou meticulosamente a ascens\u00e3o de Milei ao poder e escreveu um livro sobre o assunto. Ele defende a tese de que a &#8220;<a class=\"internal-link\" href=\"https:\/\/www.dw.com\/pt-br\/o-que-explica-e-quais-os-desafios-da-nova-onda-rosa-latina\/a-62212439\" rel=\"nofollow noopener\" target=\"_blank\">onda rosa<\/a> &#8220;, que come\u00e7ou com Hugo Ch\u00e1vez na <a class=\"internal-link\" href=\"https:\/\/www.dw.com\/pt-br\/venezuela\/t-17444935\" rel=\"nofollow noopener\" target=\"_blank\">Venezuela<\/a> , no fim da d\u00e9cada de 1990, e prosseguiu com a chegada ao poder de muitos pol\u00edticos de esquerda, progressistas e antineoliberais na Am\u00e9rica Latina, arrefeceu em parte devido aos erros cometidos por esses governantes, que negligenciaram quest\u00f5es estruturais na Am\u00e9rica Latina, como combate \u00e0 corrup\u00e7\u00e3o, seguran\u00e7a e crescimento econ\u00f4mico.<\/p>\n<p>&#8220;Mas a principal raz\u00e3o para o fim da &#8216;onda rosa&#8217; \u00e9 que a sociedade e o Estado se distanciaram cada vez mais nos \u00faltimos anos. A influ\u00eancia do mercado na sociedade nunca foi t\u00e3o forte, enquanto a influ\u00eancia do Estado nunca foi t\u00e3o pequena. Ao mesmo tempo espera-se do Estado que resolva problemas que ele n\u00e3o consegue mais resolver&#8221;, afirma Sem\u00e1n.<\/p>\n<p>Por isso que Milei ascendeu ao status de s\u00edmbolo global com sua motosserra e a tese radical de acabar com o Estado, argumenta.<\/p>\n<p>Triunfos tamb\u00e9m na Bol\u00edvia, Equador e Honduras<\/p>\n<p>Toda a Am\u00e9rica Latina se inclina cada vez mais para a direita: na <a class=\"internal-link\" href=\"https:\/\/www.dw.com\/pt-br\/bol\u00edvia\/t-50889140\" rel=\"nofollow noopener\" target=\"_blank\">Bol\u00edvia<\/a> , o democrata-crist\u00e3o <a class=\"internal-link\" href=\"https:\/\/www.dw.com\/pt-br\/capitalismo-para-todos-os-desafios-de-rodrigo-paz-eleito-presidente-na-bol\u00edvia\/a-74421818\" rel=\"nofollow noopener\" target=\"_blank\">Rodrigo Paz<\/a> p\u00f4s fim a 20 anos de um governo socialista moldado pelo primeiro presidente ind\u00edgena do pa\u00eds, Evo Morales. No <a class=\"internal-link\" href=\"https:\/\/www.dw.com\/pt-br\/equador\/t-50885833\" rel=\"nofollow noopener\" target=\"_blank\">Equador<\/a> , o populista de direita <a class=\"internal-link\" href=\"https:\/\/www.dw.com\/pt-br\/conservador-daniel-noboa-\u00e9-reeleito-presidente-do-equador\/a-72237342\" rel=\"nofollow noopener\" target=\"_blank\">Daniel Noboa<\/a> tenta apagar a mem\u00f3ria da &#8220;revolu\u00e7\u00e3o cidad\u00e3&#8221; do ex-presidente Rafael Correa. E a esquerda tamb\u00e9m foi severamente punida em Honduras: numa <a class=\"internal-link\" href=\"https:\/\/www.dw.com\/pt-br\/parlamento-amea\u00e7a-n\u00e3o-validar-elei\u00e7\u00e3o-em-honduras\/a-75109266\" rel=\"nofollow noopener\" target=\"_blank\">elei\u00e7\u00e3o presidencial marcada pelas den\u00fancias de fraude<\/a> , o candidato de direita Nasry Asfura, apoiado por Trump, lidera a apura\u00e7\u00e3o.<\/p>\n<p>Roviro Kaltwasser ressalva, por\u00e9m, que o p\u00eandulo pode oscilar no\u00a0sentido oposto: os novos governos de ultradireita precisam apresentar resultados igualmente expressivos. Se a esquerda quiser voltar ao poder na Am\u00e9rica Latina, deve se mirar no Brasil, que mostrou ao mundo a for\u00e7a de suas institui\u00e7\u00f5es democr\u00e1ticas, diz.<\/p>\n<p>&#8220;Essas institui\u00e7\u00f5es funcionaram quando o ex-presidente Bolsonaro se recusou a aceitar os resultados das elei\u00e7\u00f5es e tentou dar um golpe de Estado, pelo qual foi condenado a 27 anos de pris\u00e3o. E aqui se v\u00ea a diferen\u00e7a em rela\u00e7\u00e3o aos EUA, onde um desenvolvimento semelhante ocorreu com Trump. O Brasil demonstrou sua for\u00e7a institucional, enquanto os Estados Unidos mostraram fragilidade.&#8221;<\/p>\n","protected":false},"excerpt":{"rendered":"O presidente eleito do Chile , Jos\u00e9 Antonio Kast , ser\u00e1 o primeiro chefe de Est ado desde&hellip;\n","protected":false},"author":2,"featured_media":192437,"comment_status":"","ping_status":"","sticky":false,"template":"","format":"standard","meta":{"footnotes":""},"categories":[50],"tags":[27,28,15,16,14,25,26,21,22,62,12,13,19,20,23,24,17,18,29,30,31,63,64,65],"class_list":{"0":"post-192436","1":"post","2":"type-post","3":"status-publish","4":"format-standard","5":"has-post-thumbnail","7":"category-mundo","8":"tag-breaking-news","9":"tag-breakingnews","10":"tag-featured-news","11":"tag-featurednews","12":"tag-headlines","13":"tag-latest-news","14":"tag-latestnews","15":"tag-main-news","16":"tag-mainnews","17":"tag-mundo","18":"tag-news","19":"tag-noticias","20":"tag-noticias-principais","21":"tag-noticiasprincipais","22":"tag-principais-noticias","23":"tag-principaisnoticias","24":"tag-top-stories","25":"tag-topstories","26":"tag-ultimas","27":"tag-ultimas-noticias","28":"tag-ultimasnoticias","29":"tag-world","30":"tag-world-news","31":"tag-worldnews"},"share_on_mastodon":{"url":"https:\/\/pubeurope.com\/@pt\/115736559132632173","error":""},"_links":{"self":[{"href":"https:\/\/www.europesays.com\/pt\/wp-json\/wp\/v2\/posts\/192436","targetHints":{"allow":["GET"]}}],"collection":[{"href":"https:\/\/www.europesays.com\/pt\/wp-json\/wp\/v2\/posts"}],"about":[{"href":"https:\/\/www.europesays.com\/pt\/wp-json\/wp\/v2\/types\/post"}],"author":[{"embeddable":true,"href":"https:\/\/www.europesays.com\/pt\/wp-json\/wp\/v2\/users\/2"}],"replies":[{"embeddable":true,"href":"https:\/\/www.europesays.com\/pt\/wp-json\/wp\/v2\/comments?post=192436"}],"version-history":[{"count":0,"href":"https:\/\/www.europesays.com\/pt\/wp-json\/wp\/v2\/posts\/192436\/revisions"}],"wp:featuredmedia":[{"embeddable":true,"href":"https:\/\/www.europesays.com\/pt\/wp-json\/wp\/v2\/media\/192437"}],"wp:attachment":[{"href":"https:\/\/www.europesays.com\/pt\/wp-json\/wp\/v2\/media?parent=192436"}],"wp:term":[{"taxonomy":"category","embeddable":true,"href":"https:\/\/www.europesays.com\/pt\/wp-json\/wp\/v2\/categories?post=192436"},{"taxonomy":"post_tag","embeddable":true,"href":"https:\/\/www.europesays.com\/pt\/wp-json\/wp\/v2\/tags?post=192436"}],"curies":[{"name":"wp","href":"https:\/\/api.w.org\/{rel}","templated":true}]}}