{"id":192438,"date":"2025-12-17T19:29:14","date_gmt":"2025-12-17T19:29:14","guid":{"rendered":"https:\/\/www.europesays.com\/pt\/192438\/"},"modified":"2025-12-17T19:29:14","modified_gmt":"2025-12-17T19:29:14","slug":"putin-promete-conquistar-a-kiev-territorios-historicos-russos","status":"publish","type":"post","link":"https:\/\/www.europesays.com\/pt\/192438\/","title":{"rendered":"Putin promete conquistar a Kiev &#8220;territ\u00f3rios hist\u00f3ricos russos&#8221;"},"content":{"rendered":"<p>O presidente russo, Vladimir Putin, prometeu esta quarta-feira, 17 de dezembro, a conquista militar do que considerou os \u201cterrit\u00f3rios hist\u00f3ricos russos\u201d na Ucr\u00e2nia, <strong>numa alus\u00e3o \u00e0s quatro regi\u00f5es ucranianas anexadas por Moscovo, <\/strong>se a diplomacia fracassar.<\/p>\n<p><strong>\u201cSe o advers\u00e1rio e os seus patrocinadores estrangeiros se recusarem a falar sobre isso, a R\u00fassia alcan\u00e7ar\u00e1 a liberta\u00e7\u00e3o dos seus territ\u00f3rios hist\u00f3ricos pela via militar\u201d, afirmou<\/strong>, citado pela ag\u00eancia noticiosa espanhola EFE.<\/p>\n<p>Desde que invadiu a Ucr\u00e2nia em fevereiro de 2022, Moscovo declarou como anexadas as regi\u00f5es ucranianas de Donetsk, Lugansk, Zaporijia e Kherson, depois de ter feito o mesmo \u00e0 Crimeia em 2014.<\/p>\n<p><strong>Putin ressalvou que preferia recuperar os territ\u00f3rios \u201ce eliminar as causas originais do conflito com a ajuda da diplomacia\u201d, ao discursar perante a c\u00fapula da defesa em Moscovo.<\/strong><\/p>\n<p>Putin reafirmou que se mant\u00eam os objetivos da \u201copera\u00e7\u00e3o militar especial\u201d, a designa\u00e7\u00e3o oficial russa para o conflito, numa altura em que decorrem negocia\u00e7\u00f5es sobre um plano norte-americano para tentar acabar com a guerra.<\/p>\n<p>A afirma\u00e7\u00e3o deixa pouca margem para que a R\u00fassia venha a aceitar exig\u00eancias de Kiev, como a n\u00e3o-ced\u00eancia de territ\u00f3rio.<\/p>\n<p><strong>Moscovo vai alcan\u00e7ar, \u201csem margens para d\u00favidas, todos os objetivos\u201d da opera\u00e7\u00e3o, assegurou o comandante supremo das for\u00e7as armadas da R\u00fassia<\/strong>, tamb\u00e9m citado pela AFP.<\/p>\n<p>Putin destacou que as tropas russas &#8220;libertaram&#8221; este ano mais de 300 localidades na Ucr\u00e2nia.<\/p>\n<p>Peritos independentes, como o Instituto para o Estudo da Guerra (ISW), com sede em Washington, afirmam que as for\u00e7as russas conquistaram menos de 1% do territ\u00f3rio ucraniano desde janeiro.<\/p>\n<p>Putin falou tamb\u00e9m na \u201calta capacidade de combate\u201d dos soldados russos, apesar de Kiev contar \u201ccom o potencial dos pa\u00edses membros do maior bloco pol\u00edtico-militar do mundo, a NATO\u201d.<\/p>\n<p><strong>\u201cO ano que agora termina foi uma etapa importante no cumprimento das miss\u00f5es da opera\u00e7\u00e3o militar especial. O ex\u00e9rcito russo mant\u00e9m a iniciativa estrat\u00e9gica em toda a linha da frente\u201d, afirmou.<\/strong><\/p>\n<p>Alegou que as tropas russas \u201cest\u00e3o a esmagar\u201d as unidades de elite ucranianas treinadas em centros de instru\u00e7\u00e3o ocidentais e equipadas com armamento estrangeiro moderno.<\/p>\n<p>Destacou tamb\u00e9m que a R\u00fassia continuar\u00e1 a alargar a faixa de seguran\u00e7a nas regi\u00f5es ucranianas de Kharkiv, Dnipropetrovsk e Sumy.<\/p>\n","protected":false},"excerpt":{"rendered":"O presidente russo, Vladimir Putin, prometeu esta quarta-feira, 17 de dezembro, a conquista militar do que considerou os&hellip;\n","protected":false},"author":2,"featured_media":192439,"comment_status":"","ping_status":"","sticky":false,"template":"","format":"standard","meta":{"footnotes":""},"categories":[8],"tags":[27,28,15,16,889,14,25,26,21,22,12,13,19,20,32,23,24,33,839,17,18,29,30,31,2415],"class_list":{"0":"post-192438","1":"post","2":"type-post","3":"status-publish","4":"format-standard","5":"has-post-thumbnail","7":"category-principais-noticias","8":"tag-breaking-news","9":"tag-breakingnews","10":"tag-featured-news","11":"tag-featurednews","12":"tag-guerra-na-ucrania","13":"tag-headlines","14":"tag-latest-news","15":"tag-latestnews","16":"tag-main-news","17":"tag-mainnews","18":"tag-news","19":"tag-noticias","20":"tag-noticias-principais","21":"tag-noticiasprincipais","22":"tag-portugal","23":"tag-principais-noticias","24":"tag-principaisnoticias","25":"tag-pt","26":"tag-russia","27":"tag-top-stories","28":"tag-topstories","29":"tag-ultimas","30":"tag-ultimas-noticias","31":"tag-ultimasnoticias","32":"tag-vladimir-putin"},"share_on_mastodon":{"url":"https:\/\/pubeurope.com\/@pt\/115736567008573912","error":""},"_links":{"self":[{"href":"https:\/\/www.europesays.com\/pt\/wp-json\/wp\/v2\/posts\/192438","targetHints":{"allow":["GET"]}}],"collection":[{"href":"https:\/\/www.europesays.com\/pt\/wp-json\/wp\/v2\/posts"}],"about":[{"href":"https:\/\/www.europesays.com\/pt\/wp-json\/wp\/v2\/types\/post"}],"author":[{"embeddable":true,"href":"https:\/\/www.europesays.com\/pt\/wp-json\/wp\/v2\/users\/2"}],"replies":[{"embeddable":true,"href":"https:\/\/www.europesays.com\/pt\/wp-json\/wp\/v2\/comments?post=192438"}],"version-history":[{"count":0,"href":"https:\/\/www.europesays.com\/pt\/wp-json\/wp\/v2\/posts\/192438\/revisions"}],"wp:featuredmedia":[{"embeddable":true,"href":"https:\/\/www.europesays.com\/pt\/wp-json\/wp\/v2\/media\/192439"}],"wp:attachment":[{"href":"https:\/\/www.europesays.com\/pt\/wp-json\/wp\/v2\/media?parent=192438"}],"wp:term":[{"taxonomy":"category","embeddable":true,"href":"https:\/\/www.europesays.com\/pt\/wp-json\/wp\/v2\/categories?post=192438"},{"taxonomy":"post_tag","embeddable":true,"href":"https:\/\/www.europesays.com\/pt\/wp-json\/wp\/v2\/tags?post=192438"}],"curies":[{"name":"wp","href":"https:\/\/api.w.org\/{rel}","templated":true}]}}