{"id":192442,"date":"2025-12-17T19:41:09","date_gmt":"2025-12-17T19:41:09","guid":{"rendered":"https:\/\/www.europesays.com\/pt\/192442\/"},"modified":"2025-12-17T19:41:09","modified_gmt":"2025-12-17T19:41:09","slug":"esta-capa-da-ao-iphone-um-segundo-ecra-para-selfies-perfeitas-lancamento","status":"publish","type":"post","link":"https:\/\/www.europesays.com\/pt\/192442\/","title":{"rendered":"Esta capa d\u00e1 ao iPhone um segundo ecr\u00e3 para selfies perfeitas | Lan\u00e7amento"},"content":{"rendered":"<p>A c\u00e2mara frontal do iPhone 17 Pro, com 18 megap\u00edxeis, \u00e9 mais do que suficiente para selfies e chamadas de v\u00eddeo. Ainda assim, n\u00e3o h\u00e1 como contornar o \u00f3bvio: as c\u00e2maras traseiras, com sensores de 48 megap\u00edxeis e maior \u00e1rea de exposi\u00e7\u00e3o, oferecem uma qualidade muito superior. O entrave \u00e9 conhecido de quase todos os utilizadores de smartphones: n\u00e3o \u00e9 poss\u00edvel enquadrar uma selfie recorrendo \u00e0s c\u00e2maras principais.<\/p>\n<p>Alguns fabricantes j\u00e1 encontraram formas de contornar esta limita\u00e7\u00e3o, seja com smartphones dobr\u00e1veis, como o <a href=\"https:\/\/www.publico.pt\/2025\/07\/21\/enter\/critica\/galaxy-z-fold-7-teste-smartphone-dobra-perfeicao-quase-2141190\" rel=\"nofollow noopener\" target=\"_blank\">Samsung Galaxy Z Fold 7<\/a>, seja com ecr\u00e3s secund\u00e1rios na traseira, como acontece no Xiaomi 17 Pro Max, ainda indispon\u00edvel em Portugal. A Selfix acredita ter uma alternativa mais simples e universal.<\/p>\n<p>A proposta passa por uma capa que, al\u00e9m de proteger o iPhone 17 Pro, integra um ecr\u00e3 circular de 1,6 polegadas na traseira. Este pequeno visor mostra a imagem captada pelas c\u00e2maras principais, permitindo enquadrar selfies ou v\u00eddeos usando qualquer uma das tr\u00eas c\u00e2maras traseiras do topo de gama da Apple.<\/p>\n<p>Segundo a empresa, n\u00e3o \u00e9 necess\u00e1ria qualquer configura\u00e7\u00e3o: basta colocar o iPhone na capa e come\u00e7ar a fotografar. A Selfix inclui ainda uma ranhura para cart\u00f5es SD, permitindo gravar fotografias e v\u00eddeos directamente na capa e, assim, contornar as limita\u00e7\u00f5es de armazenamento interno do smartphone.<\/p>\n<p>A capa ser\u00e1 compat\u00edvel com as duas vers\u00f5es do iPhone 17 Pro, Pro e Pro Max. Para j\u00e1, n\u00e3o h\u00e1 informa\u00e7\u00e3o sobre pre\u00e7o ou data de lan\u00e7amento. A \u00fanica informa\u00e7\u00e3o sobre disponibilidade \u00e9 que a Selfix dever\u00e1 surgir em breve na plataforma de financiamento colectivo Kickstarter.<\/p>\n","protected":false},"excerpt":{"rendered":"A c\u00e2mara frontal do iPhone 17 Pro, com 18 megap\u00edxeis, \u00e9 mais do que suficiente para selfies e&hellip;\n","protected":false},"author":2,"featured_media":192443,"comment_status":"","ping_status":"","sticky":false,"template":"","format":"standard","meta":{"footnotes":""},"categories":[84],"tags":[2992,109,107,108,246,249,38655,271,32,33,105,103,104,954,106,110,4057],"class_list":{"0":"post-192442","1":"post","2":"type-post","3":"status-publish","4":"format-standard","5":"has-post-thumbnail","7":"category-ciencia-e-tecnologia","8":"tag-actualidade","9":"tag-ciencia","10":"tag-ciencia-e-tecnologia","11":"tag-cienciaetecnologia","12":"tag-enter","13":"tag-iphone","14":"tag-kickstarter","15":"tag-lancamento","16":"tag-portugal","17":"tag-pt","18":"tag-science","19":"tag-science-and-technology","20":"tag-scienceandtechnology","21":"tag-smartphones","22":"tag-technology","23":"tag-tecnologia","24":"tag-telemoveis"},"share_on_mastodon":{"url":"https:\/\/pubeurope.com\/@pt\/115736614360434523","error":""},"_links":{"self":[{"href":"https:\/\/www.europesays.com\/pt\/wp-json\/wp\/v2\/posts\/192442","targetHints":{"allow":["GET"]}}],"collection":[{"href":"https:\/\/www.europesays.com\/pt\/wp-json\/wp\/v2\/posts"}],"about":[{"href":"https:\/\/www.europesays.com\/pt\/wp-json\/wp\/v2\/types\/post"}],"author":[{"embeddable":true,"href":"https:\/\/www.europesays.com\/pt\/wp-json\/wp\/v2\/users\/2"}],"replies":[{"embeddable":true,"href":"https:\/\/www.europesays.com\/pt\/wp-json\/wp\/v2\/comments?post=192442"}],"version-history":[{"count":0,"href":"https:\/\/www.europesays.com\/pt\/wp-json\/wp\/v2\/posts\/192442\/revisions"}],"wp:featuredmedia":[{"embeddable":true,"href":"https:\/\/www.europesays.com\/pt\/wp-json\/wp\/v2\/media\/192443"}],"wp:attachment":[{"href":"https:\/\/www.europesays.com\/pt\/wp-json\/wp\/v2\/media?parent=192442"}],"wp:term":[{"taxonomy":"category","embeddable":true,"href":"https:\/\/www.europesays.com\/pt\/wp-json\/wp\/v2\/categories?post=192442"},{"taxonomy":"post_tag","embeddable":true,"href":"https:\/\/www.europesays.com\/pt\/wp-json\/wp\/v2\/tags?post=192442"}],"curies":[{"name":"wp","href":"https:\/\/api.w.org\/{rel}","templated":true}]}}