{"id":192446,"date":"2025-12-17T19:43:14","date_gmt":"2025-12-17T19:43:14","guid":{"rendered":"https:\/\/www.europesays.com\/pt\/192446\/"},"modified":"2025-12-17T19:43:14","modified_gmt":"2025-12-17T19:43:14","slug":"estavam-mesmo-muito-perto-pela-segunda-vez-em-48-horas-mais-um-aviao-civil-escapa-a-colisao-com-aeronave-da-forca-aerea-dos-eua-perto-da-venezuela","status":"publish","type":"post","link":"https:\/\/www.europesays.com\/pt\/192446\/","title":{"rendered":"&#8220;Estavam mesmo muito perto&#8221;. Pela segunda vez em 48 horas, mais um avi\u00e3o civil escapa a colis\u00e3o com aeronave da For\u00e7a A\u00e9rea dos EUA perto da Venezuela"},"content":{"rendered":"<p>\t                Comando Sul dos Estados Unidos disse apenas \u00e0 CNN estar &#8220;a par das recentes informa\u00e7\u00f5es sobre opera\u00e7\u00f5es de aeronaves militares dos EUA nas Cara\u00edbas e (estar) atualmente a analisar o assunto&#8221;<\/p>\n<p data-end=\"482\" data-start=\"202\">Um avi\u00e3o de passageiros da JetBlue teve de interromper a subida para evitar uma colis\u00e3o com um avi\u00e3o reabastecedor da For\u00e7a A\u00e9rea dos Estados Unidos ao largo da costa da Venezuela, na sexta-feira. No dia seguinte, um avi\u00e3o privado tamb\u00e9m esteve envolvido num incidente semelhante.<\/p>\n<p data-end=\"753\" data-start=\"484\">Transmiss\u00f5es de r\u00e1dio analisadas pela CNN mostram que os pilotos de um jato privado escaparam por pouco a uma colis\u00e3o com um avi\u00e3o reabastecedor da For\u00e7a A\u00e9rea dos Estados Unidos perto da Venezuela, no s\u00e1bado \u2013 um dia depois de um incidente semelhante nas proximidades.<\/p>\n<p data-end=\"996\" data-start=\"755\">Os pilotos do Falcon 900EX, que voava de Aruba para Miami, relataram a quase colis\u00e3o aos controladores de tr\u00e1fego a\u00e9reo em Cura\u00e7ao pouco depois do incidente, na tarde de s\u00e1bado, de acordo com \u00e1udio captado pelo <a href=\"https:\/\/nam11.safelinks.protection.outlook.com\/?url=http%3A%2F%2Fliveatc.net%2F&amp;data=05%7C02%7Cdevon.sayers%40cnn.com%7Cea1eb78cfdda4ec0d6fc08de3cc89d5e%7C0eb48825e8714459bc72d0ecd68f1f39%7C0%7C0%7C639015029799799993%7CUnknown%7CTWFpbGZsb3d8eyJFbXB0eU1hcGkiOnRydWUsIlYiOiIwLjAuMDAwMCIsIlAiOiJXaW4zMiIsIkFOIjoiTWFpbCIsIldUIjoyfQ%3D%3D%7C0%7C%7C%7C&amp;sdata=Rch6TpaEbnFNd0x%2BPSvwYNin%2FI8LEsLBSrf7xytiUaQ%3D&amp;reserved=0\" target=\"_blank\" rel=\"nofollow noopener\">LiveATC.net<\/a>.<\/p>\n<p data-end=\"1238\" data-start=\"998\">\u201cEles estavam mesmo muito perto\u201d, disse um dos pilotos aos controladores sobre o encontro a cerca de 26.000 p\u00e9s de altitude. \u201cEst\u00e1vamos a subir diretamente para ele\u201d, acrescentou o piloto n\u00e3o identificado. \u201cEra grande, talvez um 777 ou um (767).\u201d<\/p>\n<p data-end=\"1336\" data-start=\"1240\">A CNN contactou a For\u00e7a A\u00e9rea dos EUA e o Comando Sul dos Estados Unidos para obter coment\u00e1rios.<\/p>\n<p data-end=\"1808\" data-start=\"1338\">O incidente marca a segunda quase colis\u00e3o reportada perto da Venezuela em dois dias. Na sexta-feira, os pilotos do voo 1112 da JetBlue, de Cura\u00e7ao para o Aeroporto Internacional John F. Kennedy, em Nova Iorque, comunicaram por r\u00e1dio aos controladores que foram for\u00e7ados a interromper abruptamente a subida depois de um avi\u00e3o reabastecedor da For\u00e7a A\u00e9rea dos EUA ter cruzado diretamente \u00e0 frente da sua trajet\u00f3ria de voo <a href=\"https:\/\/cnnportugal.iol.pt\/jfk\/nova-iorque\/aviao-comercial-evita-colisao-no-ar-com-aeronave-da-forca-aerea-dos-eua-perto-da-venezuela\/20251215\/693fcf5bd34e2bd5c6d519ed\" target=\"_blank\" rel=\"nofollow noopener\">com o transponder de posi\u00e7\u00e3o desligado<\/a>.<\/p>\n<p data-end=\"2131\" data-start=\"1810\">O Pent\u00e1gono e respons\u00e1veis da avia\u00e7\u00e3o neerlandesa dizem estar a analisar o incidente anterior envolvendo a JetBlue. Numa declara\u00e7\u00e3o \u00e0 CNN, o Comando Sul dos Estados Unidos afirmou estar \u201ca par das recentes informa\u00e7\u00f5es sobre opera\u00e7\u00f5es de aeronaves militares dos EUA nas Cara\u00edbas e (estar) atualmente a analisar o assunto\u201d.<\/p>\n<p data-end=\"2303\" data-start=\"2133\">O Conselho Nacional de Seguran\u00e7a dos Transportes (NTSB, na sigla em ingl\u00eas) disse \u00e0 CNN que tinha conhecimento de ambos os incidentes e que estava a recolher informa\u00e7\u00f5es.<\/p>\n<p data-end=\"2369\" data-start=\"2305\">Cura\u00e7ao fica a cerca de 64,37 quil\u00f3metros a norte da costa da Venezuela.<\/p>\n<p data-end=\"2603\" data-start=\"2371\">A Administra\u00e7\u00e3o Federal da Avia\u00e7\u00e3o (FAA) emitiu no m\u00eas passado um aviso alertando as companhias a\u00e9reas dos EUA para um aumento da atividade militar a todas as altitudes perto da Venezuela. Na ter\u00e7a-feira, voltou a reiterar o alerta.<\/p>\n<p data-end=\"2812\" data-start=\"2605\">\u201cAs amea\u00e7as podem representar um risco potencial para as aeronaves a todas as altitudes, incluindo durante sobrevoos, nas fases de chegada e partida dos voos e\/ou em aeroportos e aeronaves no solo\u201d, afirmou.<\/p>\n<p data-end=\"3120\" data-start=\"2814\">V\u00e1rias companhias a\u00e9reas internacionais cancelaram voos com origem na Venezuela ap\u00f3s o alerta da FAA no m\u00eas passado. Na ter\u00e7a-feira, a Copa Airlines disse que iria prolongar a suspens\u00e3o dos voos de e para Caracas at\u00e9 15 de janeiro, \u201cdevido a condi\u00e7\u00f5es operacionais no Aeroporto Internacional de Maiquet\u00eda\u201d.<\/p>\n<p data-end=\"3268\" data-is-last-node=\"\" data-is-only-node=\"\" data-start=\"3122\">Cura\u00e7ao faz parte do Reino dos Pa\u00edses Baixos. O Conselho de Seguran\u00e7a dos Pa\u00edses Baixos disse estar a par do incidente no espa\u00e7o a\u00e9reo de Cura\u00e7ao.<\/p>\n","protected":false},"excerpt":{"rendered":"Comando Sul dos Estados Unidos disse apenas \u00e0 CNN estar &#8220;a par das recentes informa\u00e7\u00f5es sobre opera\u00e7\u00f5es de&hellip;\n","protected":false},"author":2,"featured_media":192447,"comment_status":"","ping_status":"","sticky":false,"template":"","format":"standard","meta":{"footnotes":""},"categories":[50],"tags":[609,836,611,27,28,607,608,333,832,604,135,610,476,235,15,16,20584,301,830,14,36252,603,25,26,570,38656,21,22,831,833,62,834,12,13,19,20,835,602,52,32,23,24,17,18,29,30,31,63,64,65],"class_list":{"0":"post-192446","1":"post","2":"type-post","3":"status-publish","4":"format-standard","5":"has-post-thumbnail","7":"category-mundo","8":"tag-alerta","9":"tag-analise","10":"tag-ao-minuto","11":"tag-breaking-news","12":"tag-breakingnews","13":"tag-cnn","14":"tag-cnn-portugal","15":"tag-comentadores","16":"tag-costa","17":"tag-crime","18":"tag-desporto","19":"tag-direto","20":"tag-economia","21":"tag-estados-unidos","22":"tag-featured-news","23":"tag-featurednews","24":"tag-forca-aerea","25":"tag-governo","26":"tag-guerra","27":"tag-headlines","28":"tag-jetblue","29":"tag-justica","30":"tag-latest-news","31":"tag-latestnews","32":"tag-live","33":"tag-liveatc","34":"tag-main-news","35":"tag-mainnews","36":"tag-mais-vistas","37":"tag-marcelo","38":"tag-mundo","39":"tag-negocios","40":"tag-news","41":"tag-noticias","42":"tag-noticias-principais","43":"tag-noticiasprincipais","44":"tag-opiniao","45":"tag-pais","46":"tag-politica","47":"tag-portugal","48":"tag-principais-noticias","49":"tag-principaisnoticias","50":"tag-top-stories","51":"tag-topstories","52":"tag-ultimas","53":"tag-ultimas-noticias","54":"tag-ultimasnoticias","55":"tag-world","56":"tag-world-news","57":"tag-worldnews"},"share_on_mastodon":{"url":"","error":"Validation failed: Text character limit of 500 exceeded"},"_links":{"self":[{"href":"https:\/\/www.europesays.com\/pt\/wp-json\/wp\/v2\/posts\/192446","targetHints":{"allow":["GET"]}}],"collection":[{"href":"https:\/\/www.europesays.com\/pt\/wp-json\/wp\/v2\/posts"}],"about":[{"href":"https:\/\/www.europesays.com\/pt\/wp-json\/wp\/v2\/types\/post"}],"author":[{"embeddable":true,"href":"https:\/\/www.europesays.com\/pt\/wp-json\/wp\/v2\/users\/2"}],"replies":[{"embeddable":true,"href":"https:\/\/www.europesays.com\/pt\/wp-json\/wp\/v2\/comments?post=192446"}],"version-history":[{"count":0,"href":"https:\/\/www.europesays.com\/pt\/wp-json\/wp\/v2\/posts\/192446\/revisions"}],"wp:featuredmedia":[{"embeddable":true,"href":"https:\/\/www.europesays.com\/pt\/wp-json\/wp\/v2\/media\/192447"}],"wp:attachment":[{"href":"https:\/\/www.europesays.com\/pt\/wp-json\/wp\/v2\/media?parent=192446"}],"wp:term":[{"taxonomy":"category","embeddable":true,"href":"https:\/\/www.europesays.com\/pt\/wp-json\/wp\/v2\/categories?post=192446"},{"taxonomy":"post_tag","embeddable":true,"href":"https:\/\/www.europesays.com\/pt\/wp-json\/wp\/v2\/tags?post=192446"}],"curies":[{"name":"wp","href":"https:\/\/api.w.org\/{rel}","templated":true}]}}