{"id":192450,"date":"2025-12-17T19:47:04","date_gmt":"2025-12-17T19:47:04","guid":{"rendered":"https:\/\/www.europesays.com\/pt\/192450\/"},"modified":"2025-12-17T19:47:04","modified_gmt":"2025-12-17T19:47:04","slug":"viviane-araujo-vira-agenciada-da-globo-na-publicidade-17-12-2025-outro-canal","status":"publish","type":"post","link":"https:\/\/www.europesays.com\/pt\/192450\/","title":{"rendered":"Viviane Araujo vira agenciada da Globo na publicidade &#8211; 17\/12\/2025 &#8211; Outro Canal"},"content":{"rendered":"<p>\n<strong class=\"c-signature__location\">Aracaju <\/strong>\n<\/p>\n<p><a href=\"https:\/\/f5.folha.uol.com.br\/televisao\/2025\/11\/globo-confirma-viviane-araujo-em-tres-gracas-ela-sera-ex-de-belo-na-trama.shtml\" rel=\"nofollow noopener\" target=\"\">A chegada de Viviane Araujo em &#8220;Tr\u00eas Gra\u00e7as&#8221;<\/a>, a partir de janeiro, n\u00e3o \u00e9 a \u00fanica novidade da atriz com a <a href=\"https:\/\/www1.folha.uol.com.br\/folha-topicos\/globo\/\" rel=\"nofollow noopener\" target=\"_blank\">Globo<\/a>. A atriz assinou contrato nesta quarta (17) com a ViU, bra\u00e7o de influenciadores digitais da Globo, para representa\u00e7\u00e3o comercial no mercado publicit\u00e1rio.<\/p>\n<p>  <a href=\"https:\/\/f5.folha.uol.com.br\/colunistas\/outro-canal\/\" rel=\"nofollow noopener\" target=\"_blank\"><br \/>\n    <img decoding=\"async\" src=\"https:\/\/www.europesays.com\/pt\/wp-content\/uploads\/2025\/10\/172599691166e09f6f54fe2_1725996911_1x1_xs.jpg\" alt=\"Foto de Outro Canal\" class=\"img-responsive c-lazyload\"\/><\/p>\n<p>  <\/a><\/p>\n<p class=\"author__description\">\n    Cobre diariamente os bastidores das novelas, do telejornalismo e da m\u00eddia esportiva. Tem como titular o jornalista Gabriel Vaquer\n  <\/p>\n","protected":false},"excerpt":{"rendered":"Aracaju A chegada de Viviane Araujo em &#8220;Tr\u00eas Gra\u00e7as&#8221;, a partir de janeiro, n\u00e3o \u00e9 a \u00fanica novidade&hellip;\n","protected":false},"author":2,"featured_media":192451,"comment_status":"","ping_status":"","sticky":false,"template":"","format":"standard","meta":{"footnotes":""},"categories":[145],"tags":[3183,219,211,210,223,114,115,224,225,226,753,221,220,222,38657,32,33,5543,2566,218,228,227,32597],"class_list":{"0":"post-192450","1":"post","2":"type-post","3":"status-publish","4":"format-standard","5":"has-post-thumbnail","7":"category-celebridades","8":"tag-aguinaldo-silva","9":"tag-bichos","10":"tag-celebridades","11":"tag-celebrities","12":"tag-colunistas","13":"tag-entertainment","14":"tag-entretenimento","15":"tag-estranho","16":"tag-eu-amo","17":"tag-fofices","18":"tag-globo","19":"tag-horoscopo","20":"tag-humanos","21":"tag-humor","22":"tag-mancha-verde","23":"tag-portugal","24":"tag-pt","25":"tag-samba","26":"tag-televiso","27":"tag-televisao","28":"tag-tudo","29":"tag-videos","30":"tag-viviane-araujo"},"share_on_mastodon":{"url":"https:\/\/pubeurope.com\/@pt\/115736638050290735","error":""},"_links":{"self":[{"href":"https:\/\/www.europesays.com\/pt\/wp-json\/wp\/v2\/posts\/192450","targetHints":{"allow":["GET"]}}],"collection":[{"href":"https:\/\/www.europesays.com\/pt\/wp-json\/wp\/v2\/posts"}],"about":[{"href":"https:\/\/www.europesays.com\/pt\/wp-json\/wp\/v2\/types\/post"}],"author":[{"embeddable":true,"href":"https:\/\/www.europesays.com\/pt\/wp-json\/wp\/v2\/users\/2"}],"replies":[{"embeddable":true,"href":"https:\/\/www.europesays.com\/pt\/wp-json\/wp\/v2\/comments?post=192450"}],"version-history":[{"count":0,"href":"https:\/\/www.europesays.com\/pt\/wp-json\/wp\/v2\/posts\/192450\/revisions"}],"wp:featuredmedia":[{"embeddable":true,"href":"https:\/\/www.europesays.com\/pt\/wp-json\/wp\/v2\/media\/192451"}],"wp:attachment":[{"href":"https:\/\/www.europesays.com\/pt\/wp-json\/wp\/v2\/media?parent=192450"}],"wp:term":[{"taxonomy":"category","embeddable":true,"href":"https:\/\/www.europesays.com\/pt\/wp-json\/wp\/v2\/categories?post=192450"},{"taxonomy":"post_tag","embeddable":true,"href":"https:\/\/www.europesays.com\/pt\/wp-json\/wp\/v2\/tags?post=192450"}],"curies":[{"name":"wp","href":"https:\/\/api.w.org\/{rel}","templated":true}]}}