{"id":192456,"date":"2025-12-17T19:54:08","date_gmt":"2025-12-17T19:54:08","guid":{"rendered":"https:\/\/www.europesays.com\/pt\/192456\/"},"modified":"2025-12-17T19:54:08","modified_gmt":"2025-12-17T19:54:08","slug":"assiste-ao-vivo-ao-psg-x-flamengo-da-final-da-taca-intercontinental","status":"publish","type":"post","link":"https:\/\/www.europesays.com\/pt\/192456\/","title":{"rendered":"assiste ao vivo ao PSG x Flamengo da final da Ta\u00e7a Intercontinental"},"content":{"rendered":"<p>&#8211; Advertisement &#8211;<\/p>\n<p><strong>O PSG e o Flamengo defrontam-se na final da Ta\u00e7a Intercontinental. Final joga-se no Catar e \u00e9 transmitida no Youtube. <\/strong><\/p>\n<p>Chegou o <a href=\"https:\/\/bolanarede.pt\/especial-bola-na-rede\/atualidade\/como-ver-gratis-a-final-da-taca-intercontinental-entre-o-psg-e-o-flamengo\/\" target=\"_blank\" rel=\"noreferrer noopener nofollow\">dia da final da Ta\u00e7a Intercontinental<\/a>. O PSG e o Flamengo, campe\u00f5es europeu e sul-americano por clubes, defrontam-se no Catar na defini\u00e7\u00e3o do antigo Mundial de Clubes. <\/p>\n<p>A final da Ta\u00e7a Intercontinental joga-se esta quarta-feira, 17 de dezembro, a partir das 17h. O jogo tem transmiss\u00e3o gratuita no Youtube da\u00a0<strong>LiveMode TV<\/strong>, e podes v\u00ea-lo abaixo. <\/p>\n","protected":false},"excerpt":{"rendered":"&#8211; Advertisement &#8211; O PSG e o Flamengo defrontam-se na final da Ta\u00e7a Intercontinental. Final joga-se no Catar&hellip;\n","protected":false},"author":2,"featured_media":95829,"comment_status":"","ping_status":"","sticky":false,"template":"","format":"standard","meta":{"footnotes":""},"categories":[87],"tags":[260,135,478,2460,32,1758,33,134,37944],"class_list":{"0":"post-192456","1":"post","2":"type-post","3":"status-publish","4":"format-standard","5":"has-post-thumbnail","7":"category-desporto","8":"tag-atualidade","9":"tag-desporto","10":"tag-destaques-bnr","11":"tag-flamengo","12":"tag-portugal","13":"tag-psg","14":"tag-pt","15":"tag-sports","16":"tag-taca-intercontinental"},"share_on_mastodon":{"url":"https:\/\/pubeurope.com\/@pt\/115736665435917336","error":""},"_links":{"self":[{"href":"https:\/\/www.europesays.com\/pt\/wp-json\/wp\/v2\/posts\/192456","targetHints":{"allow":["GET"]}}],"collection":[{"href":"https:\/\/www.europesays.com\/pt\/wp-json\/wp\/v2\/posts"}],"about":[{"href":"https:\/\/www.europesays.com\/pt\/wp-json\/wp\/v2\/types\/post"}],"author":[{"embeddable":true,"href":"https:\/\/www.europesays.com\/pt\/wp-json\/wp\/v2\/users\/2"}],"replies":[{"embeddable":true,"href":"https:\/\/www.europesays.com\/pt\/wp-json\/wp\/v2\/comments?post=192456"}],"version-history":[{"count":0,"href":"https:\/\/www.europesays.com\/pt\/wp-json\/wp\/v2\/posts\/192456\/revisions"}],"wp:featuredmedia":[{"embeddable":true,"href":"https:\/\/www.europesays.com\/pt\/wp-json\/wp\/v2\/media\/95829"}],"wp:attachment":[{"href":"https:\/\/www.europesays.com\/pt\/wp-json\/wp\/v2\/media?parent=192456"}],"wp:term":[{"taxonomy":"category","embeddable":true,"href":"https:\/\/www.europesays.com\/pt\/wp-json\/wp\/v2\/categories?post=192456"},{"taxonomy":"post_tag","embeddable":true,"href":"https:\/\/www.europesays.com\/pt\/wp-json\/wp\/v2\/tags?post=192456"}],"curies":[{"name":"wp","href":"https:\/\/api.w.org\/{rel}","templated":true}]}}