{"id":192478,"date":"2025-12-17T20:18:08","date_gmt":"2025-12-17T20:18:08","guid":{"rendered":"https:\/\/www.europesays.com\/pt\/192478\/"},"modified":"2025-12-17T20:18:08","modified_gmt":"2025-12-17T20:18:08","slug":"ha-novas-informacoes-sobre-o-inedito-ataque-ucraniano-ao-submarino-russo-projeto-636-que-nao-se-move-desde-entao","status":"publish","type":"post","link":"https:\/\/www.europesays.com\/pt\/192478\/","title":{"rendered":"H\u00e1 novas informa\u00e7\u00f5es sobre o in\u00e9dito ataque ucraniano ao submarino russo Projeto 636 &#8211; que n\u00e3o se move desde ent\u00e3o"},"content":{"rendered":"<p>\t                Para os bloggers militares russos, este ataque \u00e0 base naval de Novorossiysk mostra uma grave falha de seguran\u00e7a, noticiando que as for\u00e7as ucranianas ter\u00e3o hackeado uma c\u00e2mara de vigil\u00e2ncia da base<\/p>\n<p>H\u00e1 novas informa\u00e7\u00f5es sobre\u00a0o que aconteceu ao submarino russo da classe\u00a0Varshavyanka, que foi <a href=\"https:\/\/cnnportugal.iol.pt\/russia\/ucrania\/inedito-ucrania-utiliza-drones-subaquaticos-para-causar-danos-criticos-em-submarino-da-russia\/20251215\/69403e23d34e3caad84c6816\" target=\"_blank\" rel=\"nofollow noopener\">atingido por drones subaqu\u00e1ticos<\/a> durante um ataque ucraniano \u00e0 base naval de\u00a0Novorossiysk na madrugada de segunda-feira.<\/p>\n<p>Apesar de a Frota Russa do Mar Negro ter negado a perda do submarino na sequ\u00eancia deste ataque, bem como a perda de qualquer outra embarca\u00e7\u00e3o, e de a televis\u00e3o estatal russa Zvezda ter divulgado imagens na ter\u00e7a-feira que alegadamente mostram o submarino intacto, um analista de fontes abertas diz que o drone subaqu\u00e1tico ter\u00e1 detonado a 20 metros do submarino russo &#8220;Projeto 636 classe-Varshavyanka (classe Kilo na designa\u00e7\u00e3o NATO). De acordo com o especialista, citado no <a href=\"https:\/\/understandingwar.org\/research\/russia-ukraine\/russian-offensive-campaign-assessment-december-16-2025\/\" target=\"_blank\" rel=\"nofollow noopener\">\u00faltimo relat\u00f3rio do Instituto para o Estudo da Guerra<\/a>\u00a0(ISW na sigla original), as imagens divulgadas pelo canal russo n\u00e3o mostram a popa do submarino, ou seja, a parte da embarca\u00e7\u00e3o mais pr\u00f3xima do local da explos\u00e3o.<\/p>\n<p>Segundo outro analista citado pelo ISW, imagens de sat\u00e9lite obtidas no dia seguinte ao ataque ucraniano, isto \u00e9, 16 de dezembro, mostram que o submarino n\u00e3o se moveu desde ent\u00e3o, o que pode ser um ind\u00edcio de poss\u00edveis danos.<\/p>\n<p>Para os bloggers militares russos, este ataque \u00e0 base naval de Novorossiysk mostra uma grave falha de seguran\u00e7a, noticiando que as for\u00e7as ucranianas ter\u00e3o hackeado uma c\u00e2mara de vigil\u00e2ncia da base.<\/p>\n<p>Este submarino \u00e9 conhecido como \u201cBuraco Negro\u201d e distingue-se pela capacidade do casco de absorver som que o torna praticamente indetet\u00e1vel por sistemas pr\u00f3prios. Ap\u00f3s o ataque, foi \u201cfor\u00e7ado\u201d a permanecer naquela base naval \u201cdevido ao sucesso das opera\u00e7\u00f5es especiais\u201d ucranianas, escreveu o Servi\u00e7o de Seguran\u00e7a da Ucr\u00e2nia (SBU).<\/p>\n<p>Ainda que a frota russa garanta que n\u00e3o perdeu qualquer embarca\u00e7\u00e3o, o porta-voz da Marinha ucraniana, Dmytro Pletenchuk, disse que a Frota do Mar Negro conta agora com apenas dois submarinos capazes de transportar m\u00edsseis de cruzeiro Kalibr.<\/p>\n","protected":false},"excerpt":{"rendered":"Para os bloggers militares russos, este ataque \u00e0 base naval de Novorossiysk mostra uma grave falha de seguran\u00e7a,&hellip;\n","protected":false},"author":2,"featured_media":192479,"comment_status":"","ping_status":"","sticky":false,"template":"","format":"standard","meta":{"footnotes":""},"categories":[50],"tags":[609,836,611,79,27,28,607,608,333,832,604,135,610,38661,476,15,16,301,830,889,14,603,25,26,570,21,22,831,833,62,834,12,13,19,20,835,602,52,32,23,24,839,6323,17,18,29,30,31,63,64,65],"class_list":{"0":"post-192478","1":"post","2":"type-post","3":"status-publish","4":"format-standard","5":"has-post-thumbnail","7":"category-mundo","8":"tag-alerta","9":"tag-analise","10":"tag-ao-minuto","11":"tag-ataque","12":"tag-breaking-news","13":"tag-breakingnews","14":"tag-cnn","15":"tag-cnn-portugal","16":"tag-comentadores","17":"tag-costa","18":"tag-crime","19":"tag-desporto","20":"tag-direto","21":"tag-drones-subaquaticos","22":"tag-economia","23":"tag-featured-news","24":"tag-featurednews","25":"tag-governo","26":"tag-guerra","27":"tag-guerra-na-ucrania","28":"tag-headlines","29":"tag-justica","30":"tag-latest-news","31":"tag-latestnews","32":"tag-live","33":"tag-main-news","34":"tag-mainnews","35":"tag-mais-vistas","36":"tag-marcelo","37":"tag-mundo","38":"tag-negocios","39":"tag-news","40":"tag-noticias","41":"tag-noticias-principais","42":"tag-noticiasprincipais","43":"tag-opiniao","44":"tag-pais","45":"tag-politica","46":"tag-portugal","47":"tag-principais-noticias","48":"tag-principaisnoticias","49":"tag-russia","50":"tag-submarino","51":"tag-top-stories","52":"tag-topstories","53":"tag-ultimas","54":"tag-ultimas-noticias","55":"tag-ultimasnoticias","56":"tag-world","57":"tag-world-news","58":"tag-worldnews"},"share_on_mastodon":{"url":"","error":"Validation failed: Text character limit of 500 exceeded"},"_links":{"self":[{"href":"https:\/\/www.europesays.com\/pt\/wp-json\/wp\/v2\/posts\/192478","targetHints":{"allow":["GET"]}}],"collection":[{"href":"https:\/\/www.europesays.com\/pt\/wp-json\/wp\/v2\/posts"}],"about":[{"href":"https:\/\/www.europesays.com\/pt\/wp-json\/wp\/v2\/types\/post"}],"author":[{"embeddable":true,"href":"https:\/\/www.europesays.com\/pt\/wp-json\/wp\/v2\/users\/2"}],"replies":[{"embeddable":true,"href":"https:\/\/www.europesays.com\/pt\/wp-json\/wp\/v2\/comments?post=192478"}],"version-history":[{"count":0,"href":"https:\/\/www.europesays.com\/pt\/wp-json\/wp\/v2\/posts\/192478\/revisions"}],"wp:featuredmedia":[{"embeddable":true,"href":"https:\/\/www.europesays.com\/pt\/wp-json\/wp\/v2\/media\/192479"}],"wp:attachment":[{"href":"https:\/\/www.europesays.com\/pt\/wp-json\/wp\/v2\/media?parent=192478"}],"wp:term":[{"taxonomy":"category","embeddable":true,"href":"https:\/\/www.europesays.com\/pt\/wp-json\/wp\/v2\/categories?post=192478"},{"taxonomy":"post_tag","embeddable":true,"href":"https:\/\/www.europesays.com\/pt\/wp-json\/wp\/v2\/tags?post=192478"}],"curies":[{"name":"wp","href":"https:\/\/api.w.org\/{rel}","templated":true}]}}