{"id":192481,"date":"2025-12-17T20:20:26","date_gmt":"2025-12-17T20:20:26","guid":{"rendered":"https:\/\/www.europesays.com\/pt\/192481\/"},"modified":"2025-12-17T20:20:26","modified_gmt":"2025-12-17T20:20:26","slug":"marques-mendes-disponivel-para-divulgar-clientes-de-empresa-observador","status":"publish","type":"post","link":"https:\/\/www.europesays.com\/pt\/192481\/","title":{"rendered":"Marques Mendes dispon\u00edvel para divulgar clientes de empresa \u2013 Observador"},"content":{"rendered":"<p>Acompanhe o nosso liveblog sobre <a href=\"https:\/\/observador.pt\/liveblogs\/conselho-de-ministros-deve-aprovar-aumento-do-salario-minimo-nacional-para-920-euros\/\" rel=\"nofollow noopener\" target=\"_blank\">pol\u00edtica<\/a><\/p>\n<p>O candidato presidencial Lu\u00eds Marques Mendes reiterou esta quarta-feira a sua disponibilidade para revelar os clientes da sua empresa familiar, se estes lhe derem autoriza\u00e7\u00e3o, e pediu aos seus apoiantes para \u201cn\u00e3o entrarem em triunfalismos\u201d com sondagens favor\u00e1veis.<\/p>\n<p><a href=\"https:\/\/observador.pt\/especiais\/marques-mendes-acho-impossivel-passos-coelho-apoiar-outro-candidato\/\" rel=\"nofollow noopener\" target=\"_blank\">\u201cEu disse ao Observador<\/a> que divulgaria os clientes da minha sociedade pessoal e f\u00e1-lo-ei desde que seja cumprida a autoriza\u00e7\u00e3o dos pr\u00f3prios nos termos da lei de prote\u00e7\u00e3o de dados\u201d, afirmou Lu\u00eds Marques Mendes em declara\u00e7\u00f5es aos jornalistas na entrega de assinaturas no Tribunal Constitucional (TC), momento que formaliza a sua candidatura \u00e0 Presid\u00eancia da Rep\u00fablica.<\/p>\n<blockquote class=\"wp-embedded-content\" data-secret=\"zjjIGQ6LMX\">\n<p><a href=\"https:\/\/observador.pt\/especiais\/marques-mendes-acho-impossivel-passos-coelho-apoiar-outro-candidato\/\" rel=\"nofollow noopener\" target=\"_blank\">Marques Mendes: \u201cAcho imposs\u00edvel Passos Coelho apoiar outro candidato\u201d<\/a><\/p>\n<\/blockquote>\n<p>Lu\u00eds Marques Mendes deixou esta garantia depois de a <a href=\"https:\/\/www.sabado.pt\/portugal\/detalhe\/marques-mendes-recusa-dizer-como-ganhou-709-mil-nos-ultimos-dois-anos\" rel=\"nofollow noopener\" target=\"_blank\">revista S\u00e1bado<\/a> ter noticiado que o candidato presidencial recusa esclarecer como ganhou 709 mil euros l\u00edquidos nos \u00faltimos dois anos enquanto consultor externo da sociedade Abreu Advogados.<\/p>\n<p>Nas suas declara\u00e7\u00f5es aos jornalistas, Marques Mendes s\u00f3 manifestou disponibilidade para revelar os clientes da sua empresa familiar \u2014\u00a0que tinha fun\u00e7\u00f5es de consultoria e foi extinguida em novembro \u2014, n\u00e3o se referindo aos clientes que representou na sociedade de advogados.<\/p>\n<p>Sobre a entrega de assinaturas, Marques Mendes disse ter conseguido reunir 9.350, \u201cum n\u00famero mais do que suficiente para legalizar a candidatura\u201d e assegurou que, apesar de ter formalizado agora a sua entrada na corrida a Bel\u00e9m, o seu comportamento n\u00e3o vai mudar.<\/p>\n<p>\u201cEu, desde o in\u00edcio, fa\u00e7o uma campanha pela positiva, com esp\u00edrito construtivo, apresentando propostas, mostrando que quero ser um Presidente da \u00e1rea da modera\u00e7\u00e3o, mas com muita firmeza\u201d, disse.<\/p>\n<p>Ap\u00f3s ter sido divulgada, esta segunda-feira, uma sondagem que indica que Marques Mendes derrotaria qualquer advers\u00e1rio na segunda volta das presidenciais, o candidato disse estar satisfeito com esses inqu\u00e9ritos, que considerou comprovarem o que tem sentido \u201cna rua e no terreno\u201d.<\/p>\n<p>\u201cEstou muito feliz. Quando eu arranquei para esta caminhada, em fevereiro do ano passado, nessa ocasi\u00e3o eu tinha 21 pontos de diferen\u00e7a a menos para o meu principal advers\u00e1rio da altura, Gouveia e Melo. Hoje estou \u00e0 frente do almirante nas sondagens\u201d, disse.<\/p>\n<p>No entanto, Marques Mendes pediu aos seus apoiantes para \u201cn\u00e3o entrarem em triunfalismos\u201d, salientando que \u201cas sondagens s\u00e3o boas, mas a sondagem que conta \u00e9 no dia das elei\u00e7\u00f5es\u201d.<\/p>\n<p>\u201cPortanto, nada de facilitar, nada de triunfalismo. Muita humildade. Humildade \u00e9 a palavra que orienta toda a minha conduta nesta campanha\u201d, disse.<\/p>\n<p>Marques Mendes salientou que, segundo as sondagens, \u201cainda h\u00e1 20% de indecisos\u201d e, portanto, est\u00e1 apostado a \u201csubir ainda mais nos pr\u00f3ximos tempos\u201d.<\/p>\n<p>At\u00e9 16 de janeiro, o \u00faltimo dia de campanha para a primeira volta das presidenciais, Marques Mendes assegurou que vai fazer uma campanha para \u201cmobilizar o pa\u00eds\u201d, frisando que Portugal \u201ctem quase 900 anos de vida, tem problemas, mas tamb\u00e9m tem coisas extraordin\u00e1rias\u201d e \u00e9 preciso \u201cdar voz a este Portugal positivo\u201d.<\/p>\n<p>\u201cN\u00e3o vou prometer nada que n\u00e3o possa cumprir, mas vou, de facto, empenhar-me com alguns compromissos que s\u00e3o indispens\u00e1veis\u201d, disse, reiterando a promessa de convidar um jovem para o Conselho de Estado.<\/p>\n","protected":false},"excerpt":{"rendered":"Acompanhe o nosso liveblog sobre pol\u00edtica O candidato presidencial Lu\u00eds Marques Mendes reiterou esta quarta-feira a sua disponibilidade&hellip;\n","protected":false},"author":2,"featured_media":192482,"comment_status":"","ping_status":"","sticky":false,"template":"","format":"standard","meta":{"footnotes":""},"categories":[8],"tags":[27,28,1077,15,16,14,25,26,7604,21,22,12,13,19,20,57,302,32,1076,23,24,33,58,17,18,29,30,31],"class_list":{"0":"post-192481","1":"post","2":"type-post","3":"status-publish","4":"format-standard","5":"has-post-thumbnail","7":"category-principais-noticias","8":"tag-breaking-news","9":"tag-breakingnews","10":"tag-eleiu00e7u00f5es","11":"tag-featured-news","12":"tag-featurednews","13":"tag-headlines","14":"tag-latest-news","15":"tag-latestnews","16":"tag-luu00eds-marques-mendes","17":"tag-main-news","18":"tag-mainnews","19":"tag-news","20":"tag-noticias","21":"tag-noticias-principais","22":"tag-noticiasprincipais","23":"tag-pau00eds","24":"tag-polu00edtica","25":"tag-portugal","26":"tag-presidenciais-2026","27":"tag-principais-noticias","28":"tag-principaisnoticias","29":"tag-pt","30":"tag-sociedade","31":"tag-top-stories","32":"tag-topstories","33":"tag-ultimas","34":"tag-ultimas-noticias","35":"tag-ultimasnoticias"},"share_on_mastodon":{"url":"https:\/\/pubeurope.com\/@pt\/115736767815094110","error":""},"_links":{"self":[{"href":"https:\/\/www.europesays.com\/pt\/wp-json\/wp\/v2\/posts\/192481","targetHints":{"allow":["GET"]}}],"collection":[{"href":"https:\/\/www.europesays.com\/pt\/wp-json\/wp\/v2\/posts"}],"about":[{"href":"https:\/\/www.europesays.com\/pt\/wp-json\/wp\/v2\/types\/post"}],"author":[{"embeddable":true,"href":"https:\/\/www.europesays.com\/pt\/wp-json\/wp\/v2\/users\/2"}],"replies":[{"embeddable":true,"href":"https:\/\/www.europesays.com\/pt\/wp-json\/wp\/v2\/comments?post=192481"}],"version-history":[{"count":0,"href":"https:\/\/www.europesays.com\/pt\/wp-json\/wp\/v2\/posts\/192481\/revisions"}],"wp:featuredmedia":[{"embeddable":true,"href":"https:\/\/www.europesays.com\/pt\/wp-json\/wp\/v2\/media\/192482"}],"wp:attachment":[{"href":"https:\/\/www.europesays.com\/pt\/wp-json\/wp\/v2\/media?parent=192481"}],"wp:term":[{"taxonomy":"category","embeddable":true,"href":"https:\/\/www.europesays.com\/pt\/wp-json\/wp\/v2\/categories?post=192481"},{"taxonomy":"post_tag","embeddable":true,"href":"https:\/\/www.europesays.com\/pt\/wp-json\/wp\/v2\/tags?post=192481"}],"curies":[{"name":"wp","href":"https:\/\/api.w.org\/{rel}","templated":true}]}}