{"id":192495,"date":"2025-12-17T20:33:11","date_gmt":"2025-12-17T20:33:11","guid":{"rendered":"https:\/\/www.europesays.com\/pt\/192495\/"},"modified":"2025-12-17T20:33:11","modified_gmt":"2025-12-17T20:33:11","slug":"motorista-de-autocarro-morre-em-embate-contra-casa-em-ovar","status":"publish","type":"post","link":"https:\/\/www.europesays.com\/pt\/192495\/","title":{"rendered":"Motorista de autocarro morre em embate contra casa em Ovar"},"content":{"rendered":"<p data-remotead-prev-elm=\"true\" data-remotead-elm-id=\"inread\">O motorista, de 57 anos e residente em Ovar, funcion\u00e1rio do cons\u00f3rcio BusWay, despistou-se sozinho e foi contra uma habita\u00e7\u00e3o. As autoridades est\u00e3o a apurar as causas do acidente, tendo avan\u00e7ado ao JN que a v\u00edtima poder\u00e1 ter sofrido doen\u00e7a s\u00fabita.<\/p>\n<p>As tr\u00eas mulheres, duas de 44 anos e uma de 51, foram transportadas ao Hospital de S\u00e3o Sebasti\u00e3o, na Feira, com ferimentos ligeiros.<\/p>\n<p>Para o local foram acionados os Bombeiros de Ovar e Esmoriz, a viatura m\u00e9dica de emerg\u00eancia e reanima\u00e7\u00e3o (VMER) de Santa Maria da Feira, a ambul\u00e2ncia de suporte imediato de vida (SIV) de Oliveira de Azem\u00e9is e uma equipa de psic\u00f3logos.<\/p>\n<p data-remotead-prev-elm=\"true\" data-remotead-elm-id=\"centro1\">O tr\u00e2nsito na Rua do Sobral foi cortado naquela zona, nos dois sentidos, tendo a circula\u00e7\u00e3o sido encaminhada para vias alternativas.<\/p>\n<p><img decoding=\"async\" class=\"ngx-body\" guid=\"be4a25ca-bf03-4547-915f-edeacc95c216\" src=\"https:\/\/www.europesays.com\/pt\/wp-content\/uploads\/2025\/12\/1766003591_770_image.webp\" width=\"100%\"\/><\/p>\n","protected":false},"excerpt":{"rendered":"O motorista, de 57 anos e residente em Ovar, funcion\u00e1rio do cons\u00f3rcio BusWay, despistou-se sozinho e foi contra&hellip;\n","protected":false},"author":2,"featured_media":192496,"comment_status":"","ping_status":"","sticky":false,"template":"","format":"standard","meta":{"footnotes":""},"categories":[10],"tags":[59,27,28,21812,15,16,14,25,26,21,22,12,13,19,20,32,23,24,33,17,18,29,30,31],"class_list":{"0":"post-192495","1":"post","2":"type-post","3":"status-publish","4":"format-standard","5":"has-post-thumbnail","7":"category-portugal","8":"tag-acidente","9":"tag-breaking-news","10":"tag-breakingnews","11":"tag-concelho-ovar","12":"tag-featured-news","13":"tag-featurednews","14":"tag-headlines","15":"tag-latest-news","16":"tag-latestnews","17":"tag-main-news","18":"tag-mainnews","19":"tag-news","20":"tag-noticias","21":"tag-noticias-principais","22":"tag-noticiasprincipais","23":"tag-portugal","24":"tag-principais-noticias","25":"tag-principaisnoticias","26":"tag-pt","27":"tag-top-stories","28":"tag-topstories","29":"tag-ultimas","30":"tag-ultimas-noticias","31":"tag-ultimasnoticias"},"share_on_mastodon":{"url":"https:\/\/pubeurope.com\/@pt\/115736819276491400","error":""},"_links":{"self":[{"href":"https:\/\/www.europesays.com\/pt\/wp-json\/wp\/v2\/posts\/192495","targetHints":{"allow":["GET"]}}],"collection":[{"href":"https:\/\/www.europesays.com\/pt\/wp-json\/wp\/v2\/posts"}],"about":[{"href":"https:\/\/www.europesays.com\/pt\/wp-json\/wp\/v2\/types\/post"}],"author":[{"embeddable":true,"href":"https:\/\/www.europesays.com\/pt\/wp-json\/wp\/v2\/users\/2"}],"replies":[{"embeddable":true,"href":"https:\/\/www.europesays.com\/pt\/wp-json\/wp\/v2\/comments?post=192495"}],"version-history":[{"count":0,"href":"https:\/\/www.europesays.com\/pt\/wp-json\/wp\/v2\/posts\/192495\/revisions"}],"wp:featuredmedia":[{"embeddable":true,"href":"https:\/\/www.europesays.com\/pt\/wp-json\/wp\/v2\/media\/192496"}],"wp:attachment":[{"href":"https:\/\/www.europesays.com\/pt\/wp-json\/wp\/v2\/media?parent=192495"}],"wp:term":[{"taxonomy":"category","embeddable":true,"href":"https:\/\/www.europesays.com\/pt\/wp-json\/wp\/v2\/categories?post=192495"},{"taxonomy":"post_tag","embeddable":true,"href":"https:\/\/www.europesays.com\/pt\/wp-json\/wp\/v2\/tags?post=192495"}],"curies":[{"name":"wp","href":"https:\/\/api.w.org\/{rel}","templated":true}]}}