{"id":192505,"date":"2025-12-17T20:44:18","date_gmt":"2025-12-17T20:44:18","guid":{"rendered":"https:\/\/www.europesays.com\/pt\/192505\/"},"modified":"2025-12-17T20:44:18","modified_gmt":"2025-12-17T20:44:18","slug":"este-tablet-com-caneta-incluida-esta-a-menos-de-200e-e-tem-entrega-garantida-antes-do-natal-dois-as-10","status":"publish","type":"post","link":"https:\/\/www.europesays.com\/pt\/192505\/","title":{"rendered":"Este tablet com caneta inclu\u00edda est\u00e1 a menos de 200\u20ac e tem entrega garantida antes do Natal &#8211; Dois \u00e0s 10"},"content":{"rendered":"<p>                        N\u00e3o \u00e9 todos os dias que se encontra um tablet com ecr\u00e3 2.5K, caneta inclu\u00edda e 4,7 estrelas por menos de 200\u20ac<\/p>\n<p data-end=\"400\" data-start=\"42\">H\u00e1 tablets que surpreendem logo \u00e0 partida, e este<a href=\"https:\/\/www.amazon.es\/Lenovo-Idea-Tab-Dimensity-Altavoces\/dp\/B0FKH7MNLW?ie=UTF8&amp;th=1&amp;linkCode=ll1&amp;tag=iol1224-21&amp;linkId=415d18abff8d3773ea5a1d78c50ba9ce&amp;language=es_ES&amp;ref_=as_li_ss_tl\" rel=\"sponsored nofollow noopener\" target=\"_blank\"> Lenovo Idea Tab<\/a> \u00e9 um deles. Custa menos de 200\u20ac, est\u00e1 dispon\u00edvel com entrega antes do Natal e, s\u00f3 no m\u00eas passado, <strong>somou mais de 4 mil compras na Amazon. <\/strong>N\u00e3o \u00e9 por acaso: mant\u00e9m uma m\u00e9dia de <strong>4,7 estrelas<\/strong> e tem conquistado quem procura um equipamento pr\u00e1tico tanto para <strong>estudar <\/strong>como para <strong>relaxar <\/strong>ao fim do dia.<\/p>\n<p>Equil\u00edbrio entre estudo e lazer<\/p>\n<p data-end=\"772\" data-start=\"439\">Com um design met\u00e1lico elegante e um ecr\u00e3 IPS de 11 polegadas com resolu\u00e7\u00e3o 2.5K<a href=\"https:\/\/www.amazon.es\/Lenovo-Idea-Tab-Dimensity-Altavoces\/dp\/B0FKH7MNLW?ie=UTF8&amp;th=1&amp;linkCode=ll1&amp;tag=iol1224-21&amp;linkId=415d18abff8d3773ea5a1d78c50ba9ce&amp;language=es_ES&amp;ref_=as_li_ss_tl\" rel=\"sponsored nofollow noopener\" target=\"_blank\">, o Lenovo Idea Tab <\/a>oferece uma <strong>experi\u00eancia visual muito confort\u00e1vel, seja para ler, ver s\u00e9ries ou acompanhar aulas online<\/strong>. A fluidez do sistema destaca-se gra\u00e7as \u00e0 taxa de atualiza\u00e7\u00e3o de 90 Hz, tornando a <strong>navega\u00e7\u00e3o mais suave e agrad\u00e1vel no uso di\u00e1rio.<\/strong><\/p>\n<p data-end=\"772\" data-start=\"439\"><a class=\"calltoaction\" href=\"https:\/\/www.amazon.es\/Lenovo-Idea-Tab-Dimensity-Altavoces\/dp\/B0FKH7MNLW?ie=UTF8&amp;th=1&amp;linkCode=ll1&amp;tag=iol1224-21&amp;linkId=415d18abff8d3773ea5a1d78c50ba9ce&amp;language=es_ES&amp;ref_=as_li_ss_tl\" rel=\"sponsored nofollow noopener\" target=\"_blank\">Adquira aqui<\/a><\/p>\n<p data-end=\"772\" data-start=\"439\"><img loading=\"lazy\" decoding=\"async\" alt=\"tablet \" height=\"319\" src=\"https:\/\/www.europesays.com\/pt\/wp-content\/uploads\/2025\/12\/1766004258_642_500.webp\" width=\"500\"\/><\/p>\n<p>Desempenho s\u00f3lido e ferramentas inteligentes <\/p>\n<p data-end=\"1252\" data-start=\"824\">No interior,<a href=\"https:\/\/www.amazon.es\/Lenovo-Idea-Tab-Dimensity-Altavoces\/dp\/B0FKH7MNLW?ie=UTF8&amp;th=1&amp;linkCode=ll1&amp;tag=iol1224-21&amp;linkId=415d18abff8d3773ea5a1d78c50ba9ce&amp;language=es_ES&amp;ref_=as_li_ss_tl\" rel=\"sponsored nofollow noopener\" target=\"_blank\"> o Lenovo Idea Tab <\/a>responde bem \u00e0s tarefas do dia a dia, seja para estudar, ver v\u00eddeos ou usar <strong>v\u00e1rias aplica\u00e7\u00f5es ao mesmo tempo<\/strong>. Tem espa\u00e7o de sobra para guardar ficheiros e a possibilidade de aumentar a mem\u00f3ria sempre que necess\u00e1rio. Funciona com Android 15 e inclui ferramentas inteligentes da Google que ajudam na pesquisa e no estudo. A caneta Lenovo Tab Pen vem inclu\u00edda e torna mais simples tirar apontamentos, sublinhar textos ou fazer anota\u00e7\u00f5es r\u00e1pidas.<\/p>\n<p>O que diz quem j\u00e1 comprou <\/p>\n<p data-end=\"1650\" data-is-last-node=\"\" data-is-only-node=\"\" data-start=\"1287\">As avalia\u00e7\u00f5es refor\u00e7am a boa impress\u00e3o geral. H\u00e1 quem destaque a <strong>rapidez<\/strong>, a <strong>qualidade do ecr\u00e3 <\/strong>e a <strong>utilidade da canet<\/strong>a para estudar, enquanto outros elogiam o som envolvente com Dolby Atmos e a autonomia que pode chegar \u00e0s 14 horas. No conjunto, \u00e9 descrito como um tablet bem constru\u00eddo, fi\u00e1vel e com uma rela\u00e7\u00e3o qualidade-pre\u00e7o dif\u00edcil de bater dentro desta gama.<\/p>\n<p class=\"disclaimer-text\">*Alguns dos produtos mencionados neste artigo foram selecionados de forma independente pela nossa equipa editorial. Se realizar uma compra atrav\u00e9s dos links inclu\u00eddos podemos receber uma comiss\u00e3o. Esta parceria ajuda-nos a continuar a oferecer conte\u00fados de qualidade.<\/p>\n","protected":false},"excerpt":{"rendered":"N\u00e3o \u00e9 todos os dias que se encontra um tablet com ecr\u00e3 2.5K, caneta inclu\u00edda e 4,7 estrelas&hellip;\n","protected":false},"author":2,"featured_media":192506,"comment_status":"","ping_status":"","sticky":false,"template":"","format":"standard","meta":{"footnotes":""},"categories":[84],"tags":[514,109,107,108,329,166,3412,3406,3409,801,3410,3411,3407,3408,38664,3413,338,7561,32,33,105,103,104,11067,106,110],"class_list":{"0":"post-192505","1":"post","2":"type-post","3":"status-publish","4":"format-standard","5":"has-post-thumbnail","7":"category-ciencia-e-tecnologia","8":"tag-amazon","9":"tag-ciencia","10":"tag-ciencia-e-tecnologia","11":"tag-cienciaetecnologia","12":"tag-claudio-ramos","13":"tag-cristina-ferreira","14":"tag-dois-10","15":"tag-dois-a-s-10-dois-a-s-10","16":"tag-dois-a-s-dez","17":"tag-dois-as-10","18":"tag-dois-as-dez","19":"tag-dois-dez","20":"tag-doisas10","21":"tag-doisasdez","22":"tag-lenovo-idea-tab","23":"tag-manha-tvi","24":"tag-maria-botelho-moniz","25":"tag-natal","26":"tag-portugal","27":"tag-pt","28":"tag-science","29":"tag-science-and-technology","30":"tag-scienceandtechnology","31":"tag-tablet","32":"tag-technology","33":"tag-tecnologia"},"share_on_mastodon":{"url":"https:\/\/pubeurope.com\/@pt\/115736862204279786","error":""},"_links":{"self":[{"href":"https:\/\/www.europesays.com\/pt\/wp-json\/wp\/v2\/posts\/192505","targetHints":{"allow":["GET"]}}],"collection":[{"href":"https:\/\/www.europesays.com\/pt\/wp-json\/wp\/v2\/posts"}],"about":[{"href":"https:\/\/www.europesays.com\/pt\/wp-json\/wp\/v2\/types\/post"}],"author":[{"embeddable":true,"href":"https:\/\/www.europesays.com\/pt\/wp-json\/wp\/v2\/users\/2"}],"replies":[{"embeddable":true,"href":"https:\/\/www.europesays.com\/pt\/wp-json\/wp\/v2\/comments?post=192505"}],"version-history":[{"count":0,"href":"https:\/\/www.europesays.com\/pt\/wp-json\/wp\/v2\/posts\/192505\/revisions"}],"wp:featuredmedia":[{"embeddable":true,"href":"https:\/\/www.europesays.com\/pt\/wp-json\/wp\/v2\/media\/192506"}],"wp:attachment":[{"href":"https:\/\/www.europesays.com\/pt\/wp-json\/wp\/v2\/media?parent=192505"}],"wp:term":[{"taxonomy":"category","embeddable":true,"href":"https:\/\/www.europesays.com\/pt\/wp-json\/wp\/v2\/categories?post=192505"},{"taxonomy":"post_tag","embeddable":true,"href":"https:\/\/www.europesays.com\/pt\/wp-json\/wp\/v2\/tags?post=192505"}],"curies":[{"name":"wp","href":"https:\/\/api.w.org\/{rel}","templated":true}]}}