{"id":192507,"date":"2025-12-17T20:46:23","date_gmt":"2025-12-17T20:46:23","guid":{"rendered":"https:\/\/www.europesays.com\/pt\/192507\/"},"modified":"2025-12-17T20:46:23","modified_gmt":"2025-12-17T20:46:23","slug":"donald-trump-prepara-se-para-fazer-balanco-do-primeiro-ano-do-segundo-mandato","status":"publish","type":"post","link":"https:\/\/www.europesays.com\/pt\/192507\/","title":{"rendered":"Donald Trump prepara-se para fazer balan\u00e7o do primeiro ano do segundo mandato"},"content":{"rendered":"<p>                <b>Trump anunciou os seus planos numa publica\u00e7\u00e3o na sua rede social, Truth Social, afirmando que &#8220;foi um grande ano para o nosso pa\u00eds, e O MELHOR AINDA EST\u00c1 PARA VIR!&#8221;<\/b><\/p>\n<p>A secret\u00e1ria de imprensa da Casa Branca, Karoline Leavitt, disse aos jornalistas que <b>o presidente ir\u00e1 abordar o que conseguiu fazer este ano, o primeiro do seu segundo mandato, e os seus planos para os pr\u00f3ximos tr\u00eas anos.<\/b><\/p>\n<p>Um alto funcion\u00e1rio do governo disse \u00e0 NBC News que n\u00e3o se espera que o presidente apresente novas pol\u00edticas no seu discurso, mas que poder\u00e1 abordar medidas recentes da sua administra\u00e7\u00e3o.<\/p>\n<p>N\u00e3o foram divulgados mais detalhes sobre o discurso do presidente norte-americano.&#13;\n            <\/p>\n","protected":false},"excerpt":{"rendered":"Trump anunciou os seus planos numa publica\u00e7\u00e3o na sua rede social, Truth Social, afirmando que &#8220;foi um grande&hellip;\n","protected":false},"author":2,"featured_media":192508,"comment_status":"","ping_status":"","sticky":false,"template":"","format":"standard","meta":{"footnotes":""},"categories":[50],"tags":[27,28,15,16,14,25,26,21,22,62,12,13,19,20,23,24,420,421,17,18,29,30,31,63,64,65],"class_list":{"0":"post-192507","1":"post","2":"type-post","3":"status-publish","4":"format-standard","5":"has-post-thumbnail","7":"category-mundo","8":"tag-breaking-news","9":"tag-breakingnews","10":"tag-featured-news","11":"tag-featurednews","12":"tag-headlines","13":"tag-latest-news","14":"tag-latestnews","15":"tag-main-news","16":"tag-mainnews","17":"tag-mundo","18":"tag-news","19":"tag-noticias","20":"tag-noticias-principais","21":"tag-noticiasprincipais","22":"tag-principais-noticias","23":"tag-principaisnoticias","24":"tag-rtp","25":"tag-rtp-noticias","26":"tag-top-stories","27":"tag-topstories","28":"tag-ultimas","29":"tag-ultimas-noticias","30":"tag-ultimasnoticias","31":"tag-world","32":"tag-world-news","33":"tag-worldnews"},"share_on_mastodon":{"url":"https:\/\/pubeurope.com\/@pt\/115736869766558472","error":""},"_links":{"self":[{"href":"https:\/\/www.europesays.com\/pt\/wp-json\/wp\/v2\/posts\/192507","targetHints":{"allow":["GET"]}}],"collection":[{"href":"https:\/\/www.europesays.com\/pt\/wp-json\/wp\/v2\/posts"}],"about":[{"href":"https:\/\/www.europesays.com\/pt\/wp-json\/wp\/v2\/types\/post"}],"author":[{"embeddable":true,"href":"https:\/\/www.europesays.com\/pt\/wp-json\/wp\/v2\/users\/2"}],"replies":[{"embeddable":true,"href":"https:\/\/www.europesays.com\/pt\/wp-json\/wp\/v2\/comments?post=192507"}],"version-history":[{"count":0,"href":"https:\/\/www.europesays.com\/pt\/wp-json\/wp\/v2\/posts\/192507\/revisions"}],"wp:featuredmedia":[{"embeddable":true,"href":"https:\/\/www.europesays.com\/pt\/wp-json\/wp\/v2\/media\/192508"}],"wp:attachment":[{"href":"https:\/\/www.europesays.com\/pt\/wp-json\/wp\/v2\/media?parent=192507"}],"wp:term":[{"taxonomy":"category","embeddable":true,"href":"https:\/\/www.europesays.com\/pt\/wp-json\/wp\/v2\/categories?post=192507"},{"taxonomy":"post_tag","embeddable":true,"href":"https:\/\/www.europesays.com\/pt\/wp-json\/wp\/v2\/tags?post=192507"}],"curies":[{"name":"wp","href":"https:\/\/api.w.org\/{rel}","templated":true}]}}