{"id":192613,"date":"2025-12-17T22:37:12","date_gmt":"2025-12-17T22:37:12","guid":{"rendered":"https:\/\/www.europesays.com\/pt\/192613\/"},"modified":"2025-12-17T22:37:12","modified_gmt":"2025-12-17T22:37:12","slug":"catarina-miranda-e-afonso-leitao-fogem-para-destino-de-sonho-e-estas-imagens-estao-a-dar-que-falar-secret-story","status":"publish","type":"post","link":"https:\/\/www.europesays.com\/pt\/192613\/","title":{"rendered":"Catarina Miranda e Afonso Leit\u00e3o fogem para destino de sonho e estas imagens est\u00e3o a dar que falar &#8211; Secret Story"},"content":{"rendered":"<p>\n                    Catarina Miranda voltou a encantar os seguidores ao partilhar novos registos rom\u00e2nticos das f\u00e9rias em Cabo Verde com Afonso Leit\u00e3o.\n                <\/p>\n<p>Catarina Miranda e o namorado est\u00e3o a desfrutar de uns dias de descanso em Cabo Verde e t\u00eam partilhado nas redes sociais v\u00e1rios momentos de cumplicidade, enquanto encantam os f\u00e3s com imagens rom\u00e2nticas da viagem.<\/p>\n<p>Apesar do entusiasmo gerado pelas fotografias e das expectativas em torno de um eventual pedido de casamento, n\u00e3o h\u00e1, para j\u00e1, qualquer sinal de que esse passo tenha sido dado, mantendo-se o casal simplesmente focado em aproveitar as f\u00e9rias e a fase feliz que vivem juntos.<\/p>\n<blockquote class=\"instagram-media\" data-instgrm-captioned=\"\" data-instgrm-permalink=\"https:\/\/www.instagram.com\/p\/DSTYa6_CCd_\/?utm_source=ig_embed&amp;utm_campaign=loading\" data-instgrm-version=\"14\" style=\" background:#FFF; border:0; border-radius:3px; box-shadow:0 0 1px 0 rgba(0,0,0,0.5),0 1px 10px 0 rgba(0,0,0,0.15); margin: 1px; max-width:540px; min-width:326px; padding:0; width:99.375%; width:-webkit-calc(100% - 2px); width:calc(100% - 2px);\">\n<\/blockquote>\n<p>                    <script async src=\"\/\/www.instagram.com\/embed.js\"><\/script><\/p>\n","protected":false},"excerpt":{"rendered":"Catarina Miranda voltou a encantar os seguidores ao partilhar novos registos rom\u00e2nticos das f\u00e9rias em Cabo Verde com&hellip;\n","protected":false},"author":2,"featured_media":192614,"comment_status":"","ping_status":"","sticky":false,"template":"","format":"standard","meta":{"footnotes":""},"categories":[142],"tags":[2031,18706,342,114,115,18705,32,33,151,18704],"class_list":{"0":"post-192613","1":"post","2":"type-post","3":"status-publish","4":"format-standard","5":"has-post-thumbnail","7":"category-tv","8":"tag-afonso-leitao","9":"tag-bastidores-secret-story","10":"tag-catarina-miranda","11":"tag-entertainment","12":"tag-entretenimento","13":"tag-entrevistas-concorrentes-tvi","14":"tag-portugal","15":"tag-pt","16":"tag-tv","17":"tag-vida-fora-da-casa"},"share_on_mastodon":{"url":"https:\/\/pubeurope.com\/@pt\/115737306663481366","error":""},"_links":{"self":[{"href":"https:\/\/www.europesays.com\/pt\/wp-json\/wp\/v2\/posts\/192613","targetHints":{"allow":["GET"]}}],"collection":[{"href":"https:\/\/www.europesays.com\/pt\/wp-json\/wp\/v2\/posts"}],"about":[{"href":"https:\/\/www.europesays.com\/pt\/wp-json\/wp\/v2\/types\/post"}],"author":[{"embeddable":true,"href":"https:\/\/www.europesays.com\/pt\/wp-json\/wp\/v2\/users\/2"}],"replies":[{"embeddable":true,"href":"https:\/\/www.europesays.com\/pt\/wp-json\/wp\/v2\/comments?post=192613"}],"version-history":[{"count":0,"href":"https:\/\/www.europesays.com\/pt\/wp-json\/wp\/v2\/posts\/192613\/revisions"}],"wp:featuredmedia":[{"embeddable":true,"href":"https:\/\/www.europesays.com\/pt\/wp-json\/wp\/v2\/media\/192614"}],"wp:attachment":[{"href":"https:\/\/www.europesays.com\/pt\/wp-json\/wp\/v2\/media?parent=192613"}],"wp:term":[{"taxonomy":"category","embeddable":true,"href":"https:\/\/www.europesays.com\/pt\/wp-json\/wp\/v2\/categories?post=192613"},{"taxonomy":"post_tag","embeddable":true,"href":"https:\/\/www.europesays.com\/pt\/wp-json\/wp\/v2\/tags?post=192613"}],"curies":[{"name":"wp","href":"https:\/\/api.w.org\/{rel}","templated":true}]}}