{"id":192619,"date":"2025-12-17T22:41:14","date_gmt":"2025-12-17T22:41:14","guid":{"rendered":"https:\/\/www.europesays.com\/pt\/192619\/"},"modified":"2025-12-17T22:41:14","modified_gmt":"2025-12-17T22:41:14","slug":"grs-januaria-realiza-reuniao-de-alinhamento-para-enfrentamento-das-arboviroses","status":"publish","type":"post","link":"https:\/\/www.europesays.com\/pt\/192619\/","title":{"rendered":"GRS Janu\u00e1ria Realiza Reuni\u00e3o De Alinhamento Para Enfrentamento Das Arboviroses"},"content":{"rendered":"<p>O N\u00facleo de Vigil\u00e2ncia Epidemiol\u00f3gica (NUVEPI) da Ger\u00eancia Regional de Sa\u00fade (GRS) de Janu\u00e1ria promoveu, no dia 17\/12, uma reuni\u00e3o de alinhamento para o enfrentamento do per\u00edodo sazonal das arboviroses (dengue, Zika, chikungunya e febre amarela).<\/p>\n<p>Realizado nas depend\u00eancias da GRS, o encontro foi direcionado \u00e0s refer\u00eancias t\u00e9cnicas municipais em arboviroses de todos os munic\u00edpios da \u00e1rea de abrang\u00eancia da Regional.<\/p>\n<p>O objetivo da reuni\u00e3o foi analisar o cen\u00e1rio epidemiol\u00f3gico das arboviroses na Regional e nos munic\u00edpios, al\u00e9m de definir estrat\u00e9gias para a preven\u00e7\u00e3o de novos casos e fortalecer o diagn\u00f3stico e o tratamento oportuno das doen\u00e7as.<\/p>\n<p>Foram discutidos temas relacionados ao quadro epidemiol\u00f3gico das doen\u00e7as, com destaque para a import\u00e2ncia do monitoramento e preven\u00e7\u00e3o de criadouros do mosquito em \u00e1reas urbanas e rurais. Tamb\u00e9m foram refor\u00e7adas estrat\u00e9gias de orienta\u00e7\u00e3o \u00e0 popula\u00e7\u00e3o, ressaltando os cuidados que devem ser adotados nas resid\u00eancias para que todos possam contribuir com a preven\u00e7\u00e3o.<\/p>\n<p>Segundo Iolanda Santos Vieira, coordenadora do NUVEPI, a reuni\u00e3o apresentou pautas sobre cada eixo do Plano Municipal de Conting\u00eancia visando a fase de prepara\u00e7\u00e3o para o per\u00edodo sazonal, al\u00e9m de incentivar os munic\u00edpios a implantarem seus comit\u00eas municipais de arboviroses, fomentar as a\u00e7\u00f5es de mobiliza\u00e7\u00e3o social e integrar as equipes de vigil\u00e2ncia em sa\u00fade e aten\u00e7\u00e3o prim\u00e1ria no combate \u00e0s arboviroses.<\/p>\n<p>Marcus Oreste Monteiro<strong>,<\/strong> refer\u00eancia t\u00e9cnica em Arboviroses da GRS Janu\u00e1ria, disse que \u201ca reuni\u00e3o representou um importante momento de alinhamento com os munic\u00edpios da \u00e1rea de abrang\u00eancia da GRS Janu\u00e1ria para o enfrentamento das arboviroses, especialmente no in\u00edcio do per\u00edodo sazonal, quando h\u00e1 maior risco de transmiss\u00e3o das doen\u00e7as\u201d.<\/p>\n<p>Para F\u00e1bio Gon\u00e7alves Mendes, coordenador de Endemias do munic\u00edpio de Pedras de Maria da Cruz, a reuni\u00e3o foi muito proveitosa e refor\u00e7ou as a\u00e7\u00f5es que devem ser desenvolvidas no munic\u00edpio, tanto no que se refere \u00e0 preven\u00e7\u00e3o, quanto ao controle e \u00e0 notifica\u00e7\u00e3o dos casos de Arboviroses.<\/p>\n<p>O encontro refor\u00e7a o compromisso da GRS de Janu\u00e1ria em monitorar, orientar e apoiar os munic\u00edpios na preven\u00e7\u00e3o e no enfrentamento das arboviroses.<\/p>\n<p>Por: GRS Janu\u00e1ria<\/p>\n<p>Fotos: GRS Janu\u00e1ria\u00a0<\/p>\n","protected":false},"excerpt":{"rendered":"O N\u00facleo de Vigil\u00e2ncia Epidemiol\u00f3gica (NUVEPI) da Ger\u00eancia Regional de Sa\u00fade (GRS) de Janu\u00e1ria promoveu, no dia 17\/12,&hellip;\n","protected":false},"author":2,"featured_media":192620,"comment_status":"","ping_status":"","sticky":false,"template":"","format":"standard","meta":{"footnotes":""},"categories":[86],"tags":[116,32,33,117],"class_list":{"0":"post-192619","1":"post","2":"type-post","3":"status-publish","4":"format-standard","5":"has-post-thumbnail","7":"category-saude","8":"tag-health","9":"tag-portugal","10":"tag-pt","11":"tag-saude"},"share_on_mastodon":{"url":"https:\/\/pubeurope.com\/@pt\/115737322024247266","error":""},"_links":{"self":[{"href":"https:\/\/www.europesays.com\/pt\/wp-json\/wp\/v2\/posts\/192619","targetHints":{"allow":["GET"]}}],"collection":[{"href":"https:\/\/www.europesays.com\/pt\/wp-json\/wp\/v2\/posts"}],"about":[{"href":"https:\/\/www.europesays.com\/pt\/wp-json\/wp\/v2\/types\/post"}],"author":[{"embeddable":true,"href":"https:\/\/www.europesays.com\/pt\/wp-json\/wp\/v2\/users\/2"}],"replies":[{"embeddable":true,"href":"https:\/\/www.europesays.com\/pt\/wp-json\/wp\/v2\/comments?post=192619"}],"version-history":[{"count":0,"href":"https:\/\/www.europesays.com\/pt\/wp-json\/wp\/v2\/posts\/192619\/revisions"}],"wp:featuredmedia":[{"embeddable":true,"href":"https:\/\/www.europesays.com\/pt\/wp-json\/wp\/v2\/media\/192620"}],"wp:attachment":[{"href":"https:\/\/www.europesays.com\/pt\/wp-json\/wp\/v2\/media?parent=192619"}],"wp:term":[{"taxonomy":"category","embeddable":true,"href":"https:\/\/www.europesays.com\/pt\/wp-json\/wp\/v2\/categories?post=192619"},{"taxonomy":"post_tag","embeddable":true,"href":"https:\/\/www.europesays.com\/pt\/wp-json\/wp\/v2\/tags?post=192619"}],"curies":[{"name":"wp","href":"https:\/\/api.w.org\/{rel}","templated":true}]}}