{"id":192623,"date":"2025-12-17T22:46:08","date_gmt":"2025-12-17T22:46:08","guid":{"rendered":"https:\/\/www.europesays.com\/pt\/192623\/"},"modified":"2025-12-17T22:46:08","modified_gmt":"2025-12-17T22:46:08","slug":"nova-fabrica-em-beja-para-super-tucano","status":"publish","type":"post","link":"https:\/\/www.europesays.com\/pt\/192623\/","title":{"rendered":"Nova F\u00e1brica em Beja para Super Tucano"},"content":{"rendered":"<p>O Governo Portugu\u00eas e a Embraer formalizaram, esta quarta-feira, 17 de dezembro, um acordo estrat\u00e9gico que marca o regresso da gigante brasileira \u00e0 montagem de aeronaves em Portugal. O Ministro da Defesa Nacional, Nuno Melo, e o presidente da Embraer SA, Bosco da Costa J\u00fanior, assinaram, nas instala\u00e7\u00f5es da OGMA, uma carta de interesse para a instala\u00e7\u00e3o de uma nova unidade industrial em Beja, destinada ao fabrico do modelo A-29N Super Tucano.<\/p>\n<p>O an\u00fancio coincidiu com a entrega das primeiras cinco aeronaves (de um total de 12 encomendadas) \u00e0 For\u00e7a A\u00e9rea Portuguesa. Portugal torna-se, assim, o primeiro pa\u00eds europeu a operar esta vers\u00e3o espec\u00edfica da aeronave, configurada segundo os padr\u00f5es t\u00e9cnicos da NATO.<\/p>\n<p>O projeto representa um investimento global de 200 milh\u00f5es de euros na moderniza\u00e7\u00e3o da For\u00e7a A\u00e9rea, sublinha o Minist\u00e9rio da Defesa em comunicado. Um dos pontos centrais do acordo \u00e9 a forte componente nacional: 75 milh\u00f5es de euros ser\u00e3o canalizados diretamente para empresas portuguesas, respons\u00e1veis pelo &#8220;upgrade&#8221; e reconfigura\u00e7\u00e3o dos avi\u00f5es, diz o MDN.<\/p>\n<p>Al\u00e9m do apoio a\u00e9reo pr\u00f3ximo, estas aeronaves trazem uma capacidade inovadora para o invent\u00e1rio nacional: a luta anti-drone. Segundo Nuno Melo, esta escolha t\u00e9cnica &#8212; validada pela For\u00e7a A\u00e9rea &#8212; responde aos novos cen\u00e1rios de conflito moderno e refor\u00e7a a base industrial de defesa no pa\u00eds, que s\u00f3 em 2025 viu nascer 60 novas empresas no setor.<\/p>\n<p>A nova f\u00e1brica em Beja n\u00e3o servir\u00e1 apenas Portugal. A linha de montagem est\u00e1 projetada para atender \u00e0 eventual procura de outras na\u00e7\u00f5es europeias atrav\u00e9s de negocia\u00e7\u00f5es da empresa brasileira governo a governo. <\/p>\n<p>A concretizar-se, isto permitir\u00e1 a cria\u00e7\u00e3o de emprego qualificado no interior do pa\u00eds, sublinha o Executivo<\/p>\n<p>Embora este an\u00fancio marque um refor\u00e7o da presen\u00e7a da Embraer, a estrat\u00e9gia em Beja difere do modelo anterior seguido em Portugal. Em maio de 2022, a Embraer alienou as suas duas principais unidades industriais no Parque de Ind\u00fastria Aeron\u00e1utica de \u00c9vora &#8212; a Embraer Met\u00e1licas e a Embraer Comp\u00f3sitos &#8212; \u00e0 multinacional espanhola Aernnova, num neg\u00f3cio de aproximadamente 165 milh\u00f5es de euros.<\/p>\n<p>Atualmente, as f\u00e1bricas de \u00c9vora continuam em plena opera\u00e7\u00e3o sob gest\u00e3o da Aernnova, produzindo componentes estruturais cr\u00edticos para avi\u00f5es da Embraer. O projeto em Beja, agora anunciado, representa uma iniciativa distinta, focada na montagem final e produ\u00e7\u00e3o da variante militar &#8220;N&#8221; (NATO) do Super Tucano, consolidando o Alentejo como o principal polo aeron\u00e1utico do pa\u00eds.<\/p>\n","protected":false},"excerpt":{"rendered":"O Governo Portugu\u00eas e a Embraer formalizaram, esta quarta-feira, 17 de dezembro, um acordo estrat\u00e9gico que marca o&hellip;\n","protected":false},"author":2,"featured_media":192624,"comment_status":"","ping_status":"","sticky":false,"template":"","format":"standard","meta":{"footnotes":""},"categories":[10],"tags":[27,28,2537,2891,15,16,20584,14,25,26,21,22,12,13,19,20,7219,32,23,24,33,17,18,29,30,31],"class_list":{"0":"post-192623","1":"post","2":"type-post","3":"status-publish","4":"format-standard","5":"has-post-thumbnail","7":"category-portugal","8":"tag-breaking-news","9":"tag-breakingnews","10":"tag-defesa","11":"tag-embraer","12":"tag-featured-news","13":"tag-featurednews","14":"tag-forca-aerea","15":"tag-headlines","16":"tag-latest-news","17":"tag-latestnews","18":"tag-main-news","19":"tag-mainnews","20":"tag-news","21":"tag-noticias","22":"tag-noticias-principais","23":"tag-noticiasprincipais","24":"tag-nuno-melo","25":"tag-portugal","26":"tag-principais-noticias","27":"tag-principaisnoticias","28":"tag-pt","29":"tag-top-stories","30":"tag-topstories","31":"tag-ultimas","32":"tag-ultimas-noticias","33":"tag-ultimasnoticias"},"share_on_mastodon":{"url":"https:\/\/pubeurope.com\/@pt\/115737341765055546","error":""},"_links":{"self":[{"href":"https:\/\/www.europesays.com\/pt\/wp-json\/wp\/v2\/posts\/192623","targetHints":{"allow":["GET"]}}],"collection":[{"href":"https:\/\/www.europesays.com\/pt\/wp-json\/wp\/v2\/posts"}],"about":[{"href":"https:\/\/www.europesays.com\/pt\/wp-json\/wp\/v2\/types\/post"}],"author":[{"embeddable":true,"href":"https:\/\/www.europesays.com\/pt\/wp-json\/wp\/v2\/users\/2"}],"replies":[{"embeddable":true,"href":"https:\/\/www.europesays.com\/pt\/wp-json\/wp\/v2\/comments?post=192623"}],"version-history":[{"count":0,"href":"https:\/\/www.europesays.com\/pt\/wp-json\/wp\/v2\/posts\/192623\/revisions"}],"wp:featuredmedia":[{"embeddable":true,"href":"https:\/\/www.europesays.com\/pt\/wp-json\/wp\/v2\/media\/192624"}],"wp:attachment":[{"href":"https:\/\/www.europesays.com\/pt\/wp-json\/wp\/v2\/media?parent=192623"}],"wp:term":[{"taxonomy":"category","embeddable":true,"href":"https:\/\/www.europesays.com\/pt\/wp-json\/wp\/v2\/categories?post=192623"},{"taxonomy":"post_tag","embeddable":true,"href":"https:\/\/www.europesays.com\/pt\/wp-json\/wp\/v2\/tags?post=192623"}],"curies":[{"name":"wp","href":"https:\/\/api.w.org\/{rel}","templated":true}]}}