{"id":192631,"date":"2025-12-17T22:54:07","date_gmt":"2025-12-17T22:54:07","guid":{"rendered":"https:\/\/www.europesays.com\/pt\/192631\/"},"modified":"2025-12-17T22:54:07","modified_gmt":"2025-12-17T22:54:07","slug":"taca-de-portugal-sc-farense-sl-benfica-em-direto-na-rtp1-rtp","status":"publish","type":"post","link":"https:\/\/www.europesays.com\/pt\/192631\/","title":{"rendered":"Ta\u00e7a de Portugal. SC Farense &#8211; SL Benfica em direto na RTP1 &#8211; RTP"},"content":{"rendered":"<ol>\n<li><a href=\"https:\/\/news.google.com\/rss\/articles\/CBMiowFBVV95cUxNdWZUY2dvX3BEREwyWXZEQ0RZUWZlT09hVTA3S0RRbWE3X1pWNWMwUFJaQ3ViX2NaV1NOaFZ4VzkwNGI5cFhYT3hUanROWXpFNWRBMWhVYXMzREVhblp3WGtxVVJuYXhFSGZVaW0td0U5dFhkTE1jc2ZvZ0haTXR3ZXdMZkYtWUNsVGpaUzVCWXlHOWtvMWVhWUVzUlYzNk0zaHI4?oc=5\" target=\"_blank\" rel=\"nofollow noopener\">Ta\u00e7a de Portugal. SC Farense &#8211; SL Benfica em direto na RTP1<\/a>&nbsp;&nbsp;RTP<\/li>\n<li><a href=\"https:\/\/news.google.com\/rss\/articles\/CBMigwJBVV95cUxPRDhRQjhHVW9GX0FhemJlSTVkcFVCSU82WFdVOE9tWjNTb1F1aVVPdzF3d0dPYXJwMjEwOWNBdTkzZE43TmdhVGVrM2hZN1dlNUY2OXpmOE5TY3BlckthWlFub01zZ2VTZkNXNEkzS2R5dE1GemRPVGpyLVhxN1k4d1dOSGJiWEwwWDZoTWc1U29TR2pTYmh6RmFxdDlQbnU1VFB2N3lzSnlrSDR2TkVsU3UzY0FPdDVqb0lKdndKSHYtYVBkZGIyaURyOEFqQl8wTTVYWGZhU2hBR3pSYVFmeC13Z2hKSnZBeS0teUJfZURQWDZobU5EdW4xME5XRGdvaDVr?oc=5\" target=\"_blank\" rel=\"nofollow noopener\">Farense x Benfica: onde assistir, escala\u00e7\u00f5es e arbitragem<\/a>&nbsp;&nbsp;Terra<\/li>\n<li><a href=\"https:\/\/news.google.com\/rss\/articles\/CBMiygFBVV95cUxPcy1CUkZaNWUzZDgwWF9MSEVkQXZwN2tCMFVYOGRqNUlGaHlOdHhQa05qeXl4a1dHYWVhQzBRQjI3Qnc1cWhJeDJzSmlSd0U1M0VGWTVSZXdBZm1BSVJIQTNXOXpBTnFNTUYtUGh3OGxFanBRQ1NzMFR3VWNyajhyeGZxZnJHdVR5dlRxSHJjbklRM1dPU0NzeDB5QUZZOXdYN1RDT3NGSlVlVmpLY2lZS01VOEVmSlhSY242UEp1UU5hUFdSemI3Ni13?oc=5\" target=\"_blank\" rel=\"nofollow noopener\">Farense x Benfica na Ta\u00e7a de Portugal: onde assistir ao vivo, hor\u00e1rio e escala\u00e7\u00e3o<\/a>&nbsp;&nbsp;Estad\u00e3o<\/li>\n<li><a href=\"https:\/\/news.google.com\/rss\/articles\/CBMirAFBVV95cUxQUWJkdVlITTVndjBjTEFFWE5YdlVWTGdkemdfR29ueVJPTmtrdi0tOG1SZlRBajBuQVhZMndERUFZNEk1Rk1nNXZxWDNBRnpJWWRwZU1KOVFOVEd5VFZEaDRsWXVQS3VYQ2wzTXNvdndVdmNDQVR5Y0ZEN0ZKc0RnNm1LdkRQQ1QwWlRQNXhmNU9uWHFFWVBsNkJRUUdmUzBMcUVHaFJQTWl5VklH0gGyAUFVX3lxTFBwX1B5cGQzNXN3cmhydkZJLWlTWGNfVkl3NlZ1SUV6UzJkQkh5cEJnbXg0YTNXSGJidHJvS2xteTZRUlJzTmF0Nk41ZTZGbDVUcC05el9EcGozQzd4UzFiVk9wM3FlcmhmTFZaYWx1VXozMEE1dGtXS0FZS2ZRWVhpXzR5VTdwREJaYU9uU1FTMnpBVTdGZTgyVFk3bnpVbUFaeHF0bjZNMzFZVFB3eHNQWEE?oc=5\" target=\"_blank\" rel=\"nofollow noopener\">Mourinho: \u00abQuando a equipa n\u00e3o est\u00e1 por cima, tamb\u00e9m n\u00e3o est\u00e1 por baixo\u00bb<\/a>&nbsp;&nbsp;Maisfutebol<\/li>\n<li><a href=\"https:\/\/news.google.com\/rss\/articles\/CBMidEFVX3lxTE1MWHhmRXJwRDNYYk1fSE9MdjlHNDk0X1NrWTM5akZ4YkF1dWpCZURBdUJVbktuZjByOEg4RG9DY2lodjJIRVZKTkFJYzNZUFFZckxFQU5JUi1xR3pqMnJ6TTJTcFdEb3pNXzlFRS1KdzJkODRI?oc=5\" target=\"_blank\" rel=\"nofollow noopener\">Siga o Farense vs Benfica em direto<\/a>&nbsp;&nbsp;A Bola<\/li>\n<\/ol>\n","protected":false},"excerpt":{"rendered":"Ta\u00e7a de Portugal. SC Farense &#8211; SL Benfica em direto na RTP1&nbsp;&nbsp;RTP Farense x Benfica: onde assistir, escala\u00e7\u00f5es&hellip;\n","protected":false},"author":2,"featured_media":192632,"comment_status":"","ping_status":"","sticky":false,"template":"","format":"standard","meta":{"footnotes":""},"categories":[87],"tags":[135,13,32,33,420,421,134],"class_list":{"0":"post-192631","1":"post","2":"type-post","3":"status-publish","4":"format-standard","5":"has-post-thumbnail","7":"category-desporto","8":"tag-desporto","9":"tag-noticias","10":"tag-portugal","11":"tag-pt","12":"tag-rtp","13":"tag-rtp-noticias","14":"tag-sports"},"share_on_mastodon":{"url":"","error":""},"_links":{"self":[{"href":"https:\/\/www.europesays.com\/pt\/wp-json\/wp\/v2\/posts\/192631","targetHints":{"allow":["GET"]}}],"collection":[{"href":"https:\/\/www.europesays.com\/pt\/wp-json\/wp\/v2\/posts"}],"about":[{"href":"https:\/\/www.europesays.com\/pt\/wp-json\/wp\/v2\/types\/post"}],"author":[{"embeddable":true,"href":"https:\/\/www.europesays.com\/pt\/wp-json\/wp\/v2\/users\/2"}],"replies":[{"embeddable":true,"href":"https:\/\/www.europesays.com\/pt\/wp-json\/wp\/v2\/comments?post=192631"}],"version-history":[{"count":0,"href":"https:\/\/www.europesays.com\/pt\/wp-json\/wp\/v2\/posts\/192631\/revisions"}],"wp:featuredmedia":[{"embeddable":true,"href":"https:\/\/www.europesays.com\/pt\/wp-json\/wp\/v2\/media\/192632"}],"wp:attachment":[{"href":"https:\/\/www.europesays.com\/pt\/wp-json\/wp\/v2\/media?parent=192631"}],"wp:term":[{"taxonomy":"category","embeddable":true,"href":"https:\/\/www.europesays.com\/pt\/wp-json\/wp\/v2\/categories?post=192631"},{"taxonomy":"post_tag","embeddable":true,"href":"https:\/\/www.europesays.com\/pt\/wp-json\/wp\/v2\/tags?post=192631"}],"curies":[{"name":"wp","href":"https:\/\/api.w.org\/{rel}","templated":true}]}}