{"id":192635,"date":"2025-12-17T22:57:10","date_gmt":"2025-12-17T22:57:10","guid":{"rendered":"https:\/\/www.europesays.com\/pt\/192635\/"},"modified":"2025-12-17T22:57:10","modified_gmt":"2025-12-17T22:57:10","slug":"nasa-conclui-que-maior-lua-de-saturno-pode-nao-ter-oceano-observador","status":"publish","type":"post","link":"https:\/\/www.europesays.com\/pt\/192635\/","title":{"rendered":"NASA conclui que maior lua de Saturno pode n\u00e3o ter oceano \u2013 Observador"},"content":{"rendered":"<p>Um estudo divulgado nesta quarta-feira sugere que Tit\u00e3, a <strong>maior lua de Saturno<\/strong>, pode <strong>n\u00e3o ter<\/strong> um vasto oceano de \u00e1gua l\u00edquida sob a sua superf\u00edcie gelada, como se pensava anteriormente.<\/p>\n<p>O estudo, <a href=\"https:\/\/www.nature.com\/articles\/s41586-025-09818-x\" rel=\"nofollow noopener\" target=\"_blank\">publicado na revista cient\u00edfica Nature<\/a>, foi coordenado pela <a href=\"https:\/\/science.nasa.gov\/saturn\/moons\/titan\/\" rel=\"nofollow noopener\" target=\"_blank\">ag\u00eancia espacial norte-americana (NASA)<\/a>, que <strong>reanalisou dados<\/strong> da sonda Cassini com mais de dez anos.<\/p>\n<p>\u201cEm vez de um oceano aberto, como o que temos na Terra, estamos provavelmente a falar de algo mais parecido com <strong>gelo marinho<\/strong> no \u00c1rtico ou aqu\u00edferos, o que tem implica\u00e7\u00f5es para o <strong>tipo de vida<\/strong> que [supostamente] poderia ser encontrada, mas tamb\u00e9m para a disponibilidade de nutrientes, energia\u2026\u201d, sustentou Baptiste Journaux, um dos autores do estudo, que leciona Ci\u00eancias da Terra e do Espa\u00e7o na Universidade de Washington, nos Estados Unidos.<\/p>\n<p>No estudo, os cientistas modelaram Tit\u00e3 com um oceano, mas os <strong>resultados n\u00e3o bateram certo<\/strong> com a conclus\u00e3o anterior de que a lua de Saturno tinha um grande oceano de \u00e1gua l\u00edquida sob a sua superf\u00edcie de gelo.<\/p>\n<p>A nova an\u00e1lise dos dados da sonda espacial Cassini levou a uma <strong>nova conclus\u00e3o<\/strong>: <strong>debaixo do gelo exterior da lua haver\u00e1 mais gelo<\/strong>, muito menos \u00e1gua l\u00edquida (apenas bolsas de \u00e1gua fruto do degelo) e mais lama (t\u00faneis) perto do <strong>n\u00facleo rochoso<\/strong>.<\/p>\n<p>\u201cA deforma\u00e7\u00e3o [do interior de Tit\u00e3] que detet\u00e1mos durante a an\u00e1lise inicial dos dados da miss\u00e3o Cassini poderia ter sido compat\u00edvel com um oceano global, mas sabemos agora que <strong>esta n\u00e3o \u00e9 a hist\u00f3ria completa<\/strong>\u201c, assinalou Baptiste Journaux, citado pela Universidade de Washington em comunicado.<\/p>\n","protected":false},"excerpt":{"rendered":"Um estudo divulgado nesta quarta-feira sugere que Tit\u00e3, a maior lua de Saturno, pode n\u00e3o ter um vasto&hellip;\n","protected":false},"author":2,"featured_media":192636,"comment_status":"","ping_status":"","sticky":false,"template":"","format":"standard","meta":{"footnotes":""},"categories":[84],"tags":[443,109,107,108,442,441,35322,32,33,105,103,104,106,110],"class_list":{"0":"post-192635","1":"post","2":"type-post","3":"status-publish","4":"format-standard","5":"has-post-thumbnail","7":"category-ciencia-e-tecnologia","8":"tag-astronomia","9":"tag-ciencia","10":"tag-ciencia-e-tecnologia","11":"tag-cienciaetecnologia","12":"tag-ciu00eancia","13":"tag-espau00e7o","14":"tag-explorau00e7u00e3o-espacial","15":"tag-portugal","16":"tag-pt","17":"tag-science","18":"tag-science-and-technology","19":"tag-scienceandtechnology","20":"tag-technology","21":"tag-tecnologia"},"share_on_mastodon":{"url":"https:\/\/pubeurope.com\/@pt\/115737385112008841","error":""},"_links":{"self":[{"href":"https:\/\/www.europesays.com\/pt\/wp-json\/wp\/v2\/posts\/192635","targetHints":{"allow":["GET"]}}],"collection":[{"href":"https:\/\/www.europesays.com\/pt\/wp-json\/wp\/v2\/posts"}],"about":[{"href":"https:\/\/www.europesays.com\/pt\/wp-json\/wp\/v2\/types\/post"}],"author":[{"embeddable":true,"href":"https:\/\/www.europesays.com\/pt\/wp-json\/wp\/v2\/users\/2"}],"replies":[{"embeddable":true,"href":"https:\/\/www.europesays.com\/pt\/wp-json\/wp\/v2\/comments?post=192635"}],"version-history":[{"count":0,"href":"https:\/\/www.europesays.com\/pt\/wp-json\/wp\/v2\/posts\/192635\/revisions"}],"wp:featuredmedia":[{"embeddable":true,"href":"https:\/\/www.europesays.com\/pt\/wp-json\/wp\/v2\/media\/192636"}],"wp:attachment":[{"href":"https:\/\/www.europesays.com\/pt\/wp-json\/wp\/v2\/media?parent=192635"}],"wp:term":[{"taxonomy":"category","embeddable":true,"href":"https:\/\/www.europesays.com\/pt\/wp-json\/wp\/v2\/categories?post=192635"},{"taxonomy":"post_tag","embeddable":true,"href":"https:\/\/www.europesays.com\/pt\/wp-json\/wp\/v2\/tags?post=192635"}],"curies":[{"name":"wp","href":"https:\/\/api.w.org\/{rel}","templated":true}]}}