{"id":192643,"date":"2025-12-17T23:10:10","date_gmt":"2025-12-17T23:10:10","guid":{"rendered":"https:\/\/www.europesays.com\/pt\/192643\/"},"modified":"2025-12-17T23:10:10","modified_gmt":"2025-12-17T23:10:10","slug":"fabio-mostra-o-lado-mais-fragil-apos-discussao-com-liliana-estou-desiludido-secret-story","status":"publish","type":"post","link":"https:\/\/www.europesays.com\/pt\/192643\/","title":{"rendered":"F\u00e1bio mostra o lado mais fr\u00e1gil ap\u00f3s discuss\u00e3o com Liliana: \u00abEstou desiludido&#8230;\u00bb &#8211; Secret Story"},"content":{"rendered":"<p>No Especial do Secret Story 9, Cristina Ferreira chamou F\u00e1bio a confession\u00e1rio para perceber como \u00e9 que o concorrente se sentia depois de discutir com Liliana. O concorrente mostrou o lado mais fr\u00e1gil e assumiu-se magoado com a namorada.\u00a0<\/p>\n<p>J\u00e1 pode votar para salvar o seu concorrente favorito. Vote atrav\u00e9s da App TVI Reality ou das linhas telef\u00f3nicas.<\/p>\n<p>VOTA\u00c7\u00c3O PARA SALVAR:<\/p>\n<p>F\u00c1BIO \u2013 761 20 20 08<\/p>\n<p>IN\u00caS \u2013 761 20 20 10<\/p>\n<p>PEDRO \u2013 761 20 20 18<\/p>\n<p><a href=\"https:\/\/tvi.iol.pt\/secretstory\/aominuto\" rel=\"nofollow noopener\" target=\"_blank\">Acompanhe ao minuto, tudo o que se passa dentro da casa mais vigiada do Pa\u00eds.<\/a><\/p>\n","protected":false},"excerpt":{"rendered":"No Especial do Secret Story 9, Cristina Ferreira chamou F\u00e1bio a confession\u00e1rio para perceber como \u00e9 que o&hellip;\n","protected":false},"author":2,"featured_media":192644,"comment_status":"","ping_status":"","sticky":false,"template":"","format":"standard","meta":{"footnotes":""},"categories":[142],"tags":[114,115,19082,19033,19034,32,33,151,19032],"class_list":{"0":"post-192643","1":"post","2":"type-post","3":"status-publish","4":"format-standard","5":"has-post-thumbnail","7":"category-tv","8":"tag-entertainment","9":"tag-entretenimento","10":"tag-fabio","11":"tag-galas-em-video","12":"tag-melhores-momentos-casa-dos-segredos","13":"tag-portugal","14":"tag-pt","15":"tag-tv","16":"tag-videos-secret-story-tvi"},"share_on_mastodon":{"url":"https:\/\/pubeurope.com\/@pt\/115737436241985065","error":""},"_links":{"self":[{"href":"https:\/\/www.europesays.com\/pt\/wp-json\/wp\/v2\/posts\/192643","targetHints":{"allow":["GET"]}}],"collection":[{"href":"https:\/\/www.europesays.com\/pt\/wp-json\/wp\/v2\/posts"}],"about":[{"href":"https:\/\/www.europesays.com\/pt\/wp-json\/wp\/v2\/types\/post"}],"author":[{"embeddable":true,"href":"https:\/\/www.europesays.com\/pt\/wp-json\/wp\/v2\/users\/2"}],"replies":[{"embeddable":true,"href":"https:\/\/www.europesays.com\/pt\/wp-json\/wp\/v2\/comments?post=192643"}],"version-history":[{"count":0,"href":"https:\/\/www.europesays.com\/pt\/wp-json\/wp\/v2\/posts\/192643\/revisions"}],"wp:featuredmedia":[{"embeddable":true,"href":"https:\/\/www.europesays.com\/pt\/wp-json\/wp\/v2\/media\/192644"}],"wp:attachment":[{"href":"https:\/\/www.europesays.com\/pt\/wp-json\/wp\/v2\/media?parent=192643"}],"wp:term":[{"taxonomy":"category","embeddable":true,"href":"https:\/\/www.europesays.com\/pt\/wp-json\/wp\/v2\/categories?post=192643"},{"taxonomy":"post_tag","embeddable":true,"href":"https:\/\/www.europesays.com\/pt\/wp-json\/wp\/v2\/tags?post=192643"}],"curies":[{"name":"wp","href":"https:\/\/api.w.org\/{rel}","templated":true}]}}