{"id":192649,"date":"2025-12-17T23:13:09","date_gmt":"2025-12-17T23:13:09","guid":{"rendered":"https:\/\/www.europesays.com\/pt\/192649\/"},"modified":"2025-12-17T23:13:09","modified_gmt":"2025-12-17T23:13:09","slug":"taca-de-portugal-jogos-resultados-e-apurados-para-os-quartos","status":"publish","type":"post","link":"https:\/\/www.europesays.com\/pt\/192649\/","title":{"rendered":"Ta\u00e7a de Portugal: jogos, resultados e apurados para os \u00abquartos\u00bb"},"content":{"rendered":"<p>A quinta eliminat\u00f3ria (oitavos de final) da Ta\u00e7a de Portugal arrancou esta quarta-feira e j\u00e1 h\u00e1 tr\u00eas equipas apuradas para os quartos de final, Uni\u00e3o de Leiria, Torreense e AVS, que eliminaram, respetivamente, Vila Me\u00e3, Casa Pia e Vit\u00f3ria.<\/p>\n<p>Esta noite joga-se ainda o Farense-Benfica. O vencedor deste jogo visita o vencedor do jogo entre FC Porto e Famalic\u00e3o, marcado para esta quinta-feira (20h45).<\/p>\n<p>Os restantes duelos ir\u00e3o colocar frente a frente os vencedores dos jogos Lusitano de \u00c9vora-Fafe e Caldas-Sp. Braga. O primeiro encontro s\u00f3 \u00e9 disputado a 27 de dezembro (14h) e os bracarenses entram em campo quatro dias antes, no Campo da Mata, \u00e0s 18h45.<\/p>\n<p>Por fim, o Sporting (detentor da Ta\u00e7a) desloca-se aos A\u00e7ores esta quinta-feira, a partir das 18h45. Quem vencer, recebe o AVS.<\/p>\n<p><strong>Confira os resultados dos \u00aboitavos\u00bb:<\/strong><\/p>\n<p>Vila Me\u00e3-U. Leiria, <a href=\"https:\/\/maisfutebol.iol.pt\/taca\/vila-mea\/taca-penalti-coloca-u-leiria-nos-quartos-apos-bater-o-vila-mea\" target=\"_blank\" rel=\"nofollow noopener\">0-1<\/a><\/p>\n<p>Casa Pia-Torreense, <a href=\"https:\/\/maisfutebol.iol.pt\/jogo\/aominuto\/casa-pia\/torreense\/13831611\" target=\"_blank\" rel=\"nofollow noopener\">1-2<\/a><\/p>\n<p>V. Guimar\u00e3es-AVS, <a href=\"https:\/\/maisfutebol.iol.pt\/jogo\/aominuto\/13831606\" target=\"_blank\" rel=\"nofollow noopener\">0-1<\/a><\/p>\n<p>Farense-Benfica (20h45)<\/p>\n<p>Santa Clara-Sporting (18h45) &#8211; 18 de dezembo<\/p>\n<p>FC Porto-Famalic\u00e3o (20h45) &#8211; 18 de dezembro<\/p>\n<p>Caldas-Sp. Braga (18h45) &#8211; 23 de dezembro<\/p>\n<p>Lusitano \u00c9vora-Fafe (14h) &#8211; 27 de dezembro<\/p>\n","protected":false},"excerpt":{"rendered":"A quinta eliminat\u00f3ria (oitavos de final) da Ta\u00e7a de Portugal arrancou esta quarta-feira e j\u00e1 h\u00e1 tr\u00eas equipas&hellip;\n","protected":false},"author":2,"featured_media":21903,"comment_status":"","ping_status":"","sticky":false,"template":"","format":"standard","meta":{"footnotes":""},"categories":[87],"tags":[20814,51,135,282,5433,46,32,33,47,527,34,134,2690,3142],"class_list":{"0":"post-192649","1":"post","2":"type-post","3":"status-publish","4":"format-standard","5":"has-post-thumbnail","7":"category-desporto","8":"tag-apurados","9":"tag-benfica","10":"tag-desporto","11":"tag-fc-porto","12":"tag-jogos-hoje","13":"tag-maisfutebol","14":"tag-portugal","15":"tag-pt","16":"tag-pura-paixao","17":"tag-resultados","18":"tag-sporting","19":"tag-sports","20":"tag-taca","21":"tag-taca-de-portugal"},"share_on_mastodon":{"url":"https:\/\/pubeurope.com\/@pt\/115737447956818521","error":""},"_links":{"self":[{"href":"https:\/\/www.europesays.com\/pt\/wp-json\/wp\/v2\/posts\/192649","targetHints":{"allow":["GET"]}}],"collection":[{"href":"https:\/\/www.europesays.com\/pt\/wp-json\/wp\/v2\/posts"}],"about":[{"href":"https:\/\/www.europesays.com\/pt\/wp-json\/wp\/v2\/types\/post"}],"author":[{"embeddable":true,"href":"https:\/\/www.europesays.com\/pt\/wp-json\/wp\/v2\/users\/2"}],"replies":[{"embeddable":true,"href":"https:\/\/www.europesays.com\/pt\/wp-json\/wp\/v2\/comments?post=192649"}],"version-history":[{"count":0,"href":"https:\/\/www.europesays.com\/pt\/wp-json\/wp\/v2\/posts\/192649\/revisions"}],"wp:featuredmedia":[{"embeddable":true,"href":"https:\/\/www.europesays.com\/pt\/wp-json\/wp\/v2\/media\/21903"}],"wp:attachment":[{"href":"https:\/\/www.europesays.com\/pt\/wp-json\/wp\/v2\/media?parent=192649"}],"wp:term":[{"taxonomy":"category","embeddable":true,"href":"https:\/\/www.europesays.com\/pt\/wp-json\/wp\/v2\/categories?post=192649"},{"taxonomy":"post_tag","embeddable":true,"href":"https:\/\/www.europesays.com\/pt\/wp-json\/wp\/v2\/tags?post=192649"}],"curies":[{"name":"wp","href":"https:\/\/api.w.org\/{rel}","templated":true}]}}