{"id":192654,"date":"2025-12-17T23:21:05","date_gmt":"2025-12-17T23:21:05","guid":{"rendered":"https:\/\/www.europesays.com\/pt\/192654\/"},"modified":"2025-12-17T23:21:05","modified_gmt":"2025-12-17T23:21:05","slug":"comentador-tucker-carlson-afirma-que-trump-declarara-guerra-a-venezuela-esta-quarta-feira","status":"publish","type":"post","link":"https:\/\/www.europesays.com\/pt\/192654\/","title":{"rendered":"Comentador Tucker Carlson afirma que Trump declarar\u00e1 guerra \u00e0 Venezuela esta quarta-feira"},"content":{"rendered":"\n<p>Na conversa mantida por telefone, Maduro &#8220;sublinhou que estas declara\u00e7\u00f5es devem ser categoricamente rejeitadas pelas Na\u00e7\u00f5es Unidas, uma vez que constituem uma amea\u00e7a direta \u00e0 soberania, ao direito internacional e \u00e0 paz&#8221;, acrescentou o comunicado.<\/p>\n<p>O minist\u00e9rio referiu ainda que Maduro alertou para &#8220;a escalada de amea\u00e7as contra a Venezuela e as suas graves implica\u00e7\u00f5es para a paz regional&#8221;.<\/p>\n<p>No telefonema, Ant\u00f3nio Guterres reafirmou, por seu lado, a posi\u00e7\u00e3o da ONU de que os Estados-membros devem &#8220;exercer modera\u00e7\u00e3o, reduzir as tens\u00f5es e preservar a estabilidade regional&#8221;, de acordo com um comunicado da organiza\u00e7\u00e3o, adicionando a necessidade do respeito do direito internacional e da Carta das Na\u00e7\u00f5es Unidas.<\/p>\n<p>O Governo venezuelano alega que Donald Trump &#8220;pretende impor, de forma absolutamente irracional, um alegado bloqueio naval militar&#8221; com o objetivo de &#8220;roubar as riquezas&#8221; do pa\u00eds sul-americano.<\/p>\n<p>Maduro acusa ainda o hom\u00f3logo da Casa Branca de violar &#8220;o direito internacional, o livre com\u00e9rcio e a liberdade de navega\u00e7\u00e3o&#8221;, o que classificou tamb\u00e9m como uma &#8220;amea\u00e7a grave e temer\u00e1ria&#8221;.<\/p>\n<p>Trump anunciou que vai fazer uma declara\u00e7\u00e3o \u00e0 na\u00e7\u00e3o na noite desta quarta-feira (madrugada de quinta-feira em Lisboa) sem especificar o tema, mas que poder\u00e1 estar relacionada com a crise.<\/p>\n<p>A sua porta-voz referiu apenas que vai abordar a a\u00e7\u00e3o da sua administra\u00e7\u00e3o nos primeiros 11 meses do segundo mandato presidencial.<\/p>\n<p>Na semana passada, o Comando Sul dos Estados Unidos, que atacou mais de tr\u00eas dezenas de embarca\u00e7\u00f5es e executou 95 tripulantes alegadamente ligados ao narcotr\u00e1fico nas Cara\u00edbas e no Pac\u00edfico Leste, apreendeu em \u00e1guas internacionais o petroleiro Skipper, que transportava crude venezuelano.<\/p>\n<p>Os Estados Unidos tamb\u00e9m refor\u00e7aram a presen\u00e7a militar no mar das Cara\u00edbas desde agosto, sob o argumento da luta contra o narcotr\u00e1fico, enviando para a regi\u00e3o em outubro o maior porta-avi\u00f5es do mundo, o USS Gerald R. Ford, com cerca de 5.000 militares a bordo e 75 avi\u00f5es de combate, incluindo ca\u00e7as F-18, com uma escolta de cinco contratorpedeiros.<\/p>\n<p>No final de outubro, o n\u00famero de soldados norte-americanos no sul das Cara\u00edbas e na base militar dos Estados Unidos em Porto Rico ascendia a 10.000, metade dos quais a bordo de oito navios.<\/p>\n","protected":false},"excerpt":{"rendered":"Na conversa mantida por telefone, Maduro &#8220;sublinhou que estas declara\u00e7\u00f5es devem ser categoricamente rejeitadas pelas Na\u00e7\u00f5es Unidas, uma&hellip;\n","protected":false},"author":2,"featured_media":192655,"comment_status":"","ping_status":"","sticky":false,"template":"","format":"standard","meta":{"footnotes":""},"categories":[50],"tags":[27,28,92,235,15,16,14,25,26,21,22,62,12,13,19,20,23,24,17,18,38690,29,30,31,3023,63,64,65],"class_list":{"0":"post-192654","1":"post","2":"type-post","3":"status-publish","4":"format-standard","5":"has-post-thumbnail","7":"category-mundo","8":"tag-breaking-news","9":"tag-breakingnews","10":"tag-donald-trump","11":"tag-estados-unidos","12":"tag-featured-news","13":"tag-featurednews","14":"tag-headlines","15":"tag-latest-news","16":"tag-latestnews","17":"tag-main-news","18":"tag-mainnews","19":"tag-mundo","20":"tag-news","21":"tag-noticias","22":"tag-noticias-principais","23":"tag-noticiasprincipais","24":"tag-principais-noticias","25":"tag-principaisnoticias","26":"tag-top-stories","27":"tag-topstories","28":"tag-tucker-carlson","29":"tag-ultimas","30":"tag-ultimas-noticias","31":"tag-ultimasnoticias","32":"tag-venezuela","33":"tag-world","34":"tag-world-news","35":"tag-worldnews"},"share_on_mastodon":{"url":"https:\/\/pubeurope.com\/@pt\/115737479470889844","error":""},"_links":{"self":[{"href":"https:\/\/www.europesays.com\/pt\/wp-json\/wp\/v2\/posts\/192654","targetHints":{"allow":["GET"]}}],"collection":[{"href":"https:\/\/www.europesays.com\/pt\/wp-json\/wp\/v2\/posts"}],"about":[{"href":"https:\/\/www.europesays.com\/pt\/wp-json\/wp\/v2\/types\/post"}],"author":[{"embeddable":true,"href":"https:\/\/www.europesays.com\/pt\/wp-json\/wp\/v2\/users\/2"}],"replies":[{"embeddable":true,"href":"https:\/\/www.europesays.com\/pt\/wp-json\/wp\/v2\/comments?post=192654"}],"version-history":[{"count":0,"href":"https:\/\/www.europesays.com\/pt\/wp-json\/wp\/v2\/posts\/192654\/revisions"}],"wp:featuredmedia":[{"embeddable":true,"href":"https:\/\/www.europesays.com\/pt\/wp-json\/wp\/v2\/media\/192655"}],"wp:attachment":[{"href":"https:\/\/www.europesays.com\/pt\/wp-json\/wp\/v2\/media?parent=192654"}],"wp:term":[{"taxonomy":"category","embeddable":true,"href":"https:\/\/www.europesays.com\/pt\/wp-json\/wp\/v2\/categories?post=192654"},{"taxonomy":"post_tag","embeddable":true,"href":"https:\/\/www.europesays.com\/pt\/wp-json\/wp\/v2\/tags?post=192654"}],"curies":[{"name":"wp","href":"https:\/\/api.w.org\/{rel}","templated":true}]}}