{"id":192660,"date":"2025-12-17T23:27:12","date_gmt":"2025-12-17T23:27:12","guid":{"rendered":"https:\/\/www.europesays.com\/pt\/192660\/"},"modified":"2025-12-17T23:27:12","modified_gmt":"2025-12-17T23:27:12","slug":"ruben-aguiar-ainda-podera-passar-o-natal-em-familia-saiba-o-que-esta-em-causa-secret-story","status":"publish","type":"post","link":"https:\/\/www.europesays.com\/pt\/192660\/","title":{"rendered":"Ruben Aguiar ainda poder\u00e1 passar o Natal em fam\u00edlia? Saiba o que est\u00e1 em causa &#8211; Secret Story"},"content":{"rendered":"<p data-end=\"643\" data-start=\"284\"><a href=\"https:\/\/tvi.iol.pt\/search?pagina=1&amp;pesquisa=ruben+aguiar\" rel=\"nofollow noopener\" target=\"_blank\">Ruben Aguiar<\/a>, 38 anos, decidiu recorrer ao Tribunal Constitucional ap\u00f3s ter sido condenado a seis anos e seis meses de pris\u00e3o na sequ\u00eancia de um atropelamento mortal. A informa\u00e7\u00e3o foi avan\u00e7ada no programa <strong data-end=\"492\" data-start=\"479\">\u201cV+ Fama\u201d<\/strong>, onde foi revelado que este novo recurso poder\u00e1 permitir que o cantor, atualmente em <strong data-end=\"601\" data-start=\"578\">pris\u00e3o domicili\u00e1ria<\/strong>, passe o Natal em casa, junto da fam\u00edlia.<\/p>\n<p data-end=\"937\" data-start=\"645\">De acordo com <strong data-end=\"684\" data-start=\"659\">Adriano Silva Martins<\/strong>, o artista tinha ordem para se apresentar num estabelecimento prisional no in\u00edcio de dezembro, algo que acabou por n\u00e3o acontecer precisamente devido a esta nova dilig\u00eancia legal. O recurso j\u00e1 ter\u00e1, no entanto, sido <strong data-end=\"936\" data-start=\"900\">contestado pela defesa da v\u00edtima<\/strong>.<\/p>\n<p data-end=\"1242\" data-start=\"1000\">No documento apresentado ao Tribunal Constitucional, a defesa de Ruben Aguiar sustenta que existem <strong data-end=\"1182\" data-start=\"1099\">provas fundamentais que n\u00e3o foram devidamente consideradas durante o julgamento<\/strong>, o que poder\u00e1 ter influenciado a decis\u00e3o final do tribunal.<\/p>\n<p data-end=\"1639\" data-start=\"1244\">Para al\u00e9m disso, s\u00e3o invocadas <strong data-end=\"1311\" data-start=\"1275\">raz\u00f5es humanit\u00e1rias e familiares<\/strong>. O cantor alega ser o principal sustento da fam\u00edlia e teme que, devido \u00e0 falta de vagas nos estabelecimentos prisionais da Madeira, possa vir a ser transferido para uma pris\u00e3o no continente. Uma eventual transfer\u00eancia afast\u00e1-lo-ia da mulher e dos filhos, tornando a pena ainda mais dif\u00edcil de suportar para o agregado familiar.<\/p>\n<p data-end=\"1876\" data-start=\"1641\">Apesar de n\u00e3o descurar o sofrimento da v\u00edtima, a defesa sublinha ainda que Ruben Aguiar ter\u00e1 escrito uma <strong data-end=\"1785\" data-start=\"1746\">carta formal de pedido de desculpas<\/strong> e manifestado a inten\u00e7\u00e3o de pagar a <strong data-end=\"1854\" data-start=\"1822\">indemniza\u00e7\u00e3o de 40 mil euros<\/strong> fixada pelo tribunal.<\/p>\n<p>Comentadores divididos no \u201cV+ Fama\u201d <\/p>\n<p data-end=\"2098\" data-start=\"1919\">O tema foi amplamente debatido no <strong data-end=\"1966\" data-start=\"1953\">\u201cV+ Fama\u201d<\/strong>, com opini\u00f5es distintas entre os comentadores. <strong data-end=\"2038\" data-start=\"2014\">Ant\u00f3nio Leal e Silva<\/strong> considerou que a pena aplicada poder\u00e1 ter sido excessiva: \u201cSeis anos e seis meses parece-me excessivo. Estou mais do lado do Ruben. Segundo consta, ele tem um percurso de vida id\u00f3neo, nunca teve problemas com a Justi\u00e7a. Acho que talvez tenha sido um exagero.\u201d<\/p>\n<p data-end=\"2420\" data-start=\"2304\">J\u00e1 <strong data-end=\"2326\" data-start=\"2307\">Isabel Figueira<\/strong> mostrou empatia pelo impacto da condena\u00e7\u00e3o na fam\u00edlia do cantor, mas deixou um aviso claro: \u201cPara cada a\u00e7\u00e3o h\u00e1 uma rea\u00e7\u00e3o. Ele teve a rea\u00e7\u00e3o de fugir. Seis anos \u00e9 muito tempo na vida de algu\u00e9m, mas foi o que ficou provado.\u201d<\/p>\n<p data-end=\"2826\" data-start=\"2556\">Enquanto o recurso segue agora para aprecia\u00e7\u00e3o no Tribunal Constitucional, o futuro judicial de Ruben Aguiar permanece em aberto, e a possibilidade de passar o Natal em liberdade, ainda que condicionada, mant\u00e9m-se como uma esperan\u00e7a para o artista e para a sua fam\u00edlia.<\/p>\n<p data-end=\"2947\" data-start=\"2828\"><strong data-end=\"2947\" data-start=\"2831\">Veja agora o v\u00eddeo do \u201cV+ Fama\u201d com todos os coment\u00e1rios e rea\u00e7\u00f5es ao novo recurso apresentado por Ruben Aguiar.<\/strong><\/p>\n<p data-end=\"2947\" data-start=\"2828\">\u00a0<\/p>\n","protected":false},"excerpt":{"rendered":"Ruben Aguiar, 38 anos, decidiu recorrer ao Tribunal Constitucional ap\u00f3s ter sido condenado a seis anos e seis&hellip;\n","protected":false},"author":2,"featured_media":192661,"comment_status":"","ping_status":"","sticky":false,"template":"","format":"standard","meta":{"footnotes":""},"categories":[142],"tags":[18706,114,115,18705,32,33,34173,151,78,18704],"class_list":{"0":"post-192660","1":"post","2":"type-post","3":"status-publish","4":"format-standard","5":"has-post-thumbnail","7":"category-tv","8":"tag-bastidores-secret-story","9":"tag-entertainment","10":"tag-entretenimento","11":"tag-entrevistas-concorrentes-tvi","12":"tag-portugal","13":"tag-pt","14":"tag-ruben-aguiar","15":"tag-tv","16":"tag-v-fama","17":"tag-vida-fora-da-casa"},"share_on_mastodon":{"url":"https:\/\/pubeurope.com\/@pt\/115737503050781002","error":""},"_links":{"self":[{"href":"https:\/\/www.europesays.com\/pt\/wp-json\/wp\/v2\/posts\/192660","targetHints":{"allow":["GET"]}}],"collection":[{"href":"https:\/\/www.europesays.com\/pt\/wp-json\/wp\/v2\/posts"}],"about":[{"href":"https:\/\/www.europesays.com\/pt\/wp-json\/wp\/v2\/types\/post"}],"author":[{"embeddable":true,"href":"https:\/\/www.europesays.com\/pt\/wp-json\/wp\/v2\/users\/2"}],"replies":[{"embeddable":true,"href":"https:\/\/www.europesays.com\/pt\/wp-json\/wp\/v2\/comments?post=192660"}],"version-history":[{"count":0,"href":"https:\/\/www.europesays.com\/pt\/wp-json\/wp\/v2\/posts\/192660\/revisions"}],"wp:featuredmedia":[{"embeddable":true,"href":"https:\/\/www.europesays.com\/pt\/wp-json\/wp\/v2\/media\/192661"}],"wp:attachment":[{"href":"https:\/\/www.europesays.com\/pt\/wp-json\/wp\/v2\/media?parent=192660"}],"wp:term":[{"taxonomy":"category","embeddable":true,"href":"https:\/\/www.europesays.com\/pt\/wp-json\/wp\/v2\/categories?post=192660"},{"taxonomy":"post_tag","embeddable":true,"href":"https:\/\/www.europesays.com\/pt\/wp-json\/wp\/v2\/tags?post=192660"}],"curies":[{"name":"wp","href":"https:\/\/api.w.org\/{rel}","templated":true}]}}