{"id":192668,"date":"2025-12-17T23:31:12","date_gmt":"2025-12-17T23:31:12","guid":{"rendered":"https:\/\/www.europesays.com\/pt\/192668\/"},"modified":"2025-12-17T23:31:12","modified_gmt":"2025-12-17T23:31:12","slug":"cientistas-identificam-nova-demencia-que-atinge-idosos-17-12-2025-equilibrio-e-saude","status":"publish","type":"post","link":"https:\/\/www.europesays.com\/pt\/192668\/","title":{"rendered":"Cientistas identificam nova dem\u00eancia, que atinge idosos &#8211; 17\/12\/2025 &#8211; Equil\u00edbrio e Sa\u00fade"},"content":{"rendered":"<p>Uma forma de <a href=\"https:\/\/www1.folha.uol.com.br\/equilibrioesaude\/2025\/12\/neurologistas-explicam-diferentes-tipos-de-demencia-e-como-danificam-o-cerebro.shtml\" rel=\"nofollow noopener\" target=\"\">dem\u00eancia<\/a> recentemente reconhecida est\u00e1 mudando a compreens\u00e3o do <a href=\"https:\/\/www1.folha.uol.com.br\/equilibrio\/2025\/08\/pessoas-que-socializam-mais-sao-mais-resistentes-ao-declinio-cognitivo.shtml\" rel=\"nofollow noopener\" target=\"\">decl\u00ednio cognitivo<\/a>, melhorando a capacidade de diagnosticar pacientes e ressaltando a necessidade de uma gama mais ampla de tratamentos.<\/p>\n<p>Cada vez mais <a href=\"https:\/\/www1.folha.uol.com.br\/equilibrioesaude\/2025\/12\/neurologistas-explicam-diferentes-tipos-de-demencia-e-como-danificam-o-cerebro.shtml\" rel=\"nofollow noopener\" target=\"\">pacientes est\u00e3o sendo diagnosticados com a doen\u00e7a<\/a>, conhecida como LATE, e diretrizes orientando os m\u00e9dicos sobre como identific\u00e1-la foram publicadas este ano. Estima-se que a LATE afete cerca de um ter\u00e7o das pessoas com 85 anos ou mais e 10% das pessoas com 65 anos ou mais, de acordo com essas diretrizes. Alguns pacientes que foram diagnosticados com <a href=\"https:\/\/www1.folha.uol.com.br\/folha-topicos\/alzheimer\/\" rel=\"nofollow noopener\" target=\"\">Alzheimer <\/a>podem, na verdade, ter LATE, afirmam especialistas em dem\u00eancia.<\/p>\n<p>&#8220;Em cerca de 1 em cada 5 pessoas que chegam \u00e0 nossa cl\u00ednica, o que anteriormente se pensava ser doen\u00e7a de <a href=\"https:\/\/www1.folha.uol.com.br\/folha-topicos\/alzheimer\/\" rel=\"nofollow noopener\" target=\"_blank\">Alzheimer<\/a>, na verdade parece ser LATE&#8221;, diz Greg Jicha, neurologista e diretor associado do Centro Sanders-Brown sobre Envelhecimento da Universidade de Kentucky.<\/p>\n<p>Por si s\u00f3, o LATE, abrevia\u00e7\u00e3o de Encefalopatia TDP-43 relacionada \u00e0 idade predominantemente l\u00edmbica, geralmente \u00e9 menos grave que o <a href=\"https:\/\/www1.folha.uol.com.br\/folha-topicos\/alzheimer\/\" rel=\"nofollow noopener\" target=\"\">Alzheimer<\/a> e se desenvolve mais lentamente, diz Pete Nelson, diretor associado do Centro Sanders-Brown, que ajudou a impulsionar esfor\u00e7os para identificar o dist\u00farbio, que n\u00e3o tem tratamento espec\u00edfico.<\/p>\n<p>&#8220;O Alzheimer puro \u00e9 pior que o LATE puro&#8221;, afirma. &#8220;No entanto, a doen\u00e7a de Alzheimer associada \u00e0 LATE \u00e9 pior do que qualquer um isoladamente \u2014mais r\u00e1pido, <a href=\"https:\/\/www1.folha.uol.com.br\/equilibrio\/2025\/04\/demencia-pode-nao-ser-uma-ameaca-no-futuro-como-e-hoje-veja-o-que-dizem-especialistas.shtml\" rel=\"nofollow noopener\" target=\"\">mais grave<\/a>, um desfecho mais brutal.&#8221;<\/p>\n<p>Cerca de metade dos idosos de 85 anos com Alzheimer grave tamb\u00e9m t\u00eam LATE, diz Nelson, acrescentando que com a combina\u00e7\u00e3o, &#8220;voc\u00ea tamb\u00e9m tende a ter maior probabilidade de apresentar alguns dos<a href=\"https:\/\/www1.folha.uol.com.br\/equilibrio\/2024\/06\/alzheimer-antes-de-avanco-do-declinio-e-marcado-por-foco-no-presente-e-anseio-do-futuro.shtml\" rel=\"nofollow noopener\" target=\"\"> sintomas<\/a> terr\u00edveis e assustadores, como psicose e incontin\u00eancia urin\u00e1ria, entre outros.&#8221;<\/p>\n<p>O LATE geralmente <a href=\"https:\/\/www1.folha.uol.com.br\/equilibrioesaude\/2024\/12\/entenda-causas-da-demencia-e-como-preveni-la.shtml\" rel=\"nofollow noopener\" target=\"\">surge em uma idade mais avan\u00e7ada<\/a> que o Alzheimer, com sintomas geralmente limitados \u00e0 mem\u00f3ria e, \u00e0s vezes, dificuldade em encontrar palavras ou nomear objetos, diz David Wolk, neurologista que dirige o Centro de Pesquisa da Doen\u00e7a de Alzheimer na Universidade da Pensilv\u00e2nia. O Alzheimer frequentemente tamb\u00e9m <a href=\"https:\/\/www1.folha.uol.com.br\/equilibrioesaude\/2025\/03\/cinco-alteracoes-na-fala-e-na-linguagem-que-ajudam-a-detectar-o-alzheimer-de-forma-precoce.shtml\" rel=\"nofollow noopener\" target=\"\">afeta a capacidade<\/a> de planejar, organizar e realizar tarefas, e pode causar mudan\u00e7as de humor e comportamento, diz.<\/p>\n<p>Os m\u00e9dicos inicialmente disseram a Ray Hester, 79, que ele estava nos est\u00e1gios iniciais de Alzheimer. Ele estava tendo dificuldade para lembrar palavras, e sua capacidade de tomar decis\u00f5es estava diminuindo. Um teste de plasma sangu\u00edneo sugeriu que seu c\u00e9rebro havia acumulado amiloide, uma prote\u00edna que forma placas no <a href=\"https:\/\/www1.folha.uol.com.br\/equilibrioesaude\/2025\/11\/inflamacao-de-celulas-do-cerebro-determina-o-avanco-do-alzheimer-diz-estudo-liderado-por-brasileiros.shtml\" rel=\"nofollow noopener\" target=\"\">Alzheimer<\/a>, diz Danica Coy, coordenadora de pesquisa cl\u00ednica no Centro Sanders-Brown.<\/p>\n<p>Mas quando Hester foi avaliado mais detalhadamente para um ensaio cl\u00ednico de Alzheimer no centro, uma tomografia cerebral n\u00e3o mostrou ac\u00famulo de amiloide. Ele n\u00e3o tinha Alzheimer; ele tinha LATE.<\/p>\n<p>O LATE come\u00e7ou a ser reconhecido depois que Nelson reuniu cerca de 35 pesquisadores de Alzheimer de todo o mundo em 2018 para explorar a designa\u00e7\u00e3o de um novo diagn\u00f3stico n\u00e3o-Alzheimer, avaliando dados de aut\u00f3psias cerebrais e outras pesquisas. &#8220;O que me motivou foi o fato de que eu n\u00e3o tinha um diagn\u00f3stico para 30% dos meus casos de dem\u00eancia&#8221;, diz. &#8220;Isso significa que estamos perdendo alguma coisa.&#8221;<\/p>\n<p>Em 2019, o grupo publicou um relat\u00f3rio nomeando uma condi\u00e7\u00e3o que os pesquisadores h\u00e1 muito tentavam categorizar com base em sua biologia e efeitos no c\u00e9rebro.<\/p>\n<p>Biologicamente, o Alzheimer envolve <a href=\"https:\/\/www1.folha.uol.com.br\/equilibrioesaude\/2025\/07\/proteinas-no-corpo-humano-revelam-sinais-de-alerta-para-alzheimer-e-parkinson.shtml\" rel=\"nofollow noopener\" target=\"\">placas formadas por amiloide, seguidas por outra prote\u00edna<\/a>, tau, formando emaranhados. O LATE envolve ac\u00famulos anormais de outra prote\u00edna, chamada TDP-43.<\/p>\n<p>A prote\u00edna foi identificada em 2006 por outros pesquisadores, que notaram sua presen\u00e7a em outros dist\u00farbios neurol\u00f3gicos, incluindo <a href=\"https:\/\/www1.folha.uol.com.br\/equilibrioesaude\/2023\/08\/o-que-e-a-esclerose-lateral-amiotrofica-que-matou-parceiro-de-longa-data-de-sandra-bullock.shtml\" rel=\"nofollow noopener\" target=\"\">esclerose lateral amiotr\u00f3fica (ELA).<\/a> Ela est\u00e1 no n\u00facleo de quase todos os tipos de c\u00e9lulas no corpo e est\u00e1 envolvida na regula\u00e7\u00e3o gen\u00e9tica de RNA e DNA, diz Wolk. Mas no LATE e em outros dist\u00farbios neurodegenerativos, disse ele, a prote\u00edna vaza do n\u00facleo e forma aglomerados no resto da c\u00e9lula.<\/p>\n<p>No LATE, o hipocampo, uma \u00e1rea do c\u00e9rebro envolvida na forma\u00e7\u00e3o de mem\u00f3ria e aprendizado, frequentemente encolhe mais do que no Alzheimer, diz Reisa Sperling, neurologista da Universidade de Harvard, que prop\u00f4s o nome do dist\u00farbio. Portanto, o <a href=\"https:\/\/www1.folha.uol.com.br\/equilibrioesaude\/2025\/09\/no-futuro-alzheimer-podera-ser-diagnosticado-a-partir-de-exames-de-vista-de-rotina-indica-estudo.shtml\" rel=\"nofollow noopener\" target=\"\">diagn\u00f3stico<\/a> geralmente envolve imagens cerebrais do hipocampo, testes para patologia de Alzheimer e avalia\u00e7\u00e3o se os sintomas cognitivos parecem mais com os do LATE do que do Alzheimer.<\/p>\n<p>Pacientes com LATE puro seriam ineleg\u00edveis para os <a href=\"https:\/\/www1.folha.uol.com.br\/equilibrioesaude\/2025\/09\/cinco-novidades-promissoras-no-combate-ao-alzheimer-descobertas-em-2025.shtml\" rel=\"nofollow noopener\" target=\"\">medicamentos recentemente aprovados<\/a> para Alzheimer porque n\u00e3o t\u00eam o amiloide que esses medicamentos visam. Para pessoas com Alzheimer e LATE, a quest\u00e3o \u00e9 mais complexa, diz Nupur Ghoshal, professora de neurologia e psiquiatria na Escola de Medicina da Universidade de Washington em St. Louis.<\/p>\n<p>Ela disse que para alguns pacientes com ambas as dem\u00eancias, as avalia\u00e7\u00f5es indicam que o LATE \u00e9 o fator mais forte em sua condi\u00e7\u00e3o. Se &#8220;o amiloide n\u00e3o est\u00e1 comandando o espet\u00e1culo, \u00e9 prudente incluir esses pacientes em tratamentos de amiloide?&#8221;, ela pergunta. Ela disse que provavelmente ofereceria os medicamentos a esses pacientes, mas os informaria que &#8220;voc\u00ea pode ter um benef\u00edcio modesto, mas ter\u00e1 todos os riscos.&#8221;<\/p>\n<p>Sperling disse que &#8220;trataria o amiloide se eles o tivessem&#8221;, mas enfatizou a import\u00e2ncia de <a href=\"https:\/\/www1.folha.uol.com.br\/equilibrioesaude\/2025\/10\/pesquisas-brasileiras-estao-na-vanguarda-dos-estudos-sobre-o-alzheimer.shtml\" rel=\"nofollow noopener\" target=\"\">encontrar terapias<\/a> para o LATE.<\/p>\n<p>Especialistas em dem\u00eancia disseram que, como os ensaios de medicamentos anti-amiloide ocorreram antes do reconhecimento generalizado do LATE, \u00e9 poss\u00edvel que alguns participantes tivessem tanto Alzheimer quanto LATE e possam ter se beneficiado menos dos medicamentos. Isso poderia ter contribu\u00eddo para o sucesso relativamente modesto geral dos medicamentos em retardar o decl\u00ednio cognitivo em pessoas com Alzheimer leve, disseram os especialistas.<\/p>\n<p>&#8220;Talvez pessoas que t\u00eam apenas Alzheimer puro realmente respondam bem a esses medicamentos, e isso realmente foi reduzido por casos que t\u00eam muito mais dessas outras co-patologias&#8221;, diz Wolk.<\/p>\n<p>O primeiro ensaio cl\u00ednico testando um tratamento para LATE est\u00e1 em andamento na Universidade de Kentucky. Envolve nicorandil, um medicamento aprovado na Europa e na \u00c1sia para tratar angina, dor no peito causada por fluxo sangu\u00edneo reduzido para o cora\u00e7\u00e3o.<\/p>\n<p>&#8220;\u00c9 um comprimido para o cora\u00e7\u00e3o, mas parece funcionar nas anormalidades gen\u00e9ticas que foram ligadas ao LATE&#8221;, diz Jicha, que lidera o ensaio. Como o nicorandil aumenta a circula\u00e7\u00e3o em pequenos vasos sangu\u00edneos, disse ele, a esperan\u00e7a \u00e9 que possa ajudar a evitar que o hipocampo encolha e proteger o tecido cerebral.<\/p>\n<p>    Cuide-se<\/p>\n<p class=\"c-newsletter__subtitle\">Ci\u00eancia, h\u00e1bitos e preven\u00e7\u00e3o numa newsletter para a sua sa\u00fade e bem-estar<\/p>\n<p>O ensaio de dois anos, com previs\u00e3o de t\u00e9rmino no pr\u00f3ximo ano, envolve 64 pessoas com problemas de mem\u00f3ria relativamente leves, que tomam dois comprimidos em forma de cora\u00e7\u00e3o diariamente, seja um placebo ou nicorandil.<\/p>\n<p>A causa do LATE ainda \u00e9 desconhecida, mas uma variante gen\u00e9tica que aumenta o risco de Alzheimer e condi\u00e7\u00f5es vasculares, APOE4, tamb\u00e9m eleva o risco de LATE.<\/p>\n","protected":false},"excerpt":{"rendered":"Uma forma de dem\u00eancia recentemente reconhecida est\u00e1 mudando a compreens\u00e3o do decl\u00ednio cognitivo, melhorando a capacidade de diagnosticar&hellip;\n","protected":false},"author":2,"featured_media":192669,"comment_status":"","ping_status":"","sticky":false,"template":"","format":"standard","meta":{"footnotes":""},"categories":[86],"tags":[314,1031,1029,2041,38691,236,116,8736,32,33,117,1030,1822],"class_list":{"0":"post-192668","1":"post","2":"type-post","3":"status-publish","4":"format-standard","5":"has-post-thumbnail","7":"category-saude","8":"tag-alzheimer","9":"tag-autocuidado","10":"tag-cuide-se","11":"tag-demencia","12":"tag-esclerose-lateral-amiotrofica","13":"tag-folha","14":"tag-health","15":"tag-mente","16":"tag-portugal","17":"tag-pt","18":"tag-saude","19":"tag-saude-mental","20":"tag-the-new-york-times"},"share_on_mastodon":{"url":"https:\/\/pubeurope.com\/@pt\/115737518584520994","error":""},"_links":{"self":[{"href":"https:\/\/www.europesays.com\/pt\/wp-json\/wp\/v2\/posts\/192668","targetHints":{"allow":["GET"]}}],"collection":[{"href":"https:\/\/www.europesays.com\/pt\/wp-json\/wp\/v2\/posts"}],"about":[{"href":"https:\/\/www.europesays.com\/pt\/wp-json\/wp\/v2\/types\/post"}],"author":[{"embeddable":true,"href":"https:\/\/www.europesays.com\/pt\/wp-json\/wp\/v2\/users\/2"}],"replies":[{"embeddable":true,"href":"https:\/\/www.europesays.com\/pt\/wp-json\/wp\/v2\/comments?post=192668"}],"version-history":[{"count":0,"href":"https:\/\/www.europesays.com\/pt\/wp-json\/wp\/v2\/posts\/192668\/revisions"}],"wp:featuredmedia":[{"embeddable":true,"href":"https:\/\/www.europesays.com\/pt\/wp-json\/wp\/v2\/media\/192669"}],"wp:attachment":[{"href":"https:\/\/www.europesays.com\/pt\/wp-json\/wp\/v2\/media?parent=192668"}],"wp:term":[{"taxonomy":"category","embeddable":true,"href":"https:\/\/www.europesays.com\/pt\/wp-json\/wp\/v2\/categories?post=192668"},{"taxonomy":"post_tag","embeddable":true,"href":"https:\/\/www.europesays.com\/pt\/wp-json\/wp\/v2\/tags?post=192668"}],"curies":[{"name":"wp","href":"https:\/\/api.w.org\/{rel}","templated":true}]}}