{"id":192684,"date":"2025-12-17T23:54:09","date_gmt":"2025-12-17T23:54:09","guid":{"rendered":"https:\/\/www.europesays.com\/pt\/192684\/"},"modified":"2025-12-17T23:54:09","modified_gmt":"2025-12-17T23:54:09","slug":"telma-muda-de-carreira-como-franqueada-da-tratabem","status":"publish","type":"post","link":"https:\/\/www.europesays.com\/pt\/192684\/","title":{"rendered":"Telma muda de carreira como franqueada da TRATABEM"},"content":{"rendered":"<p>Aos 53 anos, Telma Rodrigues, franqueada da <a href=\"https:\/\/franquias.portaldofranchising.com.br\/franquia-trata-igui-bem-servicos\/\" target=\"_blank\" rel=\"noopener nofollow\"><strong>TRATABEM<\/strong><\/a> de Santana \u2013 SP soma 30 anos de carreira no mercado financeiro, trajet\u00f3ria marcada por disciplina, metas rigorosas e alta press\u00e3o.<\/p>\n<p>Ap\u00f3s d\u00e9cadas em um ambiente exigente e momentos de dificuldade, ela passou a buscar mais qualidade de vida e prop\u00f3sito profissional, mesmo diante dos desafios de mudar de \u00e1rea ap\u00f3s os 50 anos, como inseguran\u00e7a financeira e o medo natural do recome\u00e7o.<\/p>\n<p>Ao longo de sua trajet\u00f3ria profissional, a rela\u00e7\u00e3o com piscinas se tornou um ref\u00fagio, uma terapia.<\/p>\n<blockquote>\n<p>\u201cEstar em um ambiente de piscina se tornou um momento de relaxamento e equil\u00edbrio emocional.<\/p>\n<p>Ap\u00f3s dias dif\u00edceis no trabalho, eu limpava a piscina para descansar a mente.<\/p>\n<p>Era o meu momento\u2026 o meu ref\u00fagio\u201d, conta Telma.<\/p>\n<\/blockquote>\n<p>Atualmente, Telma \u00e9 franqueada da TRATABEM de Santana e atende as regi\u00f5es Norte e Oeste de S\u00e3o Paulo.<\/p>\n<p>A marca \u00e9 a \u00a0microfranquia de servi\u00e7os da Rede iGUi \u00e9 especializada em limpeza, manuten\u00e7\u00e3o, assist\u00eancia t\u00e9cnica e tratamento de \u00e1gua para todos os tipos de piscinas.<\/p>\n<p>A TRATABEM integra o ecossistema formado por iGUi, Splash, UNLIMITED e \u00c1gua Azul e nasceu com o objetivo de profissionalizar o cuidado com piscinas, por meio de franqueados treinados e certificados pela pr\u00f3pria rede.<\/p>\n<p>Fundada em 1995, a iGUi \u00e9 hoje a maior produtora de piscinas pr\u00e9-fabricadas do mundo, com presen\u00e7a em cerca de 50 pa\u00edses e mais de 1.220 unidades entre f\u00e1bricas, centros de distribui\u00e7\u00e3o e lojas.<\/p>\n<p>Criada em 2012, a TRATABEM atua com suporte cont\u00ednuo da franqueadora, oferecendo ao franqueado estrutura operacional, capacita\u00e7\u00e3o t\u00e9cnica e um modelo de neg\u00f3cio baseado em servi\u00e7os recorrentes.<\/p>\n<p>\u201cA transi\u00e7\u00e3o do mercado financeiro para o franchising foi uma escolha estrat\u00e9gica. <\/p>\n<p>Pude aplicar minha experi\u00eancia em gest\u00e3o e encontrar um modelo mais seguro para empreender. <\/p>\n<p>Descobri que reinven\u00e7\u00e3o profissional n\u00e3o significa come\u00e7ar do zero, mas usar a maturidade como alavanca\u201d, conta Telma.<\/p>\n<p>\u00a0<\/p>\n<p style=\"text-align: center;\"><a class=\"btn-meet-the-franchise\" style=\"color: #fff; text-decoration: none;\" title=\"QUERO MAIS INFORMA\u00c7\u00d5ES DESTA FRANQUIA!\" href=\"https:\/\/franquias.portaldofranchising.com.br\/franquia-trata-igui-bem-servicos\/\" target=\"_blank\" rel=\"noopener noreferrer nofollow\">QUERO MAIS INFORMA\u00c7\u00d5ES DESTA FRANQUIA!<\/a><\/p>\n<p>\u00a0<\/p>\n<p>Fonte: DFreire Comunica\u00e7\u00e3o e Neg\u00f3cios<\/p>\n","protected":false},"excerpt":{"rendered":"Aos 53 anos, Telma Rodrigues, franqueada da TRATABEM de Santana \u2013 SP soma 30 anos de carreira no&hellip;\n","protected":false},"author":2,"featured_media":192685,"comment_status":"","ping_status":"","sticky":false,"template":"","format":"standard","meta":{"footnotes":""},"categories":[84],"tags":[109,107,108,32,33,105,103,104,106,110],"class_list":{"0":"post-192684","1":"post","2":"type-post","3":"status-publish","4":"format-standard","5":"has-post-thumbnail","7":"category-ciencia-e-tecnologia","8":"tag-ciencia","9":"tag-ciencia-e-tecnologia","10":"tag-cienciaetecnologia","11":"tag-portugal","12":"tag-pt","13":"tag-science","14":"tag-science-and-technology","15":"tag-scienceandtechnology","16":"tag-technology","17":"tag-tecnologia"},"share_on_mastodon":{"url":"https:\/\/pubeurope.com\/@pt\/115737609043370394","error":""},"_links":{"self":[{"href":"https:\/\/www.europesays.com\/pt\/wp-json\/wp\/v2\/posts\/192684","targetHints":{"allow":["GET"]}}],"collection":[{"href":"https:\/\/www.europesays.com\/pt\/wp-json\/wp\/v2\/posts"}],"about":[{"href":"https:\/\/www.europesays.com\/pt\/wp-json\/wp\/v2\/types\/post"}],"author":[{"embeddable":true,"href":"https:\/\/www.europesays.com\/pt\/wp-json\/wp\/v2\/users\/2"}],"replies":[{"embeddable":true,"href":"https:\/\/www.europesays.com\/pt\/wp-json\/wp\/v2\/comments?post=192684"}],"version-history":[{"count":0,"href":"https:\/\/www.europesays.com\/pt\/wp-json\/wp\/v2\/posts\/192684\/revisions"}],"wp:featuredmedia":[{"embeddable":true,"href":"https:\/\/www.europesays.com\/pt\/wp-json\/wp\/v2\/media\/192685"}],"wp:attachment":[{"href":"https:\/\/www.europesays.com\/pt\/wp-json\/wp\/v2\/media?parent=192684"}],"wp:term":[{"taxonomy":"category","embeddable":true,"href":"https:\/\/www.europesays.com\/pt\/wp-json\/wp\/v2\/categories?post=192684"},{"taxonomy":"post_tag","embeddable":true,"href":"https:\/\/www.europesays.com\/pt\/wp-json\/wp\/v2\/tags?post=192684"}],"curies":[{"name":"wp","href":"https:\/\/api.w.org\/{rel}","templated":true}]}}