{"id":192692,"date":"2025-12-18T00:08:22","date_gmt":"2025-12-18T00:08:22","guid":{"rendered":"https:\/\/www.europesays.com\/pt\/192692\/"},"modified":"2025-12-18T00:08:22","modified_gmt":"2025-12-18T00:08:22","slug":"vivo-tem-novo-mecanismo-de-transferencia-de-numero-via-esim","status":"publish","type":"post","link":"https:\/\/www.europesays.com\/pt\/192692\/","title":{"rendered":"Vivo tem novo mecanismo de transfer\u00eancia de n\u00famero via eSIM"},"content":{"rendered":"<p>A <a href=\"https:\/\/www.mobiletime.com.br\/?s=Vivo\" target=\"_blank\" rel=\"noopener nofollow\"><strong>Vivo<\/strong><\/a> (<a href=\"https:\/\/play.google.com\/store\/apps\/details?id=br.com.vivo&amp;hl=pt_BR\" target=\"_blank\" rel=\"noopener nofollow\">Android<\/a>, <a href=\"https:\/\/apps.apple.com\/br\/app\/vivo\/id475915064\" target=\"_blank\" rel=\"noopener nofollow\">iOS<\/a>) passa a contar com um novo mecanismo para a transfer\u00eancia de n\u00famero de celular para <a href=\"https:\/\/www.mobiletime.com.br\/?s=esim\" rel=\"nofollow noopener\" target=\"_blank\"><strong>eSIM<\/strong><\/a> em smartphones Android. Em parceria com o Google, o processo foi simplificado e passa a dispensar o contato com a operadora ou a leitura de QR codes.<\/p>\n<p>Para realizar a mudan\u00e7a, o usu\u00e1rio dever\u00e1 estar conectado a uma rede Wi-Fi. A partir de ent\u00e3o, procurar as configura\u00e7\u00f5es do aparelho e selecionar \u201crede e internet\u201d. Por ali, \u00e9 preciso tocar em \u201cchips e rede m\u00f3vel\u201d, em seguida, \u201c+ baixar novo chip\u201d. Feito isso, ele deve selecionar \u201ctransferir um chip de outro dispositivo\u201d e escolher a op\u00e7\u00e3o \u201cAndroid\u201d. A partir de ent\u00e3o, o passo a passo ser\u00e1 apresentado na tela do smartphone, o qual o cliente deve segui-lo para concluir o processo.<\/p>\n<p>Al\u00e9m da convers\u00e3o para eSIM, a Vivo j\u00e1 trabalha com a transfer\u00eancia de n\u00famero de chip f\u00edsico para eSIM. No entanto, o processo est\u00e1 dispon\u00edvel apenas para aparelhos da Motorola, com Android 14 ou superior.<\/p>\n<p>Ilustra\u00e7\u00e3o produzida por Mobile Time com IA.<\/p>\n<p>\u00a0<\/p>\n<p><strong>*********************************<\/strong><\/p>\n<p class=\"p1\"><strong>Receba gratuitamente a newsletter do Mobile Time e fique bem informado sobre tecnologia m\u00f3vel e neg\u00f3cios. <a href=\"https:\/\/www.mobiletime.com.br\/newsletter\/?swcfpc=1\" target=\"_blank\" rel=\"noopener nofollow\">Cadastre-se aqui!<\/a><\/strong><\/p>\n<p><strong>E siga o canal do Mobile Time no <a href=\"https:\/\/whatsapp.com\/channel\/0029Va9kHLiCXC3KvpP0li2f\" target=\"_blank\" rel=\"noopener nofollow\">WhatsApp!<\/a><\/strong><\/p>\n","protected":false},"excerpt":{"rendered":"A Vivo (Android, iOS) passa a contar com um novo mecanismo para a transfer\u00eancia de n\u00famero de celular&hellip;\n","protected":false},"author":2,"featured_media":192693,"comment_status":"","ping_status":"","sticky":false,"template":"","format":"standard","meta":{"footnotes":""},"categories":[84],"tags":[109,107,108,32,33,105,103,104,106,110],"class_list":{"0":"post-192692","1":"post","2":"type-post","3":"status-publish","4":"format-standard","5":"has-post-thumbnail","7":"category-ciencia-e-tecnologia","8":"tag-ciencia","9":"tag-ciencia-e-tecnologia","10":"tag-cienciaetecnologia","11":"tag-portugal","12":"tag-pt","13":"tag-science","14":"tag-science-and-technology","15":"tag-scienceandtechnology","16":"tag-technology","17":"tag-tecnologia"},"share_on_mastodon":{"url":"https:\/\/pubeurope.com\/@pt\/115737664068893820","error":""},"_links":{"self":[{"href":"https:\/\/www.europesays.com\/pt\/wp-json\/wp\/v2\/posts\/192692","targetHints":{"allow":["GET"]}}],"collection":[{"href":"https:\/\/www.europesays.com\/pt\/wp-json\/wp\/v2\/posts"}],"about":[{"href":"https:\/\/www.europesays.com\/pt\/wp-json\/wp\/v2\/types\/post"}],"author":[{"embeddable":true,"href":"https:\/\/www.europesays.com\/pt\/wp-json\/wp\/v2\/users\/2"}],"replies":[{"embeddable":true,"href":"https:\/\/www.europesays.com\/pt\/wp-json\/wp\/v2\/comments?post=192692"}],"version-history":[{"count":0,"href":"https:\/\/www.europesays.com\/pt\/wp-json\/wp\/v2\/posts\/192692\/revisions"}],"wp:featuredmedia":[{"embeddable":true,"href":"https:\/\/www.europesays.com\/pt\/wp-json\/wp\/v2\/media\/192693"}],"wp:attachment":[{"href":"https:\/\/www.europesays.com\/pt\/wp-json\/wp\/v2\/media?parent=192692"}],"wp:term":[{"taxonomy":"category","embeddable":true,"href":"https:\/\/www.europesays.com\/pt\/wp-json\/wp\/v2\/categories?post=192692"},{"taxonomy":"post_tag","embeddable":true,"href":"https:\/\/www.europesays.com\/pt\/wp-json\/wp\/v2\/tags?post=192692"}],"curies":[{"name":"wp","href":"https:\/\/api.w.org\/{rel}","templated":true}]}}