{"id":192694,"date":"2025-12-18T00:11:07","date_gmt":"2025-12-18T00:11:07","guid":{"rendered":"https:\/\/www.europesays.com\/pt\/192694\/"},"modified":"2025-12-18T00:11:07","modified_gmt":"2025-12-18T00:11:07","slug":"quase-tres-milhoes-de-euros-ganhos-em-cirurgias-adicionais-num-servico-de-dermatologia-de-pai-e-filho","status":"publish","type":"post","link":"https:\/\/www.europesays.com\/pt\/192694\/","title":{"rendered":"Quase tr\u00eas milh\u00f5es de euros ganhos em cirurgias adicionais num servi\u00e7o de dermatologia de pai e filho"},"content":{"rendered":"<p>\t                A IGAS est\u00e1 agora analisar em detalhe, com inspetores e peritos no terreno, a fatura\u00e7\u00e3o &#8211; mas tamb\u00e9m se foram cumpridos todos os crit\u00e9rios legais na produ\u00e7\u00e3o adicional<\/p>\n<p>O servi\u00e7o de dermatologia do hospital Amato Lusitano, em Castelo Branco, s\u00f3 tinha dois especialistas em 2022 e 2023: pai e filho. Atualmente, o filho \u00e9 o \u00fanico m\u00e9dico do servi\u00e7o.<\/p>\n<p>A Inspe\u00e7\u00e3o-Geral das Atividades em Sa\u00fade (IGAS) est\u00e1 a investigar cirurgias realizadas em produ\u00e7\u00e3o adicional por dois dermatologistas, pai e filho, que em 2022 e 2023 trabalhavam no Hospital Amato Lusitano, em Castelo Branco. Eram apenas os dois especialistas do servi\u00e7o. Nesses dois anos, a equipa faturou mais de 1,5 milh\u00f5es de euros.<\/p>\n<p>Desde 2024, Francisco Saraiva Gil, o filho \u00e9 o \u00fanico especialista em dermatologia no hospital. Nesse ano, foi pago ao servi\u00e7o mais de 900 mil euros em cirurgias adicionais.<\/p>\n<p>A IGAS est\u00e1 agora analisar em detalhe, com inspetores e peritos no terreno, a fatura\u00e7\u00e3o, mas tamb\u00e9m se foram cumpridos todos os crit\u00e9rios legais na produ\u00e7\u00e3o adicional.\u00a0<\/p>\n<p>O mecanismo de produ\u00e7\u00e3o adicional foi criado para reduzir listas de espera atrav\u00e9s de atividade m\u00e9dica fora do hor\u00e1rio normal, mas tem sido alvo de cr\u00edticas por alegado uso abusivo. De acordo com o relat\u00f3rio da IGAS, a todas as Unidades Locais de Sa\u00fade, em 70% das mesmas este regime representa mais de 30% da atividade total, sinal de que se tornou pr\u00e1tica sistem\u00e1tica.<\/p>\n<p>Na Unidade Local de Sa\u00fade (ULS) de Castelo Branco, os n\u00fameros s\u00e3o ainda mais expressivos: a produ\u00e7\u00e3o adicional cir\u00fargica representa mais de 50% da atividade total, superando a produ\u00e7\u00e3o regular. Entre 2022 e 2024, foram realizadas 7.364 cirurgias em regime adicional, contra 6.240 em atividade base.<\/p>\n<p>O servi\u00e7o de dermatologia do\u00a0Hospital Amato Lusitano destaca-se pelos montantes faturados: 700 mil euros em 2022, um milh\u00e3o em 2023 e 900 mil euros em 2024, totalizando mais de 2,5 milh\u00f5es de euros em tr\u00eas anos. Parte significativa desse valor foi recebida por dois m\u00e9dicos com rela\u00e7\u00e3o familiar: Francisco Saraiva Gil e Jos\u00e9 Mendes Gil.<\/p>\n<p>O filho, Francisco Saraiva Gil, concluiu a especialidade em 2021 e foi nomeado diretor do servi\u00e7o apenas um ano depois, meses ap\u00f3s o pai se ter reformado. Esta sucess\u00e3o r\u00e1pida levanta d\u00favidas sobre crit\u00e9rios de nomea\u00e7\u00e3o e gest\u00e3o interna, mas \u00e0 TVI\/CNN Portugal a ULS Castelo Branco diz que: \u201cOs m\u00e9dicos da especialidade de Dermatologia em atividade nos anos de 2022 e 2023 exerceram a sua atividade subordinada ao regime de contrata\u00e7\u00e3o aplic\u00e1vel nos termos da legisla\u00e7\u00e3o em vigor.\u201d<\/p>\n<p>Entre as perguntas sem resposta est\u00e3o tamb\u00e9m a distin\u00e7\u00e3o entre pequena cirurgia e cirurgias de ambulat\u00f3rio, bem como as medidas adotadas para garantir transpar\u00eancia na aplica\u00e7\u00e3o do regime.<\/p>\n<p>A ULS de Castelo Branco confirmou \u00c0 TVI\/ CNN Portugal que a IGAS est\u00e1 a investigar e, por isso, n\u00e3o v\u00e3o responder at\u00e9 \u00e0 conclus\u00e3o da auditoria.<\/p>\n<p>O caso soma-se a outras situa\u00e7\u00f5es j\u00e1 detetadas no SNS e noticiadas pelo Exclusivo, como <a href=\"https:\/\/cnnportugal.iol.pt\/dermatologista\/hospital-de-santa-maria\/exclusivo-esta-foi-a-rede-de-cumplicidades-que-permitiu-um-dermatologista-receber-407-mil-euros-em-dez-dias-de-trabalho\/20250528\/683781d6d34ef72ee4468fd4\" target=\"_blank\" rel=\"nofollow noopener\">o caso de um dermatologist<\/a>a que faturou irregularmente 400 mil euros em apenas dez s\u00e1bados no maior hospital do pa\u00eds.\u00a0<\/p>\n<p>Milh\u00f5es de euros faturados, um servi\u00e7o entregue a uma \u00fanica fam\u00edlia e v\u00e1rias d\u00favidas por esclarecer. A auditoria poder\u00e1 determinar se houve viola\u00e7\u00e3o das regras do Servi\u00e7o Nacional de Sa\u00fade (SNS) ou se se tratou apenas de uma utiliza\u00e7\u00e3o intensiva de um mecanismo legal, mas controverso.<\/p>\n","protected":false},"excerpt":{"rendered":"A IGAS est\u00e1 agora analisar em detalhe, com inspetores e peritos no terreno, a fatura\u00e7\u00e3o &#8211; mas tamb\u00e9m&hellip;\n","protected":false},"author":2,"featured_media":192695,"comment_status":"","ping_status":"","sticky":false,"template":"","format":"standard","meta":{"footnotes":"","_share_on_mastodon":"0"},"categories":[10],"tags":[609,38698,2642,611,27,28,2947,2920,607,608,2646,2641,4805,38699,2644,610,2645,2643,981,15,16,14,2648,21863,25,26,570,21,22,2647,12,13,19,20,38700,32,23,24,33,117,1030,216,2649,17,18,29,30,31,2640],"class_list":["post-192694","post","type-post","status-publish","format-standard","has-post-thumbnail","category-portugal","tag-alerta","tag-amato-lusitano","tag-amor","tag-ao-minuto","tag-breaking-news","tag-breakingnews","tag-castelo-branco","tag-cirurgias-adicionais","tag-cnn","tag-cnn-portugal","tag-conselhos","tag-covid-19","tag-dermatologia","tag-dermatologistas","tag-dicas","tag-direto","tag-especialistas","tag-estudos","tag-familia","tag-featured-news","tag-featurednews","tag-headlines","tag-hospitais","tag-igas","tag-latest-news","tag-latestnews","tag-live","tag-main-news","tag-mainnews","tag-medicos","tag-news","tag-noticias","tag-noticias-principais","tag-noticiasprincipais","tag-pai-e-filho","tag-portugal","tag-principais-noticias","tag-principaisnoticias","tag-pt","tag-saude","tag-saude-mental","tag-sexo","tag-sns","tag-top-stories","tag-topstories","tag-ultimas","tag-ultimas-noticias","tag-ultimasnoticias","tag-vida-saudavel"],"share_on_mastodon":{"url":"","error":"Validation failed: Text character limit of 500 exceeded"},"_links":{"self":[{"href":"https:\/\/www.europesays.com\/pt\/wp-json\/wp\/v2\/posts\/192694","targetHints":{"allow":["GET"]}}],"collection":[{"href":"https:\/\/www.europesays.com\/pt\/wp-json\/wp\/v2\/posts"}],"about":[{"href":"https:\/\/www.europesays.com\/pt\/wp-json\/wp\/v2\/types\/post"}],"author":[{"embeddable":true,"href":"https:\/\/www.europesays.com\/pt\/wp-json\/wp\/v2\/users\/2"}],"replies":[{"embeddable":true,"href":"https:\/\/www.europesays.com\/pt\/wp-json\/wp\/v2\/comments?post=192694"}],"version-history":[{"count":0,"href":"https:\/\/www.europesays.com\/pt\/wp-json\/wp\/v2\/posts\/192694\/revisions"}],"wp:featuredmedia":[{"embeddable":true,"href":"https:\/\/www.europesays.com\/pt\/wp-json\/wp\/v2\/media\/192695"}],"wp:attachment":[{"href":"https:\/\/www.europesays.com\/pt\/wp-json\/wp\/v2\/media?parent=192694"}],"wp:term":[{"taxonomy":"category","embeddable":true,"href":"https:\/\/www.europesays.com\/pt\/wp-json\/wp\/v2\/categories?post=192694"},{"taxonomy":"post_tag","embeddable":true,"href":"https:\/\/www.europesays.com\/pt\/wp-json\/wp\/v2\/tags?post=192694"}],"curies":[{"name":"wp","href":"https:\/\/api.w.org\/{rel}","templated":true}]}}