{"id":192698,"date":"2025-12-18T00:16:18","date_gmt":"2025-12-18T00:16:18","guid":{"rendered":"https:\/\/www.europesays.com\/pt\/192698\/"},"modified":"2025-12-18T00:16:18","modified_gmt":"2025-12-18T00:16:18","slug":"quinta-na-tv-a-ponte-o-pianista-e-o-lepidopterologista-televisao","status":"publish","type":"post","link":"https:\/\/www.europesays.com\/pt\/192698\/","title":{"rendered":"Quinta na TV: a ponte, o pianista e o lepidopterologista | Televis\u00e3o"},"content":{"rendered":"<p>CINEMA<\/p>\n<p dir=\"ltr\"><strong><a href=\"https:\/\/cinecartaz.publico.pt\/Filme\/327879_para-alem-das-cinzas\" rel=\"nofollow noopener\" target=\"_blank\">Para Al\u00e9m das Cinzas<\/a><\/strong><br \/><strong>Nos Studios, 21h15<\/strong><\/p>\n<p dir=\"ltr\">Quando Russell acaba preso devido a um acidente de carro que resulta na morte de uma crian\u00e7a, o seu irm\u00e3o, Rodney, deixa-se seduzir pelas palavras do l\u00edder de um dos mais perigosos gangues da zona. Uma vez em liberdade, Russell tenta afast\u00e1-lo dessa influ\u00eancia. \u00c9 ent\u00e3o que Rodney desaparece sem explica\u00e7\u00e3o. Um thriller dram\u00e1tico de Scott Cooper, com Christian Bale, Casey Affleck, Zoe Saldana, Sam Shepard, Willem Dafoe, Forest Whitaker e Woody Harrelson.<\/p>\n<p dir=\"ltr\"><strong><a href=\"https:\/\/cinecartaz.publico.pt\/filme\/mataram-pianista-411697\" rel=\"nofollow noopener\" target=\"_blank\">Mataram o Pianista<\/a><br \/>RTP2, 23h09<\/strong><\/p>\n<p dir=\"ltr\">Com realiza\u00e7\u00e3o de Fernando Trueba e de Javier Mariscal \u2013 que j\u00e1 tinham feito dupla na realiza\u00e7\u00e3o de Chico e Rita \u2014, este filme de anima\u00e7\u00e3o de 2024 segue Jeff Harris, um jornalista musical nova-iorquino, que decide investigar o desaparecimento do pianista brasileiro Ten\u00f3rio Cerqueira J\u00fanior. Um dos grandes nomes do samba-jazz, Ten\u00f3rio foi visto pela \u00faltima vez em Buenos Aires (Argentina), numa digress\u00e3o musical com Vinicius de Moraes e Toquinho, alguns dias antes do golpe militar que aconteceria a 24 de Mar\u00e7o de 1976. Com as vozes de Jeff Goldblum, Abel Ayala, Roberta Wallach e Tony Ramos.<\/p>\n<p dir=\"ltr\"><strong><a href=\"https:\/\/cinecartaz.publico.pt\/filme\/dogman-411295\" rel=\"nofollow noopener\" target=\"_blank\">Dogman<\/a><\/strong><br \/><strong>AMC, 00h<\/strong><\/p>\n<p dir=\"ltr\">Filme de Luc Besson com banda sonora de \u00c9ric Serra e com Caleb Landry Jones na pele de um criminoso implac\u00e1vel que criou uma rela\u00e7\u00e3o de enorme proximidade com os c\u00e3es.<\/p>\n<p dir=\"ltr\"><strong><a href=\"https:\/\/cinecartaz.publico.pt\/filme\/72-horas-273063\" rel=\"nofollow noopener\" target=\"_blank\">72 Horas<\/a><\/strong><br \/><strong>AXN, 00h50<\/strong><\/p>\n<p dir=\"ltr\">Ac\u00e7\u00e3o dram\u00e1tica por Paul Haggis, num remake do filme franc\u00eas Pour Elle (2008), de Fred Cavay\u00e9. John (Russell Crowe), Lara Brennan (Elizabeth Banks) e o pequeno filho de ambos t\u00eam a perfeita vida familiar. At\u00e9 que, numa manh\u00e3 como tantas outras, a pol\u00edcia entra de rompante na sua casa e det\u00e9m Lara, acusada do assass\u00ednio do seu chefe. As provas s\u00e3o demasiado evidentes e, apesar de a mulher declarar a sua inoc\u00eancia, o tribunal delibera o veredicto de culpada. Durante tr\u00eas anos, John faz de tudo para conseguir a sua mulher de volta. Mas, quando a \u00faltima hip\u00f3tese de recurso \u00e9 negada, a esperan\u00e7a morre. E Lara, n\u00e3o aguentando a press\u00e3o do c\u00e1rcere e o afastamento do filho, tenta o suic\u00eddio. \u00c9 ent\u00e3o que John decide tir\u00e1-la da pris\u00e3o, custe o que custar.<\/p>\n<p>        &#13;<\/p>\n<p>&#13;<br \/>\n                &#13;\n            <\/p>\n<p>&#13;<\/p>\n<p>S\u00c9RIES<\/p>\n<p dir=\"ltr\"><strong>Human Specimens<\/strong><br \/><strong>Prime Video, streaming<\/strong><\/p>\n<p dir=\"ltr\">Em estreia, um thriller psicol\u00f3gico nip\u00f3nico em torno do professor Shir\u00f4 Sakaki (Hidetoshi Nishijima, de Drive My Car), um lepidopter\u00f3logo \u2014 especialista no estudo de borboletas \u2014 que resolve usar seis rapazes como cobaias de experi\u00eancias, sendo um deles o pr\u00f3prio filho. A miniss\u00e9rie \u00e9 uma adapta\u00e7\u00e3o de um romance da escritora japonesa Kanae Minato, conhecida pelo tom negro, misterioso e por vezes perturbador da sua pena. \u00c9 tamb\u00e9m dela a hist\u00f3ria-base de Confessions, o aclamado filme de 2010 que foi escolhido para representar o Jap\u00e3o na 83.\u00aa edi\u00e7\u00e3o dos \u00d3scares. Human Specimens, uma hist\u00f3ria que vasculha nos limites da obsess\u00e3o humana, \u00e9 contada em cinco epis\u00f3dios. A realiza\u00e7\u00e3o est\u00e1 entregue a Ry\u00fbichi Hiroki.<\/p>\n<p dir=\"ltr\"><strong>Bron: A Ponte<\/strong><br \/><strong>AMC Selekt, streaming<\/strong><\/p>\n<p dir=\"ltr\">Premiada e muito elogiada pela cr\u00edtica, esta s\u00e9rie criminal n\u00f3rdica desenrola-se entre a Dinamarca e Su\u00e9cia \u2013 literalmente, j\u00e1 que o cen\u00e1rio central \u00e9 a ponte de \u00d8resund, que liga as cidades de Copenhaga e Malm\u00f6, e o que desencadeia a investiga\u00e7\u00e3o \u00e9 o surgimento de um cad\u00e1ver exactamente na fronteira das jurisdi\u00e7\u00f5es. As autoridades de ambos os pa\u00edses mobilizam-se para este caso, a que se seguir\u00e3o outros ao longo de quatro temporadas. \u00c9 uma cria\u00e7\u00e3o de Hans Rosenfeldt, originalmente emitida entre 2011 e 2018.<\/p>\n<p dir=\"ltr\"><strong>Emily in Paris<\/strong><br \/><strong>Netflix, streaming<\/strong><\/p>\n<p dir=\"ltr\">Regressa para a quinta fornada de epis\u00f3dios a s\u00e9rie criada por Darren Starr (c\u00e9lebre por Sexo e a Cidade) em que Lily Collins (filha de Phil) encarna uma norte-americana que de Chicago ruma a Paris para o seu emprego de sonho. Nos novos epis\u00f3dios, Roma e Veneza est\u00e3o no caminho dos seus desafios profissionais e amorosos.<\/p>\n<p>DESPORTO<\/p>\n<p dir=\"ltr\"><strong>Futebol: Porto x Famalic\u00e3o<\/strong><br \/><strong>RTP1, 20h40<\/strong><\/p>\n<p dir=\"ltr\">Liga\u00e7\u00e3o directa ao Est\u00e1dio do Drag\u00e3o, a recep\u00e7\u00e3o do Porto ao Famalic\u00e3o, nos oitavos-de-final da <a href=\"https:\/\/www.publico.pt\/taca-de-portugal\" rel=\"nofollow noopener\" target=\"_blank\">Ta\u00e7a de Portugal<\/a>. A \u00faltima vez que se encontraram foi num jogo a contar para o campeonato, em que os famalicenses perderam em casa para os \u201cdrag\u00f5es\u201d por uma bola a zero.<\/p>\n<p>        &#13;<\/p>\n<p>&#13;<br \/>\n                &#13;\n            <\/p>\n<p>&#13;<\/p>\n","protected":false},"excerpt":{"rendered":"CINEMA Para Al\u00e9m das CinzasNos Studios, 21h15 Quando Russell acaba preso devido a um acidente de carro que&hellip;\n","protected":false},"author":2,"featured_media":192699,"comment_status":"","ping_status":"","sticky":false,"template":"","format":"standard","meta":{"footnotes":""},"categories":[142],"tags":[470,1413,1414,114,115,524,294,32,33,291,941,940,218,151],"class_list":{"0":"post-192698","1":"post","2":"type-post","3":"status-publish","4":"format-standard","5":"has-post-thumbnail","7":"category-tv","8":"tag-cinema","9":"tag-cultura-ipsilon","10":"tag-documentario","11":"tag-entertainment","12":"tag-entretenimento","13":"tag-futebol","14":"tag-lazer","15":"tag-portugal","16":"tag-pt","17":"tag-relaxar","18":"tag-series","19":"tag-streaming","20":"tag-televisao","21":"tag-tv"},"share_on_mastodon":{"url":"https:\/\/pubeurope.com\/@pt\/115737695600050612","error":""},"_links":{"self":[{"href":"https:\/\/www.europesays.com\/pt\/wp-json\/wp\/v2\/posts\/192698","targetHints":{"allow":["GET"]}}],"collection":[{"href":"https:\/\/www.europesays.com\/pt\/wp-json\/wp\/v2\/posts"}],"about":[{"href":"https:\/\/www.europesays.com\/pt\/wp-json\/wp\/v2\/types\/post"}],"author":[{"embeddable":true,"href":"https:\/\/www.europesays.com\/pt\/wp-json\/wp\/v2\/users\/2"}],"replies":[{"embeddable":true,"href":"https:\/\/www.europesays.com\/pt\/wp-json\/wp\/v2\/comments?post=192698"}],"version-history":[{"count":0,"href":"https:\/\/www.europesays.com\/pt\/wp-json\/wp\/v2\/posts\/192698\/revisions"}],"wp:featuredmedia":[{"embeddable":true,"href":"https:\/\/www.europesays.com\/pt\/wp-json\/wp\/v2\/media\/192699"}],"wp:attachment":[{"href":"https:\/\/www.europesays.com\/pt\/wp-json\/wp\/v2\/media?parent=192698"}],"wp:term":[{"taxonomy":"category","embeddable":true,"href":"https:\/\/www.europesays.com\/pt\/wp-json\/wp\/v2\/categories?post=192698"},{"taxonomy":"post_tag","embeddable":true,"href":"https:\/\/www.europesays.com\/pt\/wp-json\/wp\/v2\/tags?post=192698"}],"curies":[{"name":"wp","href":"https:\/\/api.w.org\/{rel}","templated":true}]}}