{"id":192713,"date":"2025-12-18T00:30:19","date_gmt":"2025-12-18T00:30:19","guid":{"rendered":"https:\/\/www.europesays.com\/pt\/192713\/"},"modified":"2025-12-18T00:30:19","modified_gmt":"2025-12-18T00:30:19","slug":"porque-e-que-disse-palhacada","status":"publish","type":"post","link":"https:\/\/www.europesays.com\/pt\/192713\/","title":{"rendered":"Porque \u00e9 que disse &#8216;palha\u00e7ada&#8217;?"},"content":{"rendered":"<p>\t\t\t\t\t\t\t\t\t\t\t\t\t\tNa noite desta quarta-feira, 17 de dezembro, Cristina Ferreira conduziu mais uma emiss\u00e3o \u201cEspecial\u201d da \u201cCasa dos Segredos 9\u201d.<\/p>\n<p>Os concorrentes foram confrontados com a discuss\u00e3o entre Liliana e F\u00e1bio, que marcou o tema do dia na casa.<\/p>\n<p>Nas imagens, Marisa surgiu a consolar F\u00e1bio \u2013 que estava em prantos na casa de banho \u2013 e Cristina Ferreira n\u00e3o perdeu oportunidade de provocar Pedro Jorge.<\/p>\n<p>A apresentadora confrontou: <strong>\u201cOh Pedro teve algum desconforto quando viu o abra\u00e7o da Marisa ao F\u00e1bio?\u201d\u00a0<\/strong>\u2013 e Pedro Jorge atirou: <strong>\u201cEla \u00e9 uma jogadora individual. Passa-me ao lado\u201d<\/strong>.<\/p>\n<p>Sem rodeios, Cristina Ferreira atirou: <strong>\u201cEnt\u00e3o porque \u00e9 que disse que era uma palha\u00e7ada?\u201d<\/strong> \u2013 e o concorrente defendeu-se: <strong>\u201cEu n\u00e3o disse nada disso, eu acho que n\u00e3o falei\u201d<\/strong> \u2013 mas a apresentadora insistiu: <strong>\u201cQuando estava a ver as imagens, disse\u201d.<\/strong><\/p>\n<p>Pedro Jorge esclareceu, ent\u00e3o: <strong>\u201cN\u00e3o me referi \u00e0 parte do abra\u00e7o, \u00e9 em rela\u00e7\u00e3o \u00e0 discuss\u00e3o da Liliana, ela faz isto para criar \u00eanfase. Ela nem queria discutir e fez isto de prop\u00f3sito para aparecer\u201d<\/strong>.<\/p>\n<p><a href=\"https:\/\/tvi.iol.pt\/secretstory\/videos\/cristina-ferreira-faz-pergunta-mordaz-a-pedro-ficou-desconfortavel-porque-e-que-disse\/694327680cf229bd2f8d6b96\" rel=\"nofollow noopener\" target=\"_blank\">Veja o momento aqui.<\/a><\/p>\n","protected":false},"excerpt":{"rendered":"Na noite desta quarta-feira, 17 de dezembro, Cristina Ferreira conduziu mais uma emiss\u00e3o \u201cEspecial\u201d da \u201cCasa dos Segredos&hellip;\n","protected":false},"author":2,"featured_media":192714,"comment_status":"","ping_status":"","sticky":false,"template":"","format":"standard","meta":{"footnotes":""},"categories":[142],"tags":[2632,166,1661,114,115,13147,21416,32,33,151],"class_list":{"0":"post-192713","1":"post","2":"type-post","3":"status-publish","4":"format-standard","5":"has-post-thumbnail","7":"category-tv","8":"tag-casa-dos-segredos","9":"tag-cristina-ferreira","10":"tag-destaque","11":"tag-entertainment","12":"tag-entretenimento","13":"tag-especial","14":"tag-pedro-jorge","15":"tag-portugal","16":"tag-pt","17":"tag-tv"},"share_on_mastodon":{"url":"https:\/\/pubeurope.com\/@pt\/115737750614175346","error":""},"_links":{"self":[{"href":"https:\/\/www.europesays.com\/pt\/wp-json\/wp\/v2\/posts\/192713","targetHints":{"allow":["GET"]}}],"collection":[{"href":"https:\/\/www.europesays.com\/pt\/wp-json\/wp\/v2\/posts"}],"about":[{"href":"https:\/\/www.europesays.com\/pt\/wp-json\/wp\/v2\/types\/post"}],"author":[{"embeddable":true,"href":"https:\/\/www.europesays.com\/pt\/wp-json\/wp\/v2\/users\/2"}],"replies":[{"embeddable":true,"href":"https:\/\/www.europesays.com\/pt\/wp-json\/wp\/v2\/comments?post=192713"}],"version-history":[{"count":0,"href":"https:\/\/www.europesays.com\/pt\/wp-json\/wp\/v2\/posts\/192713\/revisions"}],"wp:featuredmedia":[{"embeddable":true,"href":"https:\/\/www.europesays.com\/pt\/wp-json\/wp\/v2\/media\/192714"}],"wp:attachment":[{"href":"https:\/\/www.europesays.com\/pt\/wp-json\/wp\/v2\/media?parent=192713"}],"wp:term":[{"taxonomy":"category","embeddable":true,"href":"https:\/\/www.europesays.com\/pt\/wp-json\/wp\/v2\/categories?post=192713"},{"taxonomy":"post_tag","embeddable":true,"href":"https:\/\/www.europesays.com\/pt\/wp-json\/wp\/v2\/tags?post=192713"}],"curies":[{"name":"wp","href":"https:\/\/api.w.org\/{rel}","templated":true}]}}