{"id":192717,"date":"2025-12-18T00:34:09","date_gmt":"2025-12-18T00:34:09","guid":{"rendered":"https:\/\/www.europesays.com\/pt\/192717\/"},"modified":"2025-12-18T00:34:09","modified_gmt":"2025-12-18T00:34:09","slug":"oms-reconhece-fim-da-transmissao-do-hiv-de-mae-para-filho-no-brasil-senado-noticias","status":"publish","type":"post","link":"https:\/\/www.europesays.com\/pt\/192717\/","title":{"rendered":"OMS reconhece fim da transmiss\u00e3o do HIV de m\u00e3e para filho no Brasil \u2014 Senado Not\u00edcias"},"content":{"rendered":"<p>Em pronunciamento no Plen\u00e1rio nesta quarta-feira (17), a senadora Zenaide Maia (PSD-RN) destacou o reconhecimento, feito pela Organiza\u00e7\u00e3o Mundial da Sa\u00fade (OMS), do fim da transmiss\u00e3o do HIV de m\u00e3e para filho no Brasil. Ela atribuiu o resultado ao fortalecimento do Sistema \u00danico de Sa\u00fade (SUS), especialmente na aten\u00e7\u00e3o b\u00e1sica, e afirmou que as pol\u00edticas p\u00fablicas s\u00e3o fundamentais para a prote\u00e7\u00e3o da sa\u00fade coletiva.<\/p>\n<p>\u2014 A ci\u00eancia j\u00e1 demonstrou que o risco de transmiss\u00e3o pode ser reduzido a n\u00edveis pr\u00f3ximos do zero com o pr\u00e9-natal regular, a testagem precoce na m\u00e3e, o uso correto da terapia antirretroviral, o parto assistido com seguran\u00e7a e o acompanhamento do rec\u00e9m-nascido. O reconhecimento da Organiza\u00e7\u00e3o Mundial da Sa\u00fade \u00e9 a prova de que investir no Sistema \u00danico de Sa\u00fade salva vidas, protege as m\u00e3es e garante um futuro mais justo para as nossas crian\u00e7as \u2014 disse.<\/p>\n<p>No mesmo discurso, a senadora ressaltou a import\u00e2ncia da <a href=\"https:\/\/normas.leg.br\/?urn=urn:lex:br:federal:lei.complementar:2000-05-04;101\" rel=\"noopener nofollow\" target=\"_blank\">Lei de Responsabilidade Fiscal<\/a> fez um alerta: tanto o Executivo quanto o Legislativo precisam atuar com disciplina or\u00e7ament\u00e1ria. Ela afirmou que ren\u00fancias fiscais aprovadas pelo Congresso Nacional reduzem recursos destinados a \u00e1reas essenciais.<\/p>\n<p>\u2014 Quando o Congresso se re\u00fane para promover ren\u00fancias fiscais bilion\u00e1rias para bancos e grandes empres\u00e1rios, n\u00f3s estamos, sim, levando as pessoas \u00e0 morte, porque esses impostos s\u00e3o cobrados para custear os gastos prim\u00e1rios, que s\u00e3o destinados a sa\u00fade, educa\u00e7\u00e3o e seguran\u00e7a p\u00fablica. N\u00f3s aprovamos leis importantes em defesa das mulheres, como o diagn\u00f3stico precoce e os 30 dias para tratar o c\u00e2ncer, mas, se n\u00e3o colocarmos a sa\u00fade, a educa\u00e7\u00e3o, a seguran\u00e7a p\u00fablica e a assist\u00eancia social no Or\u00e7amento deste pa\u00eds, n\u00f3s vamos enxugar gelo.<\/p>\n<p class=\"text-muted\">Ag\u00eancia Senado (Reprodu\u00e7\u00e3o autorizada mediante cita\u00e7\u00e3o da Ag\u00eancia Senado)<\/p>\n","protected":false},"excerpt":{"rendered":"Em pronunciamento no Plen\u00e1rio nesta quarta-feira (17), a senadora Zenaide Maia (PSD-RN) destacou o reconhecimento, feito pela Organiza\u00e7\u00e3o&hellip;\n","protected":false},"author":2,"featured_media":192718,"comment_status":"","ping_status":"","sticky":false,"template":"","format":"standard","meta":{"footnotes":""},"categories":[86],"tags":[30314,116,38701,38702,32,33,117,21424],"class_list":{"0":"post-192717","1":"post","2":"type-post","3":"status-publish","4":"format-standard","5":"has-post-thumbnail","7":"category-saude","8":"tag-bancos","9":"tag-health","10":"tag-lei-de-responsabilidade-fiscal","11":"tag-organizacao-mundial-da-saude-oms","12":"tag-portugal","13":"tag-pt","14":"tag-saude","15":"tag-sistema-unico-de-saude-sus"},"share_on_mastodon":{"url":"https:\/\/pubeurope.com\/@pt\/115737766467593454","error":""},"_links":{"self":[{"href":"https:\/\/www.europesays.com\/pt\/wp-json\/wp\/v2\/posts\/192717","targetHints":{"allow":["GET"]}}],"collection":[{"href":"https:\/\/www.europesays.com\/pt\/wp-json\/wp\/v2\/posts"}],"about":[{"href":"https:\/\/www.europesays.com\/pt\/wp-json\/wp\/v2\/types\/post"}],"author":[{"embeddable":true,"href":"https:\/\/www.europesays.com\/pt\/wp-json\/wp\/v2\/users\/2"}],"replies":[{"embeddable":true,"href":"https:\/\/www.europesays.com\/pt\/wp-json\/wp\/v2\/comments?post=192717"}],"version-history":[{"count":0,"href":"https:\/\/www.europesays.com\/pt\/wp-json\/wp\/v2\/posts\/192717\/revisions"}],"wp:featuredmedia":[{"embeddable":true,"href":"https:\/\/www.europesays.com\/pt\/wp-json\/wp\/v2\/media\/192718"}],"wp:attachment":[{"href":"https:\/\/www.europesays.com\/pt\/wp-json\/wp\/v2\/media?parent=192717"}],"wp:term":[{"taxonomy":"category","embeddable":true,"href":"https:\/\/www.europesays.com\/pt\/wp-json\/wp\/v2\/categories?post=192717"},{"taxonomy":"post_tag","embeddable":true,"href":"https:\/\/www.europesays.com\/pt\/wp-json\/wp\/v2\/tags?post=192717"}],"curies":[{"name":"wp","href":"https:\/\/api.w.org\/{rel}","templated":true}]}}