{"id":192722,"date":"2025-12-18T00:39:29","date_gmt":"2025-12-18T00:39:29","guid":{"rendered":"https:\/\/www.europesays.com\/pt\/192722\/"},"modified":"2025-12-18T00:39:29","modified_gmt":"2025-12-18T00:39:29","slug":"lisboa-tres-detidos-e-armas-apreendidas-em-operacao-da-psp-observador","status":"publish","type":"post","link":"https:\/\/www.europesays.com\/pt\/192722\/","title":{"rendered":"Lisboa. Tr\u00eas detidos e armas apreendidas em opera\u00e7\u00e3o da PSP \u2013 Observador"},"content":{"rendered":"<p>A PSP realizou esta quarta-feira uma Opera\u00e7\u00e3o Especial de Preven\u00e7\u00e3o Criminal com o objetivo de apreender armas proibidas, que resultou na deten\u00e7\u00e3o de tr\u00eas pessoas e na apreens\u00e3o de v\u00e1rias armas.<\/p>\n<p>De acordo com a comiss\u00e1ria Carina Alves, da PSP, que falou aos jornalistas por volta das 9h30, quando a opera\u00e7\u00e3o j\u00e1 tinha terminado, os trabalhos policiais come\u00e7aram pelas pelas 7h da manh\u00e3 desta quarta-feira nas freguesias de Olivais e Marvila.<\/p>\n<p>Foram detidas tr\u00eas pessoas, de nacionalidade portuguesa, por posse arma de fogo na sequ\u00eancia das buscas, realizadas na sequ\u00eancia de doze mandados de busca domicili\u00e1ria. Carina Alves destacou que foram apreendidas quatro ca\u00e7adeiras, uma pistola de 6.35mm, 37 cartuchos de calibre 12, 22 muni\u00e7\u00f5es de calibre 6.35 e v\u00e1rias outras armas proibidas.<\/p>\n<p>Segundo a respons\u00e1vel, os suspeitos que foram detidos j\u00e1 vinham sendo investigados pela PSP por terem usado armas de fogo para \u201ca pr\u00e1tica de diversos il\u00edcitos\u201d.<\/p>\n<p>A opera\u00e7\u00e3o envolveu mais de 90 agentes da PSP e representou o culminar de uma investiga\u00e7\u00e3o que j\u00e1 se prolongava desde o in\u00edcio do ano. \u201cTem-se verificado uma grande apreens\u00e3o de armas\u201d, afirmou ainda Carina Alves. Os tr\u00eas suspeitos v\u00e3o agora ser presentes a um primeiro interrogat\u00f3rio para que lhes sejam aplicadas medidas de coa\u00e7\u00e3o.<\/p>\n","protected":false},"excerpt":{"rendered":"A PSP realizou esta quarta-feira uma Opera\u00e7\u00e3o Especial de Preven\u00e7\u00e3o Criminal com o objetivo de apreender armas proibidas,&hellip;\n","protected":false},"author":2,"featured_media":192723,"comment_status":"","ping_status":"","sticky":false,"template":"","format":"standard","meta":{"footnotes":""},"categories":[10],"tags":[27,28,15,16,14,25,26,797,21,22,12,13,19,20,57,2003,32,23,24,1306,33,2004,58,17,18,29,30,31],"class_list":{"0":"post-192722","1":"post","2":"type-post","3":"status-publish","4":"format-standard","5":"has-post-thumbnail","7":"category-portugal","8":"tag-breaking-news","9":"tag-breakingnews","10":"tag-featured-news","11":"tag-featurednews","12":"tag-headlines","13":"tag-latest-news","14":"tag-latestnews","15":"tag-lisboa","16":"tag-main-news","17":"tag-mainnews","18":"tag-news","19":"tag-noticias","20":"tag-noticias-principais","21":"tag-noticiasprincipais","22":"tag-pau00eds","23":"tag-polu00edcia","24":"tag-portugal","25":"tag-principais-noticias","26":"tag-principaisnoticias","27":"tag-psp","28":"tag-pt","29":"tag-seguranu00e7a","30":"tag-sociedade","31":"tag-top-stories","32":"tag-topstories","33":"tag-ultimas","34":"tag-ultimas-noticias","35":"tag-ultimasnoticias"},"share_on_mastodon":{"url":"https:\/\/pubeurope.com\/@pt\/115737785962394156","error":""},"_links":{"self":[{"href":"https:\/\/www.europesays.com\/pt\/wp-json\/wp\/v2\/posts\/192722","targetHints":{"allow":["GET"]}}],"collection":[{"href":"https:\/\/www.europesays.com\/pt\/wp-json\/wp\/v2\/posts"}],"about":[{"href":"https:\/\/www.europesays.com\/pt\/wp-json\/wp\/v2\/types\/post"}],"author":[{"embeddable":true,"href":"https:\/\/www.europesays.com\/pt\/wp-json\/wp\/v2\/users\/2"}],"replies":[{"embeddable":true,"href":"https:\/\/www.europesays.com\/pt\/wp-json\/wp\/v2\/comments?post=192722"}],"version-history":[{"count":0,"href":"https:\/\/www.europesays.com\/pt\/wp-json\/wp\/v2\/posts\/192722\/revisions"}],"wp:featuredmedia":[{"embeddable":true,"href":"https:\/\/www.europesays.com\/pt\/wp-json\/wp\/v2\/media\/192723"}],"wp:attachment":[{"href":"https:\/\/www.europesays.com\/pt\/wp-json\/wp\/v2\/media?parent=192722"}],"wp:term":[{"taxonomy":"category","embeddable":true,"href":"https:\/\/www.europesays.com\/pt\/wp-json\/wp\/v2\/categories?post=192722"},{"taxonomy":"post_tag","embeddable":true,"href":"https:\/\/www.europesays.com\/pt\/wp-json\/wp\/v2\/tags?post=192722"}],"curies":[{"name":"wp","href":"https:\/\/api.w.org\/{rel}","templated":true}]}}